{"id":3415,"date":"2019-06-30T09:03:18","date_gmt":"2019-06-30T09:03:18","guid":{"rendered":"http:\/\/rafalk-elblag.pl\/?p=3415"},"modified":"2019-06-30T09:03:18","modified_gmt":"2019-06-30T09:03:18","slug":"intencje-mszalne-xiii-tydzien-zwykly-1-7-07-2019","status":"publish","type":"post","link":"https:\/\/rafalk-elblag.pl\/?p=3415","title":{"rendered":"INTENCJE MSZALNE \u2013 XIII TYDZIE\u0143 ZWYK\u0141Y (1-7.07. 2019)"},"content":{"rendered":"<p><a href=\"http:\/\/rafalk-elblag.pl\/wp-content\/uploads\/2016\/12\/shutterstock_49643152-1000.jpg\"><img loading=\"lazy\" decoding=\"async\" class=\"alignnone size-full wp-image-2526\" src=\"http:\/\/rafalk-elblag.pl\/wp-content\/uploads\/2016\/12\/shutterstock_49643152-1000.jpg\" alt=\"\" width=\"1000\" height=\"665\" srcset=\"https:\/\/rafalk-elblag.pl\/wp-content\/uploads\/2016\/12\/shutterstock_49643152-1000.jpg 1000w, https:\/\/rafalk-elblag.pl\/wp-content\/uploads\/2016\/12\/shutterstock_49643152-1000-300x200.jpg 300w, https:\/\/rafalk-elblag.pl\/wp-content\/uploads\/2016\/12\/shutterstock_49643152-1000-768x511.jpg 768w\" sizes=\"auto, (max-width: 1000px) 100vw, 1000px\" \/><\/a><\/p>\n<p>&nbsp;<\/p>\n<p>&nbsp;<\/p>\n<p><span style=\"color: #008000;\"><strong>1 lipca PONIEDZIA\u0141EK Mt 8, 18-22<\/strong><\/span><br \/>\n8:00 \u015ap. Feliksa Wilczy\u0144ska (30 dz.p.p.)<\/p>\n<p>18:00 \u015ap. J\u00f3zef Fiedorowicz (w dniu urodzin), zm. z rodzin: Fiedorowicz, Kie\u0142czewskich, Tkaczuk<\/p>\n<p>18:00 Dzi\u0119kczynna w dniu urodzin Ks. Grzegorza Wala z pro\u015bb\u0105 o Bo\u017ce b\u0142ogos\u0142awie\u0144stwo, dary Ducha \u015bw. i opiek\u0119 Matki Bo\u017cej na ka\u017cdy kolejny dzie\u0144 &#8211; prosi Margaretka<\/p>\n<p>&nbsp;<\/p>\n<p>&nbsp;<\/p>\n<p><span style=\"color: #3366ff;\"><strong>2 lipca WTOREK Mt 8, 23-27<\/strong><\/span><\/p>\n<p>8:00 \u015ap. Piotr Lietz, Pawe\u0142 Lietz, zm. z rodzin: Lietz, Kokotkiewicz, Woronko, Barcikowskich, oraz zmar\u0142ych znajomych<\/p>\n<p>18.00 \u015ap. Agnieszka Skowro\u0144ska (5 rocz. \u015bm), Rafa\u0142 Skowro\u0144ski (3 rocz. \u015bm)<\/p>\n<p>&nbsp;<\/p>\n<p>&nbsp;<\/p>\n<p><span style=\"color: #008000;\"><strong>3 lipca \u015aRODA<\/strong><\/span><br \/>\n<span style=\"color: #008000;\"><strong>\u015awi\u0119to \u015bw. Tomasza, aposto\u0142a J 20, 24-29<\/strong><\/span><\/p>\n<p>8:00 \u015ap. Ma\u0142gorzata Wojczy\u0144ska (30 dz.p.p.)<\/p>\n<p>17:30 Nabo\u017ce\u0144stwo do Matki Bo\u017cej Nieustaj\u0105cej Pomocy<\/p>\n<p>18:00 \u015ap. Henryk Jasnoch (9 rocz. \u015bm)<\/p>\n<p>&nbsp;<\/p>\n<p>&nbsp;<\/p>\n<p><span style=\"color: #3366ff;\"><strong>4 lipca CZWARTEK<\/strong><\/span><br \/>\n<span style=\"color: #3366ff;\"><strong>Pierwszy czwartek miesi\u0105ca Mt 9, 1-8<\/strong><\/span><\/p>\n<p>8:00 \u015ap. Zdzis\u0142aw Nawrocki (30 dz.p.p.)<\/p>\n<p>18:00 O powo\u0142ania kap\u0142a\u0144skie i zakonne, oraz potrzebne \u0142aski dla kap\u0142an\u00f3w pos\u0142uguj\u0105cych w tutejszej parafii<\/p>\n<p>&nbsp;<\/p>\n<p>&nbsp;<\/p>\n<p><strong><span style=\"color: #008000;\">5 lipca PI\u0104TEK<\/span><\/strong><br \/>\n<strong><span style=\"color: #008000;\">Pierwszy pi\u0105tek miesi\u0105ca Mt 9, 9-13<\/span><\/strong><\/p>\n<p>8:00 \u015ap. Genowefa Kaczy\u0144ska (2 rocz. \u015bm)<\/p>\n<p>18:00 O szcz\u0119\u015bliwe rozwi\u0105zanie dla Agnieszki, Bo\u017ce prowadznie dla lekarzy oraz Bo\u017ce b\u0142ogos\u0142awienstwo dla rodziny<\/p>\n<p>&nbsp;<\/p>\n<p>&nbsp;<\/p>\n<p><span style=\"color: #3366ff;\"><strong>6 lipca SOBOTA<\/strong><\/span><br \/>\n<span style=\"color: #3366ff;\"><strong>Wspomnienie b\u0142. Marii Teresy Led\u00f3chowskiej, dziewicy, pierwsza sobota miesi\u0105ca Mt 9, 14-17<\/strong><\/span><\/p>\n<p>8:00 \u015ap. zmar\u0142ych rodzic\u00f3w z obojga stron, Lucyna i Tadeusz, zmar\u0142ych z rodzin: Krauze i Dziergowskich<\/p>\n<p>18:00 Intencja Wspolnoty \u017bywego R\u00f3\u017ca\u0144ca od 5 r\u00f3\u017cy r\u00f3za\u0144cowej Matki Bo\u017cej Fatimskiej- o nowe powo\u0142ania do wsp\u00f3lnoty i potrzebne \u0142aski<\/p>\n<p>&nbsp;<\/p>\n<p>&nbsp;<\/p>\n<p><strong><span style=\"color: #008000;\">7 lipca 14 NIEDZIELA ZWYK\u0141A \u0141k 10, 1-12.17-20<\/span><\/strong><\/p>\n<p>7:00 \u015ap. Aleksandra Radziszewska (14 rocz. \u015bm)<\/p>\n<p>9:00 Dzi\u0119kczynna z okazji 40 rocznicy \u015blubu Barbary i Zenona Mago\u0144 z pro\u015bb\u0105 o Bo\u017ce b\u0142ogos\u0142awie\u0144stwo, wszelkie \u0142aski i opiek\u0119 Matki Bo\u017cej dla ca\u0142ej rodziny<\/p>\n<p>10:30 \u015ap. Wiktoria, Bronis\u0142awa Janiccy, Wiktoria, Jan, Michalina Szcz\u0119\u015bny, Marta, Antoni Janiccy, Hermenegilda Molga<\/p>\n<p><strong><span style=\"color: #008000;\">12:00 Za parafian<\/span><\/strong><\/p>\n<p>18:00 \u015ap. Jerzy Malesi\u0144ski (6 rocz. \u015bm)<\/p>\n","protected":false},"excerpt":{"rendered":"<p>&nbsp; &nbsp; 1 lipca PONIEDZIA\u0141EK Mt 8, 18-22 8:00 \u015ap. Feliksa Wilczy\u0144ska (30 dz.p.p.) 18:00 \u015ap. J\u00f3zef Fiedorowicz (w dniu urodzin), zm. z rodzin: Fiedorowicz, Kie\u0142czewskich, Tkaczuk 18:00 Dzi\u0119kczynna w dniu urodzin Ks. Grzegorza Wala z pro\u015bb\u0105 o Bo\u017ce b\u0142ogos\u0142awie\u0144stwo, dary Ducha \u015bw. i opiek\u0119 Matki Bo\u017cej na ka\u017cdy kolejny dzie\u0144 &#8211; prosi Margaretka &nbsp; [&hellip;]<\/p>\n","protected":false},"author":1,"featured_media":2526,"comment_status":"closed","ping_status":"closed","sticky":false,"template":"","format":"standard","meta":{"ngg_post_thumbnail":0,"footnotes":""},"categories":[11,8,4],"tags":[],"class_list":["post-3415","post","type-post","status-publish","format-standard","has-post-thumbnail","hentry","category-aktualnosci","category-blog","category-intencje"],"_links":{"self":[{"href":"https:\/\/rafalk-elblag.pl\/index.php?rest_route=\/wp\/v2\/posts\/3415","targetHints":{"allow":["GET"]}}],"collection":[{"href":"https:\/\/rafalk-elblag.pl\/index.php?rest_route=\/wp\/v2\/posts"}],"about":[{"href":"https:\/\/rafalk-elblag.pl\/index.php?rest_route=\/wp\/v2\/types\/post"}],"author":[{"embeddable":true,"href":"https:\/\/rafalk-elblag.pl\/index.php?rest_route=\/wp\/v2\/users\/1"}],"replies":[{"embeddable":true,"href":"https:\/\/rafalk-elblag.pl\/index.php?rest_route=%2Fwp%2Fv2%2Fcomments&post=3415"}],"version-history":[{"count":1,"href":"https:\/\/rafalk-elblag.pl\/index.php?rest_route=\/wp\/v2\/posts\/3415\/revisions"}],"predecessor-version":[{"id":3416,"href":"https:\/\/rafalk-elblag.pl\/index.php?rest_route=\/wp\/v2\/posts\/3415\/revisions\/3416"}],"wp:featuredmedia":[{"embeddable":true,"href":"https:\/\/rafalk-elblag.pl\/index.php?rest_route=\/wp\/v2\/media\/2526"}],"wp:attachment":[{"href":"https:\/\/rafalk-elblag.pl\/index.php?rest_route=%2Fwp%2Fv2%2Fmedia&parent=3415"}],"wp:term":[{"taxonomy":"category","embeddable":true,"href":"https:\/\/rafalk-elblag.pl\/index.php?rest_route=%2Fwp%2Fv2%2Fcategories&post=3415"},{"taxonomy":"post_tag","embeddable":true,"href":"https:\/\/rafalk-elblag.pl\/index.php?rest_route=%2Fwp%2Fv2%2Ftags&post=3415"}],"curies":[{"name":"wp","href":"https:\/\/api.w.org\/{rel}","templated":true}]}}