{"id":3413,"date":"2019-06-30T08:57:50","date_gmt":"2019-06-30T08:57:50","guid":{"rendered":"http:\/\/rafalk-elblag.pl\/?p=3413"},"modified":"2019-06-30T08:57:50","modified_gmt":"2019-06-30T08:57:50","slug":"ogloszenia-parafialne-xiii-niedziela-zwykla-30-06-2019","status":"publish","type":"post","link":"https:\/\/rafalk-elblag.pl\/?p=3413","title":{"rendered":"OG\u0141OSZENIA PARAFIALNE \u2013 XIII NIEDZIELA ZWYK\u0141A \u2013 30.06.2019"},"content":{"rendered":"<p><a href=\"http:\/\/rafalk-elblag.pl\/wp-content\/uploads\/2016\/12\/pulpit.jpg\"><img loading=\"lazy\" decoding=\"async\" class=\"alignnone size-large wp-image-2530\" src=\"http:\/\/rafalk-elblag.pl\/wp-content\/uploads\/2016\/12\/pulpit-1024x682.jpg\" alt=\"\" width=\"900\" height=\"599\" srcset=\"https:\/\/rafalk-elblag.pl\/wp-content\/uploads\/2016\/12\/pulpit-1024x682.jpg 1024w, https:\/\/rafalk-elblag.pl\/wp-content\/uploads\/2016\/12\/pulpit-300x200.jpg 300w, https:\/\/rafalk-elblag.pl\/wp-content\/uploads\/2016\/12\/pulpit-768x512.jpg 768w, https:\/\/rafalk-elblag.pl\/wp-content\/uploads\/2016\/12\/pulpit.jpg 1698w\" sizes=\"auto, (max-width: 900px) 100vw, 900px\" \/><\/a><\/p>\n<p>&nbsp;<\/p>\n<p>1. Witamy w naszej wsp\u00f3lnocie parafialnej wikariusza, ks. mgr lic. Piotra Wolnikowskiego, kt\u00f3ry Dekretem Biskupa Elbl\u0105skiego zosta\u0142 przeniesiony z parafii pw. Tr\u00f3jcy Przenaj\u015bwi\u0119tszej w Mor\u0105gu do naszej parafii. Serdecznie przywitajmy te\u017c<br \/>\ndrugiego wikariusza ks. Neoprezbitera mgr Marcina Dopiera\u0142\u0119, kt\u00f3ry rozpoczn\u0105 pos\u0142ug\u0119 kap\u0142a\u0144sk\u0105 w naszej parafii. Otoczmy modlitw\u0105 obu kap\u0142an\u00f3w, by ich pos\u0142uga przynios\u0142a b\u0142ogos\u0142awione owoce.<\/p>\n<p>&nbsp;<br \/>\n2. W dniu dzisiejszym dzi\u0119kujemy ks. mgr lic. Marcinowi Marciniakowi za jego trzyletni\u0105, pi\u0119kn\u0105 pos\u0142ug\u0119 kap\u0142a\u0144sk\u0105 w naszej parafii. Wczoraj podzi\u0119kowali\u015bmy za dwuletni\u0105 pos\u0142ug\u0119 ks. dr \u0141ukaszowi Garbackiemu. Obu kap\u0142anom \u017cyczymy b\u0142ogos\u0142awie\u0144stwa Bo\u017cego w dalszej pos\u0142udze kap\u0142a\u0144skiej w nowych parafiach, do kt\u00f3rych zostali skierowani przez Biskupa Elbl\u0105skiego.<\/p>\n<p>&nbsp;<br \/>\n3. W zwi\u0105zku z pielgrzymk\u0105 na Jasn\u0105 G\u00f3r\u0119 ju\u017c tradycyjnie przy wej\u015bciu do ko\u015bcio\u0142a wystawione jest pude\u0142ko na intencje modlitewne, kt\u00f3re zabior\u0105 w Waszym imieniu pielgrzymi w\u0119druj\u0105cy na Jasn\u0105 G\u00f3r\u0119. B\u00f3g zap\u0142a\u0107.<\/p>\n<p>&nbsp;<br \/>\n4. W tym tygodniu przypada pierwszy czwartek, pi\u0105tek i sobota miesi\u0105ca.<\/p>\n<p>\uf0b7 w pierwszy czwartek miesi\u0105ca po Mszy \u015bw. o godz. 18:00 zapraszamy na Godzin\u0119 \u015awi\u0119t\u0105 \u2013 modlitw\u0119 w intencji powo\u0142a\u0144 z naszej parafii oraz o \u015bwi\u0119to\u015b\u0107 dla kap\u0142an\u00f3w,<br \/>\n\uf0b7 w pierwszy pi\u0105tek miesi\u0105ca spowied\u017a i Adoracja Naj\u015bwi\u0119tszego Sakramentu od godz. 17:30. Zapraszamy wszystkich czcicieli Serca Pana Jezusa na Msz\u0119 \u015aw. Wotywn\u0105 ku czci Naj\u015bwi\u0119tszego Serca Pana Jezusa o godz. 18:00.<br \/>\n\uf0b7 w pierwsz\u0105 sobot\u0119, o godz. 17:00, zapraszamy na NABO\u017bE\u0143STWO WYNAGRADZAJ\u0104CE ZA OBELGI PRZECIWKO BO\u017bEMU<br \/>\nMACIERZY\u0143STWU MARYI, w ramach nabo\u017ce\u0144stwa pierwszych pi\u0119ciu sob\u00f3t, o kt\u00f3re prosi\u0142a Matka Bo\u017ca w FATIMIE. Tego dnia zmiana tajemnic dla \u017bywego R\u00f3\u017ca\u0144ca.<\/p>\n<p>&nbsp;<br \/>\n5. Od 7 lipca (niedziela) do 15 lipca (poniedzia\u0142ek) po Mszy \u015bwi\u0119tej wieczorowej odmawiana b\u0119dzie Nowenna przed \u015awi\u0119tem Matki Bo\u017cej Szkaplerznej (16 lipca). Zapraszamy wszystkich, a szczeg\u00f3lnie tych, kt\u00f3rzy przyj\u0119li szkaplerz karmelita\u0144ski i tworz\u0105 Rodzin\u0119 Karmelita\u0144sk\u0105 i Bractwo Szkaplerzne.<\/p>\n<p>&nbsp;<br \/>\n6. UWAGA OSOBY NOSZACE SZKAPLERZ !!! W zakrystii mo\u017cna odebra\u0107 deklaracj\u0119 o przyst\u0105pieniu do Bractwa Szkaplerznego, kt\u00f3r\u0105 nale\u017cy wype\u0142ni\u0107 i przynie\u015b\u0107 do zakrystii.<\/p>\n<p>&nbsp;<br \/>\n7. Lipiec jest miesi\u0105cem po\u015bwi\u0119conym kontemplacji Naj\u015bwi\u0119tszej Krwi Chrystusa. Krew Chrystusa jest niezbitym dowodem mi\u0142o\u015bci Niebieskiego Ojca do ka\u017cdego cz\u0142owieka bez wyj\u0105tku. Zach\u0119cam Wsp\u00f3lnot\u0119 Krwi Chrystusa do prowadzenia modlitw przed Msz\u0105 \u015bw. wieczorow\u0105 o godz. 17:30.<\/p>\n<p>&nbsp;<br \/>\n8. Kancelaria parafialna, przez ca\u0142y okres wakacji, czynna b\u0119dzie w \u015brody i pi\u0105tki po Mszy \u015bw. wieczorowej.<\/p>\n<p>&nbsp;<br \/>\n9. W przysz\u0142\u0105 niedziel\u0119 (7 lipca) taca inwestycyjna przeznaczona na \u0142awki d\u0119bowe do naszego Ko\u015bcio\u0142a. B\u00f3g zap\u0142a\u0107 za zrozumienie i z\u0142o\u017cone ofiary.<\/p>\n<p>&nbsp;<br \/>\n10. Wszystkim Jubilatom i Solenizantom tego tygodnia \u017cyczymy wszelkiego dobra w \u017cyciu i b\u0142ogos\u0142awie\u0144stwa Bo\u017cego.<\/p>\n<p>&nbsp;<br \/>\n11. Dzi\u0119kujemy za stosowny ubi\u00f3r w ko\u015bciele w okresie wakacji. Msza \u015bw. jest uroczyst\u0105 celebracj\u0105, kt\u00f3ra domaga si\u0119 swego pi\u0119kna, szacunku i najwy\u017cszej kultury.<\/p>\n<p>&nbsp;<br \/>\n12. Dzieciom i m\u0142odzie\u017cy \u017cyczymy udanych i bezpiecznych wakacji, polecaj\u0105c ich opiece Anio\u0142\u00f3w Str\u00f3\u017c\u00f3w. Szcz\u0119\u015b\u0107 Wam Bo\u017ce.<\/p>\n<p>&nbsp;<br \/>\n13. Przed ko\u015bcio\u0142em mo\u017cna naby\u0107 pras\u0119 katolick\u0105: \u201eGo\u015b\u0107 Niedzielny\u201d w cenie 5 z\u0142.<\/p>\n<p>&nbsp;<\/p>\n<p>&nbsp;<\/p>\n","protected":false},"excerpt":{"rendered":"<p>&nbsp; 1. Witamy w naszej wsp\u00f3lnocie parafialnej wikariusza, ks. mgr lic. Piotra Wolnikowskiego, kt\u00f3ry Dekretem Biskupa Elbl\u0105skiego zosta\u0142 przeniesiony z parafii pw. Tr\u00f3jcy Przenaj\u015bwi\u0119tszej w Mor\u0105gu do naszej parafii. Serdecznie przywitajmy te\u017c drugiego wikariusza ks. Neoprezbitera mgr Marcina Dopiera\u0142\u0119, kt\u00f3ry rozpoczn\u0105 pos\u0142ug\u0119 kap\u0142a\u0144sk\u0105 w naszej parafii. Otoczmy modlitw\u0105 obu kap\u0142an\u00f3w, by ich pos\u0142uga przynios\u0142a b\u0142ogos\u0142awione [&hellip;]<\/p>\n","protected":false},"author":1,"featured_media":2530,"comment_status":"closed","ping_status":"closed","sticky":false,"template":"","format":"standard","meta":{"ngg_post_thumbnail":0,"footnotes":""},"categories":[11,8,3],"tags":[],"class_list":["post-3413","post","type-post","status-publish","format-standard","has-post-thumbnail","hentry","category-aktualnosci","category-blog","category-ogloszenia"],"_links":{"self":[{"href":"https:\/\/rafalk-elblag.pl\/index.php?rest_route=\/wp\/v2\/posts\/3413","targetHints":{"allow":["GET"]}}],"collection":[{"href":"https:\/\/rafalk-elblag.pl\/index.php?rest_route=\/wp\/v2\/posts"}],"about":[{"href":"https:\/\/rafalk-elblag.pl\/index.php?rest_route=\/wp\/v2\/types\/post"}],"author":[{"embeddable":true,"href":"https:\/\/rafalk-elblag.pl\/index.php?rest_route=\/wp\/v2\/users\/1"}],"replies":[{"embeddable":true,"href":"https:\/\/rafalk-elblag.pl\/index.php?rest_route=%2Fwp%2Fv2%2Fcomments&post=3413"}],"version-history":[{"count":1,"href":"https:\/\/rafalk-elblag.pl\/index.php?rest_route=\/wp\/v2\/posts\/3413\/revisions"}],"predecessor-version":[{"id":3414,"href":"https:\/\/rafalk-elblag.pl\/index.php?rest_route=\/wp\/v2\/posts\/3413\/revisions\/3414"}],"wp:featuredmedia":[{"embeddable":true,"href":"https:\/\/rafalk-elblag.pl\/index.php?rest_route=\/wp\/v2\/media\/2530"}],"wp:attachment":[{"href":"https:\/\/rafalk-elblag.pl\/index.php?rest_route=%2Fwp%2Fv2%2Fmedia&parent=3413"}],"wp:term":[{"taxonomy":"category","embeddable":true,"href":"https:\/\/rafalk-elblag.pl\/index.php?rest_route=%2Fwp%2Fv2%2Fcategories&post=3413"},{"taxonomy":"post_tag","embeddable":true,"href":"https:\/\/rafalk-elblag.pl\/index.php?rest_route=%2Fwp%2Fv2%2Ftags&post=3413"}],"curies":[{"name":"wp","href":"https:\/\/api.w.org\/{rel}","templated":true}]}}