{"id":3411,"date":"2019-06-30T08:54:13","date_gmt":"2019-06-30T08:54:13","guid":{"rendered":"http:\/\/rafalk-elblag.pl\/?p=3411"},"modified":"2019-06-30T08:54:13","modified_gmt":"2019-06-30T08:54:13","slug":"intencje-mszalne-xii-tydzien-zwykly-24-30-06-2019","status":"publish","type":"post","link":"https:\/\/rafalk-elblag.pl\/?p=3411","title":{"rendered":"INTENCJE MSZALNE \u2013 XII TYDZIE\u0143 ZWYK\u0141Y (24-30.06. 2019)"},"content":{"rendered":"<p><a href=\"http:\/\/rafalk-elblag.pl\/wp-content\/uploads\/2016\/12\/shutterstock_49643152-1000.jpg\"><img loading=\"lazy\" decoding=\"async\" class=\"alignnone size-full wp-image-2526\" src=\"http:\/\/rafalk-elblag.pl\/wp-content\/uploads\/2016\/12\/shutterstock_49643152-1000.jpg\" alt=\"\" width=\"1000\" height=\"665\" srcset=\"https:\/\/rafalk-elblag.pl\/wp-content\/uploads\/2016\/12\/shutterstock_49643152-1000.jpg 1000w, https:\/\/rafalk-elblag.pl\/wp-content\/uploads\/2016\/12\/shutterstock_49643152-1000-300x200.jpg 300w, https:\/\/rafalk-elblag.pl\/wp-content\/uploads\/2016\/12\/shutterstock_49643152-1000-768x511.jpg 768w\" sizes=\"auto, (max-width: 1000px) 100vw, 1000px\" \/><\/a><\/p>\n<p>&nbsp;<\/p>\n<p><strong><span style=\"color: #008000;\">24 czerwca PONIEDZIA\u0141EK<\/span><\/strong><br \/>\n<strong><span style=\"color: #008000;\">Uroczysto\u015b\u0107 narodzenia \u015bw. Jana Chrzciciela \u0141k 1, 5-17<\/span><\/strong><\/p>\n<p>8:00 \u015ap. Regina i Edward Marek (24 greg)<br \/>\n8:00 \u015ap. Stanis\u0142awa Filar (5 rocz. \u015bm)<\/p>\n<p>18:00 \u015ap. Janina Kuchta<br \/>\n18:00 \u015ap. Janina, Jan, Stefan z rodz. Walko, Janina i Jan Zaleszczenko<\/p>\n<p>&nbsp;<\/p>\n<p>&nbsp;<\/p>\n<p><strong><span style=\"color: #808000;\">25 czerwca WTOREK<\/span><\/strong><br \/>\n<strong><span style=\"color: #808000;\">Wspomnienie b\u0142. Doroty z M\u0105t\u00f3w, patronki Dziecezji Elbl\u0105skiej Mt 7, 6. 12-14<\/span><\/strong><\/p>\n<p>8:00 Dzi\u0119kczynna za 54 lata \u017cycia ks. Arkadiusza w dniu jego urodzin, z pro\u015bb\u0105 o Bo\u017ce b\u0142oos\u0142awie\u0144stwo i potrzebne \u0142aski w pos\u0142udze kap\u0142a\u0144skiej<\/p>\n<p>18.00 \u015ap. Stanis\u0142awa (3 rocz. \u015bm) i zmar\u0142ych z rodziny Adamowicz<br \/>\n18:00 \u015ap. Regina i Edward Marek (25 greg)<\/p>\n<p>&nbsp;<\/p>\n<p>&nbsp;<\/p>\n<p><span style=\"color: #008000;\"><strong>26 czerwca \u015aRODA Mt 7, 15-20<\/strong><\/span><\/p>\n<p>8:00 \u015ap. Regina i Edward Marek (26 greg)<\/p>\n<p>17:30 Nabo\u017ce\u0144stwo do Matki Bo\u017cej Nieustaj\u0105cej Pomocy<\/p>\n<p>18:00 \u015ap. Weronika Czy\u017cyk<\/p>\n<p>&nbsp;<\/p>\n<p>&nbsp;<\/p>\n<p><span style=\"color: #808000;\"><strong>27 czerwca CZWARTEK<\/strong><\/span><br \/>\n<span style=\"color: #808000;\"><strong>Wspomnienie \u015bw. Cyryla Aleksandryjskiego, biskupa i doktora Ko\u015bcio\u0142a Mt 7, 21-29<\/strong><\/span><\/p>\n<p>8:00 \u015ap. Regina i Edward Marek (27 greg)<\/p>\n<p>18:00 \u015ap. Genowefa, W\u0142adys\u0142aw, Walentyna Szmelc<\/p>\n<p>&nbsp;<\/p>\n<p>&nbsp;<\/p>\n<p><strong><span style=\"color: #008000;\">28 czerwca PI\u0104TEK<\/span><\/strong><br \/>\n<strong><span style=\"color: #008000;\">Uroczysto\u015b\u0107 Naj\u015bwi\u0119tszego Serca Pana Jezusa \u0141k 15, 3-7<\/span><\/strong><\/p>\n<p>8:00 \u015ap. Regina i Edward Marek (28 greg)<\/p>\n<p>18:00 Dzi\u0119kczynna w 45 rocznic\u0119 urodzin Arkadiusza z pro\u015bb\u0105 o wszelkie potrzebne \u0142aski, opiek\u0119 Matki Bo\u017cej dla niego i ca\u0142ej rodziny<\/p>\n<p>&nbsp;<\/p>\n<p>&nbsp;<\/p>\n<p><strong><span style=\"color: #808000;\">29 czerwca SOBOTA<\/span><\/strong><br \/>\n<strong><span style=\"color: #808000;\">Uroczysto\u015b\u0107 \u015bw. Aposto\u0142ow Piotra i Paw\u0142a Mt 16, 13-19<\/span><\/strong><\/p>\n<p>8:00 \u015ap. Regina i Edward Marek (29 greg)<\/p>\n<p>18:00 \u015ap. Aniela, Walenty, Aleksander Cie\u015blak, Marianna i W\u0142adys\u0142aw Nowakowscy<\/p>\n<p>&nbsp;<\/p>\n<p>&nbsp;<\/p>\n<p><span style=\"color: #008000;\"><strong>30 czerwca 13 NIEDZIELA ZWYK\u0141A \u0141k 9, 51-62<\/strong><\/span><\/p>\n<p>7:00 \u015ap. Helena Kulma (4 rocz. \u015bm)<\/p>\n<p>9:00 Dzi\u0119kczynna w dniu urodzin Sebastiana za dar \u017cycia, z pro\u015bb\u0105 o \u017cyw\u0105 wiar\u0119<br \/>\n9:00 \u015ap. Boles\u0142aw Malinowski<\/p>\n<p>10:30 \u015ap. Zygfryd Dobrzeniecki (4 rocz. \u015bm) i zmar\u0142ych z rodziny<\/p>\n<p>12:00 Za parafian<\/p>\n<p>12:00 Dzi\u0119kczynna za 3 letni\u0105 prac\u0119 duszapstersk\u0105 w naszej parafii ks. mgr.lic Marcina Marciniaka, z pro\u015bb\u0105 o Bo\u017ce b\u0142ogos\u0142awie\u0144stwo, wszelkie \u0142aski i opiek\u0119 Matki Bo\u017cej na dalsze lata kap\u0142a\u0144skiej pos\u0142ugi w nowej parafii<\/p>\n<p>18:00 \u015ap. Regina i Edward Marek (30 greg)<\/p>\n<p>&nbsp;<\/p>\n<p>&nbsp;<\/p>\n","protected":false},"excerpt":{"rendered":"<p>&nbsp; 24 czerwca PONIEDZIA\u0141EK Uroczysto\u015b\u0107 narodzenia \u015bw. Jana Chrzciciela \u0141k 1, 5-17 8:00 \u015ap. Regina i Edward Marek (24 greg) 8:00 \u015ap. Stanis\u0142awa Filar (5 rocz. \u015bm) 18:00 \u015ap. Janina Kuchta 18:00 \u015ap. Janina, Jan, Stefan z rodz. Walko, Janina i Jan Zaleszczenko &nbsp; &nbsp; 25 czerwca WTOREK Wspomnienie b\u0142. Doroty z M\u0105t\u00f3w, patronki Dziecezji [&hellip;]<\/p>\n","protected":false},"author":1,"featured_media":2526,"comment_status":"closed","ping_status":"closed","sticky":false,"template":"","format":"standard","meta":{"ngg_post_thumbnail":0,"footnotes":""},"categories":[11,8,4],"tags":[],"class_list":["post-3411","post","type-post","status-publish","format-standard","has-post-thumbnail","hentry","category-aktualnosci","category-blog","category-intencje"],"_links":{"self":[{"href":"https:\/\/rafalk-elblag.pl\/index.php?rest_route=\/wp\/v2\/posts\/3411","targetHints":{"allow":["GET"]}}],"collection":[{"href":"https:\/\/rafalk-elblag.pl\/index.php?rest_route=\/wp\/v2\/posts"}],"about":[{"href":"https:\/\/rafalk-elblag.pl\/index.php?rest_route=\/wp\/v2\/types\/post"}],"author":[{"embeddable":true,"href":"https:\/\/rafalk-elblag.pl\/index.php?rest_route=\/wp\/v2\/users\/1"}],"replies":[{"embeddable":true,"href":"https:\/\/rafalk-elblag.pl\/index.php?rest_route=%2Fwp%2Fv2%2Fcomments&post=3411"}],"version-history":[{"count":1,"href":"https:\/\/rafalk-elblag.pl\/index.php?rest_route=\/wp\/v2\/posts\/3411\/revisions"}],"predecessor-version":[{"id":3412,"href":"https:\/\/rafalk-elblag.pl\/index.php?rest_route=\/wp\/v2\/posts\/3411\/revisions\/3412"}],"wp:featuredmedia":[{"embeddable":true,"href":"https:\/\/rafalk-elblag.pl\/index.php?rest_route=\/wp\/v2\/media\/2526"}],"wp:attachment":[{"href":"https:\/\/rafalk-elblag.pl\/index.php?rest_route=%2Fwp%2Fv2%2Fmedia&parent=3411"}],"wp:term":[{"taxonomy":"category","embeddable":true,"href":"https:\/\/rafalk-elblag.pl\/index.php?rest_route=%2Fwp%2Fv2%2Fcategories&post=3411"},{"taxonomy":"post_tag","embeddable":true,"href":"https:\/\/rafalk-elblag.pl\/index.php?rest_route=%2Fwp%2Fv2%2Ftags&post=3411"}],"curies":[{"name":"wp","href":"https:\/\/api.w.org\/{rel}","templated":true}]}}