{"id":3409,"date":"2019-06-30T08:50:08","date_gmt":"2019-06-30T08:50:08","guid":{"rendered":"http:\/\/rafalk-elblag.pl\/?p=3409"},"modified":"2019-06-30T08:50:08","modified_gmt":"2019-06-30T08:50:08","slug":"ogloszenia-parafialne-xii-niedziela-zwykla-23-06-2019","status":"publish","type":"post","link":"https:\/\/rafalk-elblag.pl\/?p=3409","title":{"rendered":"OG\u0141OSZENIA PARAFIALNE \u2013 XII NIEDZIELA ZWYK\u0141A \u2013 23.06.2019"},"content":{"rendered":"<p><a href=\"http:\/\/rafalk-elblag.pl\/wp-content\/uploads\/2016\/12\/pulpit.jpg\"><img loading=\"lazy\" decoding=\"async\" class=\"alignnone size-large wp-image-2530\" src=\"http:\/\/rafalk-elblag.pl\/wp-content\/uploads\/2016\/12\/pulpit-1024x682.jpg\" alt=\"\" width=\"900\" height=\"599\" srcset=\"https:\/\/rafalk-elblag.pl\/wp-content\/uploads\/2016\/12\/pulpit-1024x682.jpg 1024w, https:\/\/rafalk-elblag.pl\/wp-content\/uploads\/2016\/12\/pulpit-300x200.jpg 300w, https:\/\/rafalk-elblag.pl\/wp-content\/uploads\/2016\/12\/pulpit-768x512.jpg 768w, https:\/\/rafalk-elblag.pl\/wp-content\/uploads\/2016\/12\/pulpit.jpg 1698w\" sizes=\"auto, (max-width: 900px) 100vw, 900px\" \/><\/a><\/p>\n<p>&nbsp;<\/p>\n<p>1. Dzisiaj obchodzimy DZIE\u0143 OJCA. Pami\u0119tajmy w modlitwie o naszych ojcach: pro\u015bmy dla \u017cywych o Bo\u017ce b\u0142ogos\u0142awie\u0144stwo i opiek\u0119 \u015bw. J\u00f3zefa, a dla zmar\u0142ych o \u0142ask\u0119 nieba.<\/p>\n<p>&nbsp;<br \/>\n2. Przez ca\u0142y czerwiec odprawiamy Nabo\u017ce\u0144stwa Eucharystyczne ku czci Naj\u015bwi\u0119tszego Serca Pana Jezusa. Do udzia\u0142u w nich zapraszamy doros\u0142ych, m\u0142odzie\u017c i dzieci codziennie o godz. 17:30.<\/p>\n<p>&nbsp;<br \/>\n3. W Oktawie Bo\u017cego Cia\u0142a zapraszamy wiernych do udzia\u0142u nabo\u017ce\u0144stwie czerwcowym po\u0142\u0105czonym z procesj\u0105 eucharystyczn\u0105 o godz. 17:30 i we Mszy \u015bw. Zapraszamy dzieci do sypania kwiat\u00f3w, a doros\u0142ych do przygotowania procesji. Udzia\u0142 w procesji jest wyrazem wiary w obecno\u015b\u0107 Jezusa Chrystusa w Naj\u015bwi\u0119tszym Sakramencie.<\/p>\n<p>&nbsp;<br \/>\n4. W sobot\u0119 przypada Uroczysto\u015b\u0107 \u015awi\u0119tych Aposto\u0142\u00f3w Piotra i Paw\u0142a, a zarazem imieniny ks. kan. Piotra Bryka i pana Piotra Zbierzchowskiego \u2013 organisty. Pami\u0119tajmy w modlitwie o czcigodnych solenizantach. Taca z tego dnia przeznaczona jest na potrzeby Stolicy Apostolskiej.<\/p>\n<p>&nbsp;<br \/>\n5. Za tydzie\u0144 na Mszy \u015bw. o godz. 12:00 b\u0119dziemy dzi\u0119kowa\u0107 ksi\u0119dzu Marcinowi, kt\u00f3ry po 3 latach pracy w naszej parafii z dniem 1 lipca b\u0119dzie pracowa\u0142 w innej parafii. Niech ta Msza \u015bwi\u0119ta b\u0119dzie wyrazem naszej wdzi\u0119czno\u015bci za pos\u0142ug\u0119 kap\u0142a\u0144sk\u0105<br \/>\nks. Marcina po\u015br\u00f3d nas. Serdecznie zapraszamy!<\/p>\n<p>&nbsp;<br \/>\n6. W zwi\u0105zku z pielgrzymk\u0105 na Jasn\u0105 G\u00f3r\u0119 ju\u017c tradycyjnie przy wej\u015bciu do ko\u015bcio\u0142a wystawione jest pude\u0142ko na intencje modlitewne, kt\u00f3re zabior\u0105 w Waszym imieniu pielgrzymi w\u0119druj\u0105cy na Jasn\u0105 G\u00f3r\u0119. B\u00f3g zap\u0142a\u0107.<\/p>\n<p>&nbsp;<\/p>\n<p>7. W Wy\u017cszym Seminarium Duchownym w Elbl\u0105gu organizowane s\u0105 rekolekcje s\u0142u\u017c\u0105ce pog\u0142\u0119bieniu \u017cycia S\u0142owem Bo\u017cym, prowadzone metod\u0105 Lectio divina. Odb\u0119d\u0105 si\u0119 one w dniach 29 czerwca \u2013 7 lipca br. Rekolekcje Lectio divina oparte s\u0105 na wielowiekowej praktyce modlitwy s\u0142owem Bo\u017cym, si\u0119gaj\u0105cej pocz\u0105tk\u00f3w chrze\u015bcija\u0144stwa. Wi\u0119cej informacji o rekolekcjach Lectio divina na stronie internetowej: www.cneelblag.pl<\/p>\n<p>&nbsp;<\/p>\n<p>8. Kancelaria parafialna, przez ca\u0142y okres wakacji, czynna b\u0119dzie w \u015brody i pi\u0105tki po Mszy \u015bw. wieczorowej.<\/p>\n<p>&nbsp;<\/p>\n<p>9. Wszystkim Jubilatom i Solenizantom tego tygodnia \u017cyczymy wszelkiego dobra w \u017cyciu i b\u0142ogos\u0142awie\u0144stwa Bo\u017cego.<\/p>\n<p>&nbsp;<br \/>\n10. Dzieciom i m\u0142odzie\u017cy \u017cyczymy udanych i bezpiecznych wakacji, polecaj\u0105c ich opiece Anio\u0142\u00f3w Str\u00f3\u017c\u00f3w. Szcz\u0119\u015b\u0107 Wam Bo\u017ce.<\/p>\n<p>&nbsp;<br \/>\n11. Przed ko\u015bcio\u0142em mo\u017cna naby\u0107 pras\u0119 katolick\u0105: \u201eGo\u015b\u0107 Niedzielny\u201d w cenie 5 z\u0142.<\/p>\n<p>&nbsp;<\/p>\n<p>&nbsp;<\/p>\n","protected":false},"excerpt":{"rendered":"<p>&nbsp; 1. Dzisiaj obchodzimy DZIE\u0143 OJCA. Pami\u0119tajmy w modlitwie o naszych ojcach: pro\u015bmy dla \u017cywych o Bo\u017ce b\u0142ogos\u0142awie\u0144stwo i opiek\u0119 \u015bw. J\u00f3zefa, a dla zmar\u0142ych o \u0142ask\u0119 nieba. &nbsp; 2. Przez ca\u0142y czerwiec odprawiamy Nabo\u017ce\u0144stwa Eucharystyczne ku czci Naj\u015bwi\u0119tszego Serca Pana Jezusa. Do udzia\u0142u w nich zapraszamy doros\u0142ych, m\u0142odzie\u017c i dzieci codziennie o godz. 17:30. [&hellip;]<\/p>\n","protected":false},"author":1,"featured_media":2530,"comment_status":"closed","ping_status":"closed","sticky":false,"template":"","format":"standard","meta":{"ngg_post_thumbnail":0,"footnotes":""},"categories":[11,8,3],"tags":[],"class_list":["post-3409","post","type-post","status-publish","format-standard","has-post-thumbnail","hentry","category-aktualnosci","category-blog","category-ogloszenia"],"_links":{"self":[{"href":"https:\/\/rafalk-elblag.pl\/index.php?rest_route=\/wp\/v2\/posts\/3409","targetHints":{"allow":["GET"]}}],"collection":[{"href":"https:\/\/rafalk-elblag.pl\/index.php?rest_route=\/wp\/v2\/posts"}],"about":[{"href":"https:\/\/rafalk-elblag.pl\/index.php?rest_route=\/wp\/v2\/types\/post"}],"author":[{"embeddable":true,"href":"https:\/\/rafalk-elblag.pl\/index.php?rest_route=\/wp\/v2\/users\/1"}],"replies":[{"embeddable":true,"href":"https:\/\/rafalk-elblag.pl\/index.php?rest_route=%2Fwp%2Fv2%2Fcomments&post=3409"}],"version-history":[{"count":1,"href":"https:\/\/rafalk-elblag.pl\/index.php?rest_route=\/wp\/v2\/posts\/3409\/revisions"}],"predecessor-version":[{"id":3410,"href":"https:\/\/rafalk-elblag.pl\/index.php?rest_route=\/wp\/v2\/posts\/3409\/revisions\/3410"}],"wp:featuredmedia":[{"embeddable":true,"href":"https:\/\/rafalk-elblag.pl\/index.php?rest_route=\/wp\/v2\/media\/2530"}],"wp:attachment":[{"href":"https:\/\/rafalk-elblag.pl\/index.php?rest_route=%2Fwp%2Fv2%2Fmedia&parent=3409"}],"wp:term":[{"taxonomy":"category","embeddable":true,"href":"https:\/\/rafalk-elblag.pl\/index.php?rest_route=%2Fwp%2Fv2%2Fcategories&post=3409"},{"taxonomy":"post_tag","embeddable":true,"href":"https:\/\/rafalk-elblag.pl\/index.php?rest_route=%2Fwp%2Fv2%2Ftags&post=3409"}],"curies":[{"name":"wp","href":"https:\/\/api.w.org\/{rel}","templated":true}]}}