{"id":3407,"date":"2019-06-30T08:46:55","date_gmt":"2019-06-30T08:46:55","guid":{"rendered":"http:\/\/rafalk-elblag.pl\/?p=3407"},"modified":"2019-06-30T08:46:55","modified_gmt":"2019-06-30T08:46:55","slug":"intencje-mszalne-xi-tydzien-zwykly-17-23-06-2019","status":"publish","type":"post","link":"https:\/\/rafalk-elblag.pl\/?p=3407","title":{"rendered":"INTENCJE MSZALNE \u2013 XI TYDZIE\u0143 ZWYK\u0141Y (17-23.06. 2019)"},"content":{"rendered":"<p><a href=\"http:\/\/rafalk-elblag.pl\/wp-content\/uploads\/2016\/12\/shutterstock_49643152-1000.jpg\"><img loading=\"lazy\" decoding=\"async\" class=\"alignnone size-full wp-image-2526\" src=\"http:\/\/rafalk-elblag.pl\/wp-content\/uploads\/2016\/12\/shutterstock_49643152-1000.jpg\" alt=\"\" width=\"1000\" height=\"665\" srcset=\"https:\/\/rafalk-elblag.pl\/wp-content\/uploads\/2016\/12\/shutterstock_49643152-1000.jpg 1000w, https:\/\/rafalk-elblag.pl\/wp-content\/uploads\/2016\/12\/shutterstock_49643152-1000-300x200.jpg 300w, https:\/\/rafalk-elblag.pl\/wp-content\/uploads\/2016\/12\/shutterstock_49643152-1000-768x511.jpg 768w\" sizes=\"auto, (max-width: 1000px) 100vw, 1000px\" \/><\/a><\/p>\n<p>&nbsp;<\/p>\n<p><strong><span style=\"color: #ff9900;\">17 czerwca PONIEDZIA\u0141EK<\/span><\/strong><br \/>\nWspomnienie \u015bw. Brata Alberta Chmielowskiego, zakonnika Mt 5, 38-42<\/p>\n<p>8:00 \u015ap. Regina i Edward Marek (17 greg)<\/p>\n<p>18:00 \u015ap. Zmar\u0142ych z rodzin: Arcabowicz\u00f3w i Wo\u017aniakowskich, rodzic\u00f3w i rodze\u0144stwo<\/p>\n<p>&nbsp;<\/p>\n<p><span style=\"color: #99cc00;\"><strong>18 czerwca WTOREK Mt 5, 43-48<\/strong><\/span><\/p>\n<p>8:00 \u015ap. Regina i Edward Marek (18 greg)<\/p>\n<p>9:00 Msza \u015bw. na zako\u0144czenie Roku Szkolnego i Katechetycznego<\/p>\n<p>18:00 \u015ap. Piotr w dniu urodzin<br \/>\n18:00 \u015ap. Genowefa Wojsznis, W\u0142adys\u0142aw Wojsznis<\/p>\n<p>&nbsp;<\/p>\n<p><span style=\"color: #ff9900;\"><strong>19 czerwca \u015aRODA Mt 6, 1-6. 16-18<\/strong><\/span><\/p>\n<p>8:00 \u015ap. Helena, W\u0142adys\u0142aw, Janina,Wies\u0142aw, W\u0142adys\u0142aw, Mieczys\u0142aw, Waleria, Jan z rodz. \u017b\u0142obkowskich<\/p>\n<p>17:30 Nabo\u017ce\u0144stwo do Matki Bo\u017cej Nieustaj\u0105cej Pomocy<\/p>\n<p>18:00 \u015ap. Regina i Edward Marek (19 greg)<br \/>\n18:00 \u015ap. Urszula Polkowska (6 rocz. \u015bm), Waldemar Polkowski (20 rocz. \u015bm), J\u00f3zef Lis (23 rocz. \u015bm)<\/p>\n<p>&nbsp;<\/p>\n<p><strong><span style=\"color: #ff0000;\">20 czerwca CZWARTEK<\/span><\/strong><br \/>\n<strong><span style=\"color: #ff0000;\">Uroczysto\u015b\u0107 Naj\u015bwi\u0119tszego Cia\u0142a i Krwi Chrystus<\/span><span style=\"color: #ff0000;\">a<\/span><\/strong> \u0141k 9, 11b-17<\/p>\n<p>07:00 \u015ap. Roman Tykarski (30 dz.p.p.)<\/p>\n<p>09:00 Dzi\u0119kczynna z okazji 70 urodzin Krystyny Chodara z pro\u015bb\u0105 o Bo\u017ce b\u0142ogos\u0142awie\u0144stwo, wszelkie \u0142aski, zdrowie i opiek\u0119 Matki Bo\u017cej<\/p>\n<p>09:00 \u015ap. Regina i Edward Marek (20 greg)<\/p>\n<p>10:30 Za parafian &#8211; Msza \u015bw. w parafii Brata Alberta Chmielowskiego<\/p>\n<p>13:00 \u015ap. Micha\u0142, Karolina, Zygmunt, Lucjan, Jan<\/p>\n<p>18:00 \u015ap. Halina Dzi\u0105bkowska<\/p>\n<p>&nbsp;<\/p>\n<p><strong><span style=\"color: #ff9900;\">21 czerwca PI\u0104TEK<\/span><\/strong><br \/>\nWspomnienie \u015bw. Alojzego Gonzagi, zakonnika Mt 6, 19-23<\/p>\n<p>8:00 \u015ap. Regina i Edward Marek (21 greg)<\/p>\n<p>18:00 \u015ap. Genowefa w rocznic\u0119 \u015bmierci i zmar\u0142ych z rodziny Binkowskich<\/p>\n<p>&nbsp;<\/p>\n<p><strong><span style=\"color: #99cc00;\">22 czerwca SOBOTA Mt 6, 24-34<\/span><\/strong><\/p>\n<p>08:00 \u015ap. Regina i Edward Marek (22 greg)<\/p>\n<p>18:00 \u015ap. W\u0142adys\u0142awa i Leon \u017bbikowscy<br \/>\n18:00 \u015ap. W\u0142adys\u0142aw Uler (30 dz.p.p.)<\/p>\n<p>&nbsp;<\/p>\n<p><strong><span style=\"color: #008000;\">23 czerwca 12 NIEDZIELA ZWYK\u0141A \u0141k 9, 18-24<\/span><\/strong><\/p>\n<p>7:00 O Bo\u017ce b\u0142ogos\u0142awie\u0144stwo, dary Ducha \u015bw. i opiek\u0119 Matki Bo\u017cej dla ks. Jerzego<\/p>\n<p>9:00 \u015ap. rodzic\u00f3w: Janina i Jan Pastuszka, braci: Tadeusz, Zbigniew, Wojciech Lewicki,Stefania i J\u00f3zef Badurek<\/p>\n<p>9:00 \u015ap. Regina i Edward Marek (23 greg)<\/p>\n<p>10:30 \u015ap. Janina, Leopold, Krzysztof B\u0105k<\/p>\n<p>10:30 Dzi\u0119kczynna w 19 rocznic\u0119 slubu Moniki i Jacka i ich rodziny, z pro\u015bb\u0105 o Bo\u017ce b\u0142ogos\u0142awie\u0144stwo, wszelkie \u0142aski i opiek\u0119 Matki Bo\u017cej na ka\u017cdy dzie\u0144<\/p>\n<p>12:00 Za parafian<\/p>\n<p>18:00 \u015ap. W\u0142adys\u0142aw Waszak (7 rocz. \u015bm) z okazji dnia ojca i imienin<\/p>\n<p>&nbsp;<\/p>\n<p>&nbsp;<\/p>\n","protected":false},"excerpt":{"rendered":"<p>&nbsp; 17 czerwca PONIEDZIA\u0141EK Wspomnienie \u015bw. Brata Alberta Chmielowskiego, zakonnika Mt 5, 38-42 8:00 \u015ap. Regina i Edward Marek (17 greg) 18:00 \u015ap. Zmar\u0142ych z rodzin: Arcabowicz\u00f3w i Wo\u017aniakowskich, rodzic\u00f3w i rodze\u0144stwo &nbsp; 18 czerwca WTOREK Mt 5, 43-48 8:00 \u015ap. Regina i Edward Marek (18 greg) 9:00 Msza \u015bw. na zako\u0144czenie Roku Szkolnego i [&hellip;]<\/p>\n","protected":false},"author":1,"featured_media":2526,"comment_status":"closed","ping_status":"closed","sticky":false,"template":"","format":"standard","meta":{"ngg_post_thumbnail":0,"footnotes":""},"categories":[11,8,4],"tags":[],"class_list":["post-3407","post","type-post","status-publish","format-standard","has-post-thumbnail","hentry","category-aktualnosci","category-blog","category-intencje"],"_links":{"self":[{"href":"https:\/\/rafalk-elblag.pl\/index.php?rest_route=\/wp\/v2\/posts\/3407","targetHints":{"allow":["GET"]}}],"collection":[{"href":"https:\/\/rafalk-elblag.pl\/index.php?rest_route=\/wp\/v2\/posts"}],"about":[{"href":"https:\/\/rafalk-elblag.pl\/index.php?rest_route=\/wp\/v2\/types\/post"}],"author":[{"embeddable":true,"href":"https:\/\/rafalk-elblag.pl\/index.php?rest_route=\/wp\/v2\/users\/1"}],"replies":[{"embeddable":true,"href":"https:\/\/rafalk-elblag.pl\/index.php?rest_route=%2Fwp%2Fv2%2Fcomments&post=3407"}],"version-history":[{"count":1,"href":"https:\/\/rafalk-elblag.pl\/index.php?rest_route=\/wp\/v2\/posts\/3407\/revisions"}],"predecessor-version":[{"id":3408,"href":"https:\/\/rafalk-elblag.pl\/index.php?rest_route=\/wp\/v2\/posts\/3407\/revisions\/3408"}],"wp:featuredmedia":[{"embeddable":true,"href":"https:\/\/rafalk-elblag.pl\/index.php?rest_route=\/wp\/v2\/media\/2526"}],"wp:attachment":[{"href":"https:\/\/rafalk-elblag.pl\/index.php?rest_route=%2Fwp%2Fv2%2Fmedia&parent=3407"}],"wp:term":[{"taxonomy":"category","embeddable":true,"href":"https:\/\/rafalk-elblag.pl\/index.php?rest_route=%2Fwp%2Fv2%2Fcategories&post=3407"},{"taxonomy":"post_tag","embeddable":true,"href":"https:\/\/rafalk-elblag.pl\/index.php?rest_route=%2Fwp%2Fv2%2Ftags&post=3407"}],"curies":[{"name":"wp","href":"https:\/\/api.w.org\/{rel}","templated":true}]}}