{"id":3405,"date":"2019-06-30T08:42:10","date_gmt":"2019-06-30T08:42:10","guid":{"rendered":"http:\/\/rafalk-elblag.pl\/?p=3405"},"modified":"2019-06-30T08:42:10","modified_gmt":"2019-06-30T08:42:10","slug":"ogloszenia-parafialne-niedziela-trojcy-przenajswietszej-16-06-2019","status":"publish","type":"post","link":"https:\/\/rafalk-elblag.pl\/?p=3405","title":{"rendered":"OG\u0141OSZENIA PARAFIALNE \u2013 NIEDZIELA TR\u00d3JCY PRZENAJ\u015aWI\u0118TSZEJ \u2013 16.06.2019"},"content":{"rendered":"<p><a href=\"http:\/\/rafalk-elblag.pl\/wp-content\/uploads\/2016\/12\/pulpit.jpg\"><img loading=\"lazy\" decoding=\"async\" class=\"alignnone size-large wp-image-2530\" src=\"http:\/\/rafalk-elblag.pl\/wp-content\/uploads\/2016\/12\/pulpit-1024x682.jpg\" alt=\"\" width=\"900\" height=\"599\" srcset=\"https:\/\/rafalk-elblag.pl\/wp-content\/uploads\/2016\/12\/pulpit-1024x682.jpg 1024w, https:\/\/rafalk-elblag.pl\/wp-content\/uploads\/2016\/12\/pulpit-300x200.jpg 300w, https:\/\/rafalk-elblag.pl\/wp-content\/uploads\/2016\/12\/pulpit-768x512.jpg 768w, https:\/\/rafalk-elblag.pl\/wp-content\/uploads\/2016\/12\/pulpit.jpg 1698w\" sizes=\"auto, (max-width: 900px) 100vw, 900px\" \/><\/a><\/p>\n<p>&nbsp;<\/p>\n<p>1. Przez ca\u0142y czerwiec odprawiamy Nabo\u017ce\u0144stwa Eucharystyczne ku czci Naj\u015bwi\u0119tszego Serca Pana Jezusa. Do udzia\u0142u w nich zapraszamy doros\u0142ych, m\u0142odzie\u017c i dzieci codziennie o godz. 17:30.<\/p>\n<p>&nbsp;<br \/>\n2. Dzisiaj 16 dzie\u0144 miesi\u0105ca &#8211; dzie\u0144 modlitw za Bractwo Szkaplerzne, a tak\u017ce za osoby nosz\u0105ce Szkaplerz \u015awi\u0119ty. Zapraszamy wszystkich nale\u017c\u0105cych i pragn\u0105cych w\u0142\u0105czy\u0107 si\u0119 do tej wsp\u00f3lnoty na Msz\u0119 \u015bw. o godz. 18:00 z mo\u017cliwo\u015bci\u0105 przyj\u0119cia szkaplerza \u015bwi\u0119tego. Po Mszy \u015bw. spotkanie Rady Szkaplerznej na plebanii.<\/p>\n<p>&nbsp;<br \/>\n3. Wszystkich, kt\u00f3rzy w tym roku pragn\u0105 wybra\u0107 si\u0119 na XXVII Elbl\u0105sk\u0105 Pielgrzymk\u0119 Piesz\u0105 na Jasn\u0105 G\u00f3r\u0119 zapraszamy dzisiaj na spotkanie przed pielgrzymkowe o godz. 19:00 na plebanii. Przed ko\u015bcio\u0142em mo\u017cemy z\u0142o\u017cy\u0107 dobrowolna ofiar\u0119 do puszek na organizacj\u0119 grupy P\u00d3\u0141NOC ELBL\u0104G, kt\u00f3rej przewodnikiem jest ks. Tomasz Wieczorek.<\/p>\n<p>&nbsp;<br \/>\n4. W zwi\u0105zku z pielgrzymk\u0105 na Jasn\u0105 G\u00f3r\u0119 ju\u017c tradycyjnie przy wej\u015bciu do ko\u015bcio\u0142a wystawione jest pude\u0142ko na intencje modlitewne, kt\u00f3re zabior\u0105 w Waszym imieniu pielgrzymi w\u0119druj\u0105cy na Jasn\u0105 G\u00f3r\u0119. B\u00f3g zap\u0142a\u0107.<\/p>\n<p>&nbsp;<br \/>\n5. Uroczyste zako\u0144czenie ROKU SZKOLNEGO 2018\/2019: dla Szko\u0142y Podstawowej nr 11 we wtorek na Mszy \u015bw. o godz. 9:00. Zapraszamy dzieci, m\u0142odzie\u017c, nauczycieli i parafian do udzia\u0142u we wsp\u00f3lnej modlitwie, zako\u0144czonej b\u0142ogos\u0142awie\u0144stwem na wakacje. Zach\u0119camy dzieci i m\u0142odzie\u017c do skorzystania z sakramentu Spowiedzi \u015bwi\u0119tej w ci\u0105gu tygodnia i Komunii \u015bw., aby w ten spos\u00f3b podzi\u0119kowa\u0107 za wszystkie dobra otrzymane w roku szkolnym. Dzieciom i m\u0142odzie\u017cy \u017cyczymy udanych i bezpiecznych wakacji, polecaj\u0105c je opiece Anio\u0142\u00f3w Str\u00f3\u017c\u00f3w. Szcz\u0119\u015b\u0107 Wam Bo\u017ce.<\/p>\n<p>&nbsp;<br \/>\n6. Zapraszamy dziewczynki do sypania kwiat\u00f3w dzisiaj po Mszy \u015bw. o godz. 10:30. Prosimy rodzic\u00f3w o zach\u0119cenie dzieci do czynnego udzia\u0142u w procesji.<\/p>\n<p>&nbsp;<br \/>\n7. W czwartek (20 czerwca) przypada UROCZYSTO\u015a\u0106 NAJ\u015aWI\u0118TSZEGO CIA\u0141A I KRWI CHRYSTUSA tj. BO\u017bEGO CIA\u0141A. Msze \u015bw. odprawione b\u0119d\u0105 o godz. 7.00, 9.00, 10.30 i 18.00. W tym roku procesja wyruszy z parafii \u015bw. Brata Alberta po Mszy \u015bw.<br \/>\no godz. 10.30. Zach\u0119camy parafian do przyozdobienia okien swoich mieszka\u0144. Procesja przejdzie ulicami: Legion\u00f3w, Niepodleg\u0142o\u015bci, Broniewskiego i Sobieskiego. Wsp\u00f3lnoty parafialne prosimy o pomoc w przygotowaniu: trzeciego o\u0142tarza \u2013 Katolickie Stowarzyszenie M\u0142odzie\u017cy, czwartego o\u0142tarza \u2013 Odnowa w Duchu \u015awi\u0119tym, i Domowy Ko\u015bci\u00f3\u0142 a pozosta\u0142ych parafian prosimy o przynoszenie kwiat\u00f3w do zakrystii.<\/p>\n<p>&nbsp;<br \/>\n8. W Oktawie Bo\u017cego Cia\u0142a zapraszamy wiernych do udzia\u0142u nabo\u017ce\u0144stwie czerwcowym po\u0142\u0105czonym z procesj\u0105 eucharystyczn\u0105 o godz. 17:30 i we Mszy \u015bw. Zapraszamy dzieci do sypania kwiat\u00f3w, a doros\u0142ych do przygotowania procesji. Udzia\u0142 w procesji jest wyrazem wiary w obecno\u015b\u0107 Jezusa Chrystusa w Naj\u015bwi\u0119tszym Sakramencie.<\/p>\n<p>&nbsp;<br \/>\n9. Rekolekcje powo\u0142aniowe w naszym Elbl\u0105skim Seminarium Duchownym pod has\u0142em \u201eWYP\u0141Y\u0143 NA G\u0141\u0118BI\u0118\u201d. Rozpoczn\u0105 si\u0119 22 czerwca, a zako\u0144cz\u0105 26 czerwca 2019r. oko\u0142o godz. 15:00. Na rekolekcje mo\u017cna zg\u0142asza\u0107 m\u0142odzie\u017c m\u0119sk\u0105 od III klasy gimnazjum i wy\u017cej. Nale\u017cy na nie przywie\u017a\u0107: notatnik, d\u0142ugopis, Pismo \u015awi\u0119te, \u015bpiw\u00f3r (je\u015bli kto\u015b chce tak\u017ce poduszk\u0119), str\u00f3j sportowy oraz rzeczy osobiste. Koszt rekolekcji wynosi 50 z\u0142. tel. (55)2355183<\/p>\n<p>&nbsp;<br \/>\n10. W Wy\u017cszym Seminarium Duchownym w Elbl\u0105gu organizowane s\u0105 rekolekcje s\u0142u\u017c\u0105ce pog\u0142\u0119bieniu \u017cycia S\u0142owem Bo\u017cym, prowadzone metod\u0105 Lectio divina. Odb\u0119d\u0105 si\u0119 one w dniach 29 czerwca \u2013 7 lipca br. Rekolekcje Lectio divina oparte s\u0105 na wielowiekowej praktyce modlitwy s\u0142owem Bo\u017cym, si\u0119gaj\u0105cej pocz\u0105tk\u00f3w chrze\u015bcija\u0144stwa. Wi\u0119cej informacji o rekolekcjach Lectio divina na stronie internetowej: www.cneelblag.pl<\/p>\n<p>&nbsp;<br \/>\n11. Przed ko\u015bcio\u0142em mo\u017cna naby\u0107 pras\u0119 katolick\u0105: \u201eGo\u015b\u0107 Niedzielny\u201d w cenie 5 z\u0142.<\/p>\n<p>&nbsp;<br \/>\n12. Pan powo\u0142a\u0142 do wieczno\u015bci: \u015bp. Ryszarda(m) Jab\u0142onowskiego lat 90 z ul. Leszczy\u0144skiego oraz \u015bp. Wies\u0142awa(m) Markiewicza lat 69 z ul. Broniewskiego.<\/p>\n<p>&nbsp;<\/p>\n<p>&nbsp;<\/p>\n","protected":false},"excerpt":{"rendered":"<p>&nbsp; 1. Przez ca\u0142y czerwiec odprawiamy Nabo\u017ce\u0144stwa Eucharystyczne ku czci Naj\u015bwi\u0119tszego Serca Pana Jezusa. Do udzia\u0142u w nich zapraszamy doros\u0142ych, m\u0142odzie\u017c i dzieci codziennie o godz. 17:30. &nbsp; 2. Dzisiaj 16 dzie\u0144 miesi\u0105ca &#8211; dzie\u0144 modlitw za Bractwo Szkaplerzne, a tak\u017ce za osoby nosz\u0105ce Szkaplerz \u015awi\u0119ty. Zapraszamy wszystkich nale\u017c\u0105cych i pragn\u0105cych w\u0142\u0105czy\u0107 si\u0119 do tej [&hellip;]<\/p>\n","protected":false},"author":1,"featured_media":2530,"comment_status":"closed","ping_status":"closed","sticky":false,"template":"","format":"standard","meta":{"ngg_post_thumbnail":0,"footnotes":""},"categories":[11,8,3],"tags":[],"class_list":["post-3405","post","type-post","status-publish","format-standard","has-post-thumbnail","hentry","category-aktualnosci","category-blog","category-ogloszenia"],"_links":{"self":[{"href":"https:\/\/rafalk-elblag.pl\/index.php?rest_route=\/wp\/v2\/posts\/3405","targetHints":{"allow":["GET"]}}],"collection":[{"href":"https:\/\/rafalk-elblag.pl\/index.php?rest_route=\/wp\/v2\/posts"}],"about":[{"href":"https:\/\/rafalk-elblag.pl\/index.php?rest_route=\/wp\/v2\/types\/post"}],"author":[{"embeddable":true,"href":"https:\/\/rafalk-elblag.pl\/index.php?rest_route=\/wp\/v2\/users\/1"}],"replies":[{"embeddable":true,"href":"https:\/\/rafalk-elblag.pl\/index.php?rest_route=%2Fwp%2Fv2%2Fcomments&post=3405"}],"version-history":[{"count":1,"href":"https:\/\/rafalk-elblag.pl\/index.php?rest_route=\/wp\/v2\/posts\/3405\/revisions"}],"predecessor-version":[{"id":3406,"href":"https:\/\/rafalk-elblag.pl\/index.php?rest_route=\/wp\/v2\/posts\/3405\/revisions\/3406"}],"wp:featuredmedia":[{"embeddable":true,"href":"https:\/\/rafalk-elblag.pl\/index.php?rest_route=\/wp\/v2\/media\/2530"}],"wp:attachment":[{"href":"https:\/\/rafalk-elblag.pl\/index.php?rest_route=%2Fwp%2Fv2%2Fmedia&parent=3405"}],"wp:term":[{"taxonomy":"category","embeddable":true,"href":"https:\/\/rafalk-elblag.pl\/index.php?rest_route=%2Fwp%2Fv2%2Fcategories&post=3405"},{"taxonomy":"post_tag","embeddable":true,"href":"https:\/\/rafalk-elblag.pl\/index.php?rest_route=%2Fwp%2Fv2%2Ftags&post=3405"}],"curies":[{"name":"wp","href":"https:\/\/api.w.org\/{rel}","templated":true}]}}