{"id":3402,"date":"2019-06-06T12:27:31","date_gmt":"2019-06-06T12:27:31","guid":{"rendered":"http:\/\/rafalk-elblag.pl\/?p=3402"},"modified":"2019-09-03T20:02:44","modified_gmt":"2019-09-03T20:02:44","slug":"25-lat-kaplanstwa-ks-wojciecha-zwolickiego","status":"publish","type":"post","link":"https:\/\/rafalk-elblag.pl\/?p=3402","title":{"rendered":"25 LAT KAP\u0141A\u0143STWA KS. WOJCIECHA ZWOLICKIEGO"},"content":{"rendered":"<p><a href=\"http:\/\/rafalk-elblag.pl\/wp-content\/uploads\/2018\/11\/50cceb4263a9001c0b2a292299bf2981.jpg\"><img loading=\"lazy\" decoding=\"async\" class=\"wp-image-3242 aligncenter\" src=\"http:\/\/rafalk-elblag.pl\/wp-content\/uploads\/2018\/11\/50cceb4263a9001c0b2a292299bf2981-1024x738.jpg\" alt=\"\" width=\"632\" height=\"456\" srcset=\"https:\/\/rafalk-elblag.pl\/wp-content\/uploads\/2018\/11\/50cceb4263a9001c0b2a292299bf2981-1024x738.jpg 1024w, https:\/\/rafalk-elblag.pl\/wp-content\/uploads\/2018\/11\/50cceb4263a9001c0b2a292299bf2981-300x216.jpg 300w, https:\/\/rafalk-elblag.pl\/wp-content\/uploads\/2018\/11\/50cceb4263a9001c0b2a292299bf2981-768x553.jpg 768w, https:\/\/rafalk-elblag.pl\/wp-content\/uploads\/2018\/11\/50cceb4263a9001c0b2a292299bf2981.jpg 1041w\" sizes=\"auto, (max-width: 632px) 100vw, 632px\" \/><\/a><\/p>\n<p>&nbsp;<\/p>\n<p style=\"text-align: center;\"><span style=\"color: #ff0000;\"><strong>JUBILEUSZ 25 \u2013 LECIA \u015aWI\u0118CE\u0143 KAP\u0141A\u0143SKICH<\/strong><\/span><\/p>\n<p style=\"text-align: left;\">\nUrodzi\u0142em si\u0119 19 kwietnia 1967 roku w Malborku. Rodzice Franciszek i Krystyna Zwoliccy. M\u00f3j dom rodzinny, gdzie si\u0119 wychowywa\u0142em i dojrzewa\u0142o moje powo\u0142anie do kap\u0142a\u0144stwa to Ko\u0144czewice \u2013 wie\u015b po\u0142o\u017cona na \u017bu\u0142awach Wi\u015blanych pomi\u0119dzy Nogatem a Wis\u0142\u0105. Wzrasta\u0142em w\u015br\u00f3d rodze\u0144stwa, jestem najstarszy z nich. Mam dw\u00f3ch braci: Jacka i Piotra oraz siostr\u0119 Lucyn\u0119. Bardzo wa\u017cn\u0105 rol\u0119 w moim \u017cyciu odegra\u0142y babcie Helena i Weronika i dziadek Boles\u0142aw. Wychowa\u0142em si\u0119 na wsi, gdzie rodzice prowadzili gospodarstwo rolne. W rodzinnym domu tata i mama zasiewali ziarno mi\u0142o\u015bci i wiary. Rodzice przekazali mi swoj\u0105 mi\u0142o\u015b\u0107 do ziemi i pracy na roli.<\/p>\n<p style=\"text-align: left;\">&nbsp;<\/p>\n<p style=\"text-align: left;\">Od najm\u0142odszych lat by\u0142em zwi\u0105zany z moj\u0105 parafi\u0105 p.w. Wniebowzi\u0119cia N.M.P. Przez lata dzieci\u0144stwa i m\u0142odo\u015bci s\u0142u\u017cy\u0142em przy o\u0142tarzu \u2013 by\u0142em ministrantem, lektorem. Kap\u0142ani kt\u00f3rych Pan B\u00f3g stawia\u0142 na mojej drodze, szczeg\u00f3lnie proboszczowie, pomagali odkrywa\u0107 moje powo\u0142anie. Ich \u015bwiadectwo \u017cycia rozpali\u0142o we mnie pragnienie p\u00f3j\u015bcia za Jezusem. Szko\u0142\u0119 Podstawow\u0105 uko\u0144czy\u0142em w Ko\u0144czewicach, dalsz\u0105 nauk\u0119 podj\u0105\u0142em w Technikum Mechanizacji Rolnictwa w Kwidzynie. W 1987 roku zda\u0142em matur\u0119 i rozpocz\u0105\u0142em studia w Akademii Techniczno &#8211; Rolniczej w Bydgoszczy.<\/p>\n<p style=\"text-align: left;\">&nbsp;<\/p>\n<p style=\"text-align: left;\">G\u0142os \u201ep\u00f3jd\u017a za mn\u0105\u201d nieustannie mnie przynagla\u0142. Pod Jego wp\u0142ywem w 1988 roku przerwa\u0142em studia i wst\u0105pi\u0142em do Biskupiego Seminarium Duchownego w Gda\u0144sku \u2013 Oliwie. W wyniku powstania Diecezji Elbl\u0105skiej (1992) dalsz\u0105 formacj\u0119 kontynuowa\u0142em w Wy\u017cszym Seminarium Duchownym \u201eHosianum\u201d w Olsztynie. W 1993 roku powsta\u0142o w Elbl\u0105gu Wy\u017csze Seminarium Duchowne Diecezji Elbl\u0105skiej i tu zako\u0144czy\u0142em swoj\u0105 formacj\u0119. Dnia 11 czerwca 1994 roku z r\u0105k J.E. ks. Biskupa Andrzeja \u015aliwi\u0144skiego przyj\u0105\u0142em \u015bwi\u0119cenia kap\u0142a\u0144skie. Moj\u0105 prac\u0119 duszpastersk\u0105 rozpocz\u0105\u0142em w parafii \u015bw. J\u00f3zefa w Mor\u0105gu, gdzie pos\u0142ugiwa\u0142em przez pi\u0119\u0107 lat (1994 \u2013 1999). W roku wizyty Ojca \u015bw. Jana Paw\u0142a II w Elbl\u0105gu (1999) dekretem biskupa zosta\u0142em skierowany do parafii katedralnej \u015bw. Miko\u0142aja w Elbl\u0105gu. Po trzech latach jako kap\u0142an z niewielkim, o\u015bmioletnim do\u015bwiadczeniem zosta\u0142em mianowany proboszczem buduj\u0105cej si\u0119 parafii \u015bw. Rafa\u0142a Kalinowskiego w Elbl\u0105gu.<\/p>\n<p style=\"text-align: left;\">&nbsp;<\/p>\n<p style=\"text-align: left;\">W latach 2008 \u2013 2012 i od 2018 pe\u0142ni\u0119 funkcj\u0119 wicedziekana Dekanatu Elbl\u0105g P\u00f3\u0142noc. W 2015 Biskup Elbl\u0105ski ks. dr Jacek Jezierski doceni\u0142 moj\u0105 pos\u0142ug\u0119 i mianowa\u0142 mnie Kanonikiem Gremialnym Kapitu\u0142y \u017bu\u0142awskiej w Nowym Stawie. Na przestrzeni 25 lat kap\u0142a\u0144stwa by\u0142em katechet\u0105 w szko\u0142ach ponadpodstawowych (1994 \u2013 2002). Obecnie jestem moderatorem Bractwa Szkaplerznego i Dzie\u0142a Duchowej Adopcji Dziecka Pocz\u0119tego w Diecezji Elbl\u0105skiej. Od 1 lipca 2002 roku do dnia dzisiejszego s\u0142u\u017c\u0119 Bogu, kt\u00f3ry mnie wybra\u0142 i powo\u0142uje ka\u017cdego dnia, i Wam drodzy parafianie najlepiej jak potrafi\u0119. Dzi\u0119kuj\u0119 za wszelkie<br \/>\nokazane mi dobro, \u017cyczliwo\u015b\u0107 i prosz\u0119 o modlitw\u0119.<\/p>\n<p style=\"text-align: left;\">&nbsp;<\/p>\n<p style=\"text-align: right;\"><em>Wasz Proboszcz ks. Wojciech Zwolicki<\/em><\/p>\n<p style=\"text-align: right;\">&nbsp;<\/p>\n<p style=\"text-align: center;\"><span style=\"color: #008000;\"><strong>PONI\u017bEJ PRZEDSTAWIAMY TAK\u017bE KILKA ZDJ\u0118\u0106 KS. WOJCIECHA:<\/strong><\/span><\/p>\n<p style=\"text-align: center;\"><a href=\"http:\/\/rafalk-elblag.pl\/wp-content\/uploads\/2019\/06\/DSC00135.jpg\"><img loading=\"lazy\" decoding=\"async\" class=\"alignnone  wp-image-3395\" src=\"http:\/\/rafalk-elblag.pl\/wp-content\/uploads\/2019\/06\/DSC00135-1024x768.jpg\" alt=\"\" width=\"699\" height=\"524\" srcset=\"https:\/\/rafalk-elblag.pl\/wp-content\/uploads\/2019\/06\/DSC00135.jpg 1024w, https:\/\/rafalk-elblag.pl\/wp-content\/uploads\/2019\/06\/DSC00135-300x225.jpg 300w, https:\/\/rafalk-elblag.pl\/wp-content\/uploads\/2019\/06\/DSC00135-768x576.jpg 768w\" sizes=\"auto, (max-width: 699px) 100vw, 699px\" \/><\/a><\/p>\n<p style=\"text-align: center;\">Z rodzicami i rodze\u0144stwem, w dniu rocznicy 50-jubileuszu ma\u0142\u017ce\u0144stwa rodzic\u00f3w.<\/p>\n<p style=\"text-align: center;\">&nbsp;<\/p>\n<p style=\"text-align: center;\"><a href=\"http:\/\/rafalk-elblag.pl\/wp-content\/uploads\/2019\/06\/J-317.jpg\"><img loading=\"lazy\" decoding=\"async\" class=\"alignnone  wp-image-3398\" src=\"http:\/\/rafalk-elblag.pl\/wp-content\/uploads\/2019\/06\/J-317-1024x683.jpg\" alt=\"\" width=\"702\" height=\"468\" srcset=\"https:\/\/rafalk-elblag.pl\/wp-content\/uploads\/2019\/06\/J-317-1024x683.jpg 1024w, https:\/\/rafalk-elblag.pl\/wp-content\/uploads\/2019\/06\/J-317-300x200.jpg 300w, https:\/\/rafalk-elblag.pl\/wp-content\/uploads\/2019\/06\/J-317-768x512.jpg 768w\" sizes=\"auto, (max-width: 702px) 100vw, 702px\" \/><\/a><\/p>\n<p style=\"text-align: center;\">Uroczysto\u015b\u0107 po\u015bwi\u0119cenia ko\u015bcio\u0142a \u015bw. Rafa\u0142a Kalinowskiego, 17 listopada 2018 r.<\/p>\n<p style=\"text-align: center;\">&nbsp;<\/p>\n<p style=\"text-align: center;\"><a href=\"http:\/\/rafalk-elblag.pl\/wp-content\/uploads\/2019\/06\/20180911_093327.jpg\"><img loading=\"lazy\" decoding=\"async\" class=\"alignnone  wp-image-3396\" src=\"http:\/\/rafalk-elblag.pl\/wp-content\/uploads\/2019\/06\/20180911_093327-1024x576.jpg\" alt=\"\" width=\"706\" height=\"397\" srcset=\"https:\/\/rafalk-elblag.pl\/wp-content\/uploads\/2019\/06\/20180911_093327-1024x576.jpg 1024w, https:\/\/rafalk-elblag.pl\/wp-content\/uploads\/2019\/06\/20180911_093327-300x169.jpg 300w, https:\/\/rafalk-elblag.pl\/wp-content\/uploads\/2019\/06\/20180911_093327-768x432.jpg 768w\" sizes=\"auto, (max-width: 706px) 100vw, 706px\" \/><\/a><\/p>\n<p style=\"text-align: center;\">W czasie pielgrzymki do Medjugorie.<\/p>\n<p style=\"text-align: center;\">&nbsp;<\/p>\n<p style=\"text-align: center;\"><a href=\"http:\/\/rafalk-elblag.pl\/wp-content\/uploads\/2019\/06\/IMG_2331.jpg\"><img loading=\"lazy\" decoding=\"async\" class=\"alignnone  wp-image-3399\" src=\"http:\/\/rafalk-elblag.pl\/wp-content\/uploads\/2019\/06\/IMG_2331-1024x683.jpg\" alt=\"\" width=\"710\" height=\"473\" srcset=\"https:\/\/rafalk-elblag.pl\/wp-content\/uploads\/2019\/06\/IMG_2331-1024x683.jpg 1024w, https:\/\/rafalk-elblag.pl\/wp-content\/uploads\/2019\/06\/IMG_2331-300x200.jpg 300w, https:\/\/rafalk-elblag.pl\/wp-content\/uploads\/2019\/06\/IMG_2331-768x512.jpg 768w\" sizes=\"auto, (max-width: 710px) 100vw, 710px\" \/><\/a><\/p>\n<p style=\"text-align: center;\">W czasie odpustu parafialnego, 16 lipca 2015 r.<\/p>\n<p style=\"text-align: center;\">&nbsp;<\/p>\n<p style=\"text-align: center;\">&nbsp;<\/p>\n","protected":false},"excerpt":{"rendered":"<p>&nbsp; JUBILEUSZ 25 \u2013 LECIA \u015aWI\u0118CE\u0143 KAP\u0141A\u0143SKICH Urodzi\u0142em si\u0119 19 kwietnia 1967 roku w Malborku. Rodzice Franciszek i Krystyna Zwoliccy. M\u00f3j dom rodzinny, gdzie si\u0119 wychowywa\u0142em i dojrzewa\u0142o moje powo\u0142anie do kap\u0142a\u0144stwa to Ko\u0144czewice \u2013 wie\u015b po\u0142o\u017cona na \u017bu\u0142awach Wi\u015blanych pomi\u0119dzy Nogatem a Wis\u0142\u0105. Wzrasta\u0142em w\u015br\u00f3d rodze\u0144stwa, jestem najstarszy z nich. Mam dw\u00f3ch braci: Jacka [&hellip;]<\/p>\n","protected":false},"author":1,"featured_media":796,"comment_status":"closed","ping_status":"closed","sticky":false,"template":"","format":"standard","meta":{"ngg_post_thumbnail":0,"footnotes":""},"categories":[1],"tags":[],"class_list":["post-3402","post","type-post","status-publish","format-standard","has-post-thumbnail","hentry","category-uncategorized"],"_links":{"self":[{"href":"https:\/\/rafalk-elblag.pl\/index.php?rest_route=\/wp\/v2\/posts\/3402","targetHints":{"allow":["GET"]}}],"collection":[{"href":"https:\/\/rafalk-elblag.pl\/index.php?rest_route=\/wp\/v2\/posts"}],"about":[{"href":"https:\/\/rafalk-elblag.pl\/index.php?rest_route=\/wp\/v2\/types\/post"}],"author":[{"embeddable":true,"href":"https:\/\/rafalk-elblag.pl\/index.php?rest_route=\/wp\/v2\/users\/1"}],"replies":[{"embeddable":true,"href":"https:\/\/rafalk-elblag.pl\/index.php?rest_route=%2Fwp%2Fv2%2Fcomments&post=3402"}],"version-history":[{"count":1,"href":"https:\/\/rafalk-elblag.pl\/index.php?rest_route=\/wp\/v2\/posts\/3402\/revisions"}],"predecessor-version":[{"id":3403,"href":"https:\/\/rafalk-elblag.pl\/index.php?rest_route=\/wp\/v2\/posts\/3402\/revisions\/3403"}],"wp:featuredmedia":[{"embeddable":true,"href":"https:\/\/rafalk-elblag.pl\/index.php?rest_route=\/wp\/v2\/media\/796"}],"wp:attachment":[{"href":"https:\/\/rafalk-elblag.pl\/index.php?rest_route=%2Fwp%2Fv2%2Fmedia&parent=3402"}],"wp:term":[{"taxonomy":"category","embeddable":true,"href":"https:\/\/rafalk-elblag.pl\/index.php?rest_route=%2Fwp%2Fv2%2Fcategories&post=3402"},{"taxonomy":"post_tag","embeddable":true,"href":"https:\/\/rafalk-elblag.pl\/index.php?rest_route=%2Fwp%2Fv2%2Ftags&post=3402"}],"curies":[{"name":"wp","href":"https:\/\/api.w.org\/{rel}","templated":true}]}}