{"id":3400,"date":"2019-06-06T12:06:58","date_gmt":"2019-06-06T12:06:58","guid":{"rendered":"http:\/\/rafalk-elblag.pl\/?p=3400"},"modified":"2019-09-03T20:02:52","modified_gmt":"2019-09-03T20:02:52","slug":"wigilia-uroczystosci-zeslania-ducha-swietego","status":"publish","type":"post","link":"https:\/\/rafalk-elblag.pl\/?p=3400","title":{"rendered":"WIGILIA UROCZYSTO\u015aCI ZES\u0141ANIA DUCHA \u015aWI\u0118TEGO"},"content":{"rendered":"<p><a href=\"http:\/\/rafalk-elblag.pl\/wp-content\/uploads\/2019\/06\/plakat_parafia_L.jpg\"><img loading=\"lazy\" decoding=\"async\" class=\"size-large wp-image-3397 aligncenter\" src=\"http:\/\/rafalk-elblag.pl\/wp-content\/uploads\/2019\/06\/plakat_parafia_L-724x1024.jpg\" alt=\"\" width=\"724\" height=\"1024\" srcset=\"https:\/\/rafalk-elblag.pl\/wp-content\/uploads\/2019\/06\/plakat_parafia_L-724x1024.jpg 724w, https:\/\/rafalk-elblag.pl\/wp-content\/uploads\/2019\/06\/plakat_parafia_L-212x300.jpg 212w, https:\/\/rafalk-elblag.pl\/wp-content\/uploads\/2019\/06\/plakat_parafia_L-768x1087.jpg 768w, https:\/\/rafalk-elblag.pl\/wp-content\/uploads\/2019\/06\/plakat_parafia_L.jpg 1280w\" sizes=\"auto, (max-width: 724px) 100vw, 724px\" \/><\/a><\/p>\n<p>&nbsp;<\/p>\n<p style=\"text-align: center;\"><span style=\"color: #ff0000;\"><strong>ZAPRASZAMY DO WZI\u0118CIA UDZIA\u0141U W WYJ\u0104TKOWYM WYDARZENIU JAKIM JEST WIGILIA UROCZYSTO\u015aCI ZES\u0141ANIA DUCHA \u015aWI\u0118TEGO. TO SZCZEG\u00d3LNE \u015aWI\u0118TO WSZYSTKICH WSP\u00d3LNOT, LUDZI POSZUKUJ\u0104CYCH BOGA, PRAGN\u0104CYCH DO\u015aWIADCZY\u0106 JEGO DZIA\u0141ANIA. W PROGRAMIE S\u0104 PRZEWIDZIANE KATECHEZY, ADORACJA, MODLITWA WSTAWIENNICZA, \u015aPIEWY I MSZA \u015aWI\u0118TA.<\/strong><\/span><\/p>\n<p style=\"text-align: center;\">&nbsp;<\/p>\n<p style=\"text-align: center;\">&nbsp;<\/p>\n","protected":false},"excerpt":{"rendered":"<p>&nbsp; ZAPRASZAMY DO WZI\u0118CIA UDZIA\u0141U W WYJ\u0104TKOWYM WYDARZENIU JAKIM JEST WIGILIA UROCZYSTO\u015aCI ZES\u0141ANIA DUCHA \u015aWI\u0118TEGO. TO SZCZEG\u00d3LNE \u015aWI\u0118TO WSZYSTKICH WSP\u00d3LNOT, LUDZI POSZUKUJ\u0104CYCH BOGA, PRAGN\u0104CYCH DO\u015aWIADCZY\u0106 JEGO DZIA\u0141ANIA. W PROGRAMIE S\u0104 PRZEWIDZIANE KATECHEZY, ADORACJA, MODLITWA WSTAWIENNICZA, \u015aPIEWY I MSZA \u015aWI\u0118TA. &nbsp; &nbsp;<\/p>\n","protected":false},"author":1,"featured_media":3397,"comment_status":"closed","ping_status":"closed","sticky":false,"template":"","format":"standard","meta":{"ngg_post_thumbnail":0,"footnotes":""},"categories":[1],"tags":[],"class_list":["post-3400","post","type-post","status-publish","format-standard","has-post-thumbnail","hentry","category-uncategorized"],"_links":{"self":[{"href":"https:\/\/rafalk-elblag.pl\/index.php?rest_route=\/wp\/v2\/posts\/3400","targetHints":{"allow":["GET"]}}],"collection":[{"href":"https:\/\/rafalk-elblag.pl\/index.php?rest_route=\/wp\/v2\/posts"}],"about":[{"href":"https:\/\/rafalk-elblag.pl\/index.php?rest_route=\/wp\/v2\/types\/post"}],"author":[{"embeddable":true,"href":"https:\/\/rafalk-elblag.pl\/index.php?rest_route=\/wp\/v2\/users\/1"}],"replies":[{"embeddable":true,"href":"https:\/\/rafalk-elblag.pl\/index.php?rest_route=%2Fwp%2Fv2%2Fcomments&post=3400"}],"version-history":[{"count":1,"href":"https:\/\/rafalk-elblag.pl\/index.php?rest_route=\/wp\/v2\/posts\/3400\/revisions"}],"predecessor-version":[{"id":3401,"href":"https:\/\/rafalk-elblag.pl\/index.php?rest_route=\/wp\/v2\/posts\/3400\/revisions\/3401"}],"wp:featuredmedia":[{"embeddable":true,"href":"https:\/\/rafalk-elblag.pl\/index.php?rest_route=\/wp\/v2\/media\/3397"}],"wp:attachment":[{"href":"https:\/\/rafalk-elblag.pl\/index.php?rest_route=%2Fwp%2Fv2%2Fmedia&parent=3400"}],"wp:term":[{"taxonomy":"category","embeddable":true,"href":"https:\/\/rafalk-elblag.pl\/index.php?rest_route=%2Fwp%2Fv2%2Fcategories&post=3400"},{"taxonomy":"post_tag","embeddable":true,"href":"https:\/\/rafalk-elblag.pl\/index.php?rest_route=%2Fwp%2Fv2%2Ftags&post=3400"}],"curies":[{"name":"wp","href":"https:\/\/api.w.org\/{rel}","templated":true}]}}