{"id":3390,"date":"2019-06-06T11:41:37","date_gmt":"2019-06-06T11:41:37","guid":{"rendered":"http:\/\/rafalk-elblag.pl\/?p=3390"},"modified":"2019-06-06T11:47:22","modified_gmt":"2019-06-06T11:47:22","slug":"intencje-mszalne-x-tydzien-zwykly-10-16-06-2019","status":"publish","type":"post","link":"https:\/\/rafalk-elblag.pl\/?p=3390","title":{"rendered":"INTENCJE MSZALNE \u2013 X TYDZIE\u0143 ZWYK\u0141Y (10-16.06. 2019)"},"content":{"rendered":"<p><a href=\"http:\/\/rafalk-elblag.pl\/wp-content\/uploads\/2016\/12\/shutterstock_49643152-1000.jpg\"><img loading=\"lazy\" decoding=\"async\" class=\"alignnone size-full wp-image-2526\" src=\"http:\/\/rafalk-elblag.pl\/wp-content\/uploads\/2016\/12\/shutterstock_49643152-1000.jpg\" alt=\"\" width=\"1000\" height=\"665\" srcset=\"https:\/\/rafalk-elblag.pl\/wp-content\/uploads\/2016\/12\/shutterstock_49643152-1000.jpg 1000w, https:\/\/rafalk-elblag.pl\/wp-content\/uploads\/2016\/12\/shutterstock_49643152-1000-300x200.jpg 300w, https:\/\/rafalk-elblag.pl\/wp-content\/uploads\/2016\/12\/shutterstock_49643152-1000-768x511.jpg 768w\" sizes=\"auto, (max-width: 1000px) 100vw, 1000px\" \/><\/a><\/p>\n<p>&nbsp;<\/p>\n<p><span style=\"color: #ff9900;\"><strong>10 czerwca PONIEDZIA\u0141EK<\/strong><\/span><br \/>\n<strong><span style=\"color: #ff9900;\">\u015awi\u0119to Naj\u015bwi\u0119tszej Maryi Panny Matki Ko\u015bcio\u0142a<\/span> J 2, 1-11<\/strong><\/p>\n<p>8:00 \u015ap. Regina i Edward Marek (10 greg)<\/p>\n<p>18:00 \u015ap. J\u00f3zef Sejmicki<br \/>\n18:00 \u015ap. Maria Strechlau (30 dz.p.p)<\/p>\n<p>&nbsp;<\/p>\n<p><span style=\"color: #3366ff;\"><strong>11 czerwca WTOREK<\/strong><\/span><br \/>\n<strong><span style=\"color: #3366ff;\">Wspomnienie \u015bw. Barnaby, aposto\u0142a<\/span> Mt 10, 7-13<\/strong><\/p>\n<p>8:00 \u015ap. Regina i Edward Marek (11 greg)<\/p>\n<p>18.00 \u015ap. Adam Stanis\u0142aw Tomkiewicz oraz zm. rodzice, siostra, brat i dziadkowie<br \/>\n18:00 \u015ap. Regina Zglenicka (1 rocz. \u015bm) i zm. z rodzin: Wile\u0144skich i Zglenickich<\/p>\n<p>&nbsp;<\/p>\n<p><strong><span style=\"color: #ff9900;\">12 czerwca \u015aRODA<\/span> Mt 5, 17-19<\/strong><\/p>\n<p>8:00 \u015ap. Regina i Edward Marek (12 greg)<\/p>\n<p><em>17:30 Nabo\u017ce\u0144stwo do Matki Bo\u017cej Nieustaj\u0105cej Pomocy<\/em><\/p>\n<p>18:00 \u015ap. Zofia Reczek (1 rocz. \u015bm)<br \/>\n18:00 Dzi\u0119kczynna w 2 rocz. \u015bwi\u0119ce\u0144 kap\u0142a\u0144skich Ks. Kamila Bober z pro\u015bb\u0105 o Bo\u017ce b\u0142ogs\u0142awie\u0144stwo i dary Ducha \u015aw. w pos\u0142udze kap\u0142a\u0144skiej &#8211; int. od Margaretki<\/p>\n<p>&nbsp;<\/p>\n<p><span style=\"color: #3366ff;\"><strong>13 czerwca CZWARTEK<\/strong><\/span><br \/>\n<strong><span style=\"color: #3366ff;\">\u015awi\u0119to Jezusa Chrystusa Najwy\u017cszego i Wiecznego Kap\u0142ana<\/span> J 17, 1-2. 9. 14-26<\/strong><\/p>\n<p>8:00 O zdrowie, Bo\u017ce b\u0142ogos\u0142awie\u0144stwo, potrzebne \u0142aski dla Jolanty i Piotra oraz ich rodzin<\/p>\n<p>18:00 \u015ap. Helena Skonieczna (30 dz.p.p)<\/p>\n<p>18.00 \u015ap. Regina i Edward Marek (13 greg)<\/p>\n<p>&nbsp;<\/p>\n<p><span style=\"color: #ff9900;\"><strong>14 czerwca PI\u0104TEK<\/strong><\/span><br \/>\n<strong><span style=\"color: #ff9900;\">Wspomnienie b\u0142 Micha\u0142a Kozala, biskupa i m\u0119czenika<\/span> Mt 5, 27-32<\/strong><\/p>\n<p>8:00 \u015ap. Regina i Edward Marek (14 greg)<\/p>\n<p>18:00 \u015ap. El\u017cbieta Kisielewska (1 rocz. \u015bm)<br \/>\n18:00 \u015ap. Helena i Wincenty Kokoszka i zm. z rodziny Kokoszka<\/p>\n<p>&nbsp;<\/p>\n<p><strong><span style=\"color: #3366ff;\">15 czerwca SOBOTA<\/span> Mt 5, 33-37<\/strong><\/p>\n<p>8:00 \u015ap. Regina i Edward Marek (15 greg)<\/p>\n<p><strong>12:00 Dzi\u0119kczynna z okazji 25 rocznicy \u015bwi\u0119ce\u0144 kap\u0142a\u0144skich Ksi\u0119dza Proboszcza Wojciecha Zwolickiego, z pro\u015bb\u0105 o Bo\u017ce b\u0142ogos\u0142awie\u0144stwo, wszelkie \u0142aski i opiek\u0119 Matki Bo\u017cej na dalsze lata pos\u0142ugi kap\u0142a\u0144skiej<\/strong><\/p>\n<p>18:00 \u015ap. J\u00f3zef, Stefania Polmajscy, Antoni Szwarc, Jadwiga i Aleksander Urbanowscy<br \/>\n18:00 \u015ap. Jolanta w dniu urodzin i zmar\u0142ych z rodziny Karman<\/p>\n<p>&nbsp;<\/p>\n<h3><span style=\"color: #ff9900;\">16 czerwca UROCZYSTO\u015a\u0106 TR\u00d3JCY PRZENAJ\u015aWI\u0118TSZEJ J 16, 12-15<\/span><\/h3>\n<p>7:00 \u015ap. Maria Tonga (11 rocz. \u015bm), Jan Tonga<\/p>\n<p>9:00 \u015ap. Jadwiga Pep\u0142owska (2 rocz. \u015bm)<br \/>\n9:00 \u015ap. Boles\u0142aw Malinowski &#8211; int. od rodziny Rysi\u00f3w z Podkarpacia<\/p>\n<p>10:30 \u015ap. Regina i Edward Marek (16 greg)<br \/>\n10:30 O Bo\u017ce b\u0142ogos\u0142awie\u0144stwo dla c\u00f3rek: Barbary i Aleksandry oraz opiek\u0119 Matki Bo\u017cej na ka\u017cdy dzie\u0144<\/p>\n<p><span style=\"color: #ff9900;\"><strong>12:00 Za parafian<\/strong><\/span><\/p>\n<p>18:00 W intencji Rodziny Karmelita\u0144skiej i Bractwa Szkaplerznego<\/p>\n<p>&nbsp;<\/p>\n<p>&nbsp;<\/p>\n","protected":false},"excerpt":{"rendered":"<p>&nbsp; 10 czerwca PONIEDZIA\u0141EK \u015awi\u0119to Naj\u015bwi\u0119tszej Maryi Panny Matki Ko\u015bcio\u0142a J 2, 1-11 8:00 \u015ap. Regina i Edward Marek (10 greg) 18:00 \u015ap. J\u00f3zef Sejmicki 18:00 \u015ap. Maria Strechlau (30 dz.p.p) &nbsp; 11 czerwca WTOREK Wspomnienie \u015bw. Barnaby, aposto\u0142a Mt 10, 7-13 8:00 \u015ap. Regina i Edward Marek (11 greg) 18.00 \u015ap. Adam Stanis\u0142aw Tomkiewicz [&hellip;]<\/p>\n","protected":false},"author":1,"featured_media":2526,"comment_status":"closed","ping_status":"closed","sticky":false,"template":"","format":"standard","meta":{"ngg_post_thumbnail":0,"footnotes":""},"categories":[11,8,4],"tags":[],"class_list":["post-3390","post","type-post","status-publish","format-standard","has-post-thumbnail","hentry","category-aktualnosci","category-blog","category-intencje"],"_links":{"self":[{"href":"https:\/\/rafalk-elblag.pl\/index.php?rest_route=\/wp\/v2\/posts\/3390","targetHints":{"allow":["GET"]}}],"collection":[{"href":"https:\/\/rafalk-elblag.pl\/index.php?rest_route=\/wp\/v2\/posts"}],"about":[{"href":"https:\/\/rafalk-elblag.pl\/index.php?rest_route=\/wp\/v2\/types\/post"}],"author":[{"embeddable":true,"href":"https:\/\/rafalk-elblag.pl\/index.php?rest_route=\/wp\/v2\/users\/1"}],"replies":[{"embeddable":true,"href":"https:\/\/rafalk-elblag.pl\/index.php?rest_route=%2Fwp%2Fv2%2Fcomments&post=3390"}],"version-history":[{"count":3,"href":"https:\/\/rafalk-elblag.pl\/index.php?rest_route=\/wp\/v2\/posts\/3390\/revisions"}],"predecessor-version":[{"id":3393,"href":"https:\/\/rafalk-elblag.pl\/index.php?rest_route=\/wp\/v2\/posts\/3390\/revisions\/3393"}],"wp:featuredmedia":[{"embeddable":true,"href":"https:\/\/rafalk-elblag.pl\/index.php?rest_route=\/wp\/v2\/media\/2526"}],"wp:attachment":[{"href":"https:\/\/rafalk-elblag.pl\/index.php?rest_route=%2Fwp%2Fv2%2Fmedia&parent=3390"}],"wp:term":[{"taxonomy":"category","embeddable":true,"href":"https:\/\/rafalk-elblag.pl\/index.php?rest_route=%2Fwp%2Fv2%2Fcategories&post=3390"},{"taxonomy":"post_tag","embeddable":true,"href":"https:\/\/rafalk-elblag.pl\/index.php?rest_route=%2Fwp%2Fv2%2Ftags&post=3390"}],"curies":[{"name":"wp","href":"https:\/\/api.w.org\/{rel}","templated":true}]}}