{"id":3388,"date":"2019-06-06T11:34:25","date_gmt":"2019-06-06T11:34:25","guid":{"rendered":"http:\/\/rafalk-elblag.pl\/?p=3388"},"modified":"2019-06-06T11:34:25","modified_gmt":"2019-06-06T11:34:25","slug":"ogloszenia-parafialne-niedziela-zeslania-ducha-swietego-9-06-2019","status":"publish","type":"post","link":"https:\/\/rafalk-elblag.pl\/?p=3388","title":{"rendered":"OG\u0141OSZENIA PARAFIALNE &#8211; NIEDZIELA ZES\u0141ANIA DUCHA \u015aWI\u0118TEGO &#8211; 9.06.2019"},"content":{"rendered":"<p><a href=\"http:\/\/rafalk-elblag.pl\/wp-content\/uploads\/2016\/12\/pulpit.jpg\"><img loading=\"lazy\" decoding=\"async\" class=\"alignnone size-large wp-image-2530\" src=\"http:\/\/rafalk-elblag.pl\/wp-content\/uploads\/2016\/12\/pulpit-1024x682.jpg\" alt=\"\" width=\"900\" height=\"599\" srcset=\"https:\/\/rafalk-elblag.pl\/wp-content\/uploads\/2016\/12\/pulpit-1024x682.jpg 1024w, https:\/\/rafalk-elblag.pl\/wp-content\/uploads\/2016\/12\/pulpit-300x200.jpg 300w, https:\/\/rafalk-elblag.pl\/wp-content\/uploads\/2016\/12\/pulpit-768x512.jpg 768w, https:\/\/rafalk-elblag.pl\/wp-content\/uploads\/2016\/12\/pulpit.jpg 1698w\" sizes=\"auto, (max-width: 900px) 100vw, 900px\" \/><\/a><\/p>\n<p>&nbsp;<\/p>\n<p>1. Dzisiaj Uroczysto\u015b\u0107 Zes\u0142ania Ducha \u015awi\u0119tego, a zarazem dzie\u0144, w kt\u00f3rym mo\u017cemy uzyska\u0107 ODPUST ZUPE\u0141NY pod zwyk\u0142ymi warunkami za udzia\u0142 w publicznym \u015bpiewie lub recytacji hymnu: \u201eO Stworzycielu, Duchu przyjd\u017a\u201d.<\/p>\n<p>&nbsp;<\/p>\n<p>2. Dzisiaj na Sumie Parafialnej o godz. 12:00 dzieci klas IV prze\u017cywa\u0107 b\u0119d\u0105 Rocznic\u0119 Pierwszej Komunii \u015awi\u0119tej. Prosimy o modlitw\u0119 w intencji dzieci i ich rodzic\u00f3w.<\/p>\n<p>&nbsp;<\/p>\n<p>3. Ks. Biskup Wojciech Skibicki dzisiaj na Mszy \u015bw. o godz. 18:00 udzieli SAKRAMENTU BIERZMOWANIA grupie m\u0142odzie\u017cy (52 os\u00f3b), kt\u00f3ra przez dwa lata przygotowywa\u0142a si\u0119 do sakramentu dojrza\u0142o\u015bci chrze\u015bcija\u0144skiej. Pro\u015bmy o Ducha \u015awi\u0119tego dla tych m\u0142odych ludzi.<\/p>\n<p>&nbsp;<\/p>\n<p>4. UWAGA !!! Od 2 czerwca 2019 roku do ko\u0144ca sierpnia nie b\u0119dzie Mszy \u015bw. niedzielnej o godz. 15:00, natomiast Koronka do Bo\u017cego Mi\u0142osierdzia pozostaje bez zmian.<\/p>\n<p>&nbsp;<\/p>\n<p>5. Przez ca\u0142y czerwiec odprawiamy Nabo\u017ce\u0144stwa Eucharystyczne ku czci Naj\u015bwi\u0119tszego Serca Pana Jezusa. Do udzia\u0142u w nich zapraszamy doros\u0142ych, m\u0142odzie\u017c i dzieci codziennie o godz. 17:30.<\/p>\n<p>&nbsp;<\/p>\n<p>6. Dzi\u0119kuj\u0119 ks. Marcinowi oraz Wsp\u00f3lnocie \u201eKana Galilejska\u201d za zorganizowanie WIGILII ZES\u0141ANIA DUCHA \u015aWI\u0118TEGO, wszystkim zaanga\u017cowanym wsp\u00f3lnotom i osobom, kt\u00f3re skorzysta\u0142y z zaproszenia.<\/p>\n<p>&nbsp;<\/p>\n<p>7. We wtorek 11 czerwca przypada 25 rocznica \u015bwi\u0119ce\u0144 kap\u0142a\u0144skich naszego ks. Proboszcza Wojciecha Zwolickiego. Wszystkich parafian zapraszamy w sobot\u0119 15 czerwca br. na Msz\u0119 \u015awi\u0119t\u0105 dzi\u0119kczynn\u0105 o godz. 12:00 w intencji Czcigodnego Jubilata.<\/p>\n<p>&nbsp;<\/p>\n<p>8. Za tydzie\u0144 16 czerwca br. dzie\u0144 modlitw za Bractwo Szkaplerzne, a tak\u017ce za osoby nosz\u0105ce Szkaplerz \u015awi\u0119ty. Zapraszamy wszystkich nale\u017c\u0105cych i pragn\u0105cych w\u0142\u0105czy\u0107 si\u0119 do tej wsp\u00f3lnoty na Msz\u0119 \u015bw. o godz. 18:00 z katechez\u0105.<\/p>\n<p>&nbsp;<\/p>\n<p>9. Wszystkich, kt\u00f3rzy w tym roku pragn\u0105 wybra\u0107 si\u0119 na XXVII Elbl\u0105sk\u0105 Pielgrzymk\u0119 Piesz\u0105 na Jasn\u0105 G\u00f3r\u0119 zapraszamy na spotkanie przedpielgrzymkowe, kt\u00f3re odb\u0119dzie si\u0119 16 czerwca o godz. 19:00 na plebanii. W tym dniu b\u0119dziemy mogli z\u0142o\u017cy\u0107 dobrowolna ofiar\u0119 do puszek na organizacj\u0119 grupy P\u00d3\u0141NOC ELBL\u0104G. Na pielgrzymk\u0119 zach\u0119ca\u0107 b\u0119dzie g\u0142osz\u0105c katechez\u0119<br \/>\nks. Tomasz Wieczorek, Przewodnik Grupy.<\/p>\n<p>&nbsp;<\/p>\n<p>10. W zwi\u0105zku z pielgrzymk\u0105 na Jasn\u0105 G\u00f3r\u0119 ju\u017c tradycyjnie przy wej\u015bciu do ko\u015bcio\u0142a wystawione jest pude\u0142ko na intencje modlitewne, kt\u00f3re zabior\u0105 w Waszym imieniu pielgrzymi w\u0119druj\u0105cy na Jasn\u0105 G\u00f3r\u0119. B\u00f3g zap\u0142a\u0107.<\/p>\n<p>&nbsp;<\/p>\n<p>11. Wsp\u00f3lnota M\u0119\u017cczyzn Boga z Elbl\u0105ga organizuje wyjazd na &amp;quot;Obl\u0119\u017cenie Jasnej G\u00f3ry. M\u0119\u017cczy\u017ani u Tronu Kr\u00f3lowej\u201d, kt\u00f3re odb\u0119dzie si\u0119 22 czerwca br. Tematem tegorocznego spotkania jest powo\u0142anie do m\u0119sko\u015bci. Jest to spotkanie ca\u0142odniowe od 9.00 do 21.00. Wi\u0119cej na temat wydarzenia mo\u017cna przeczyta\u0107 na stronie: www.oblezenie.mezczyzni.net Osob\u0105<br \/>\nkoordynuj\u0105c\u0105 wyjazd z Elbl\u0105ga jest p. Wojciech \u2013 kom. 662 289 831.<\/p>\n<p>&nbsp;<\/p>\n<p>12. Apostolat Margaretka zaprasza wszystkich modl\u0105cych si\u0119 za kap\u0142an\u00f3w i pragn\u0105cych modli\u0107 si\u0119 za nich, na spotkanie modlitewne, kt\u00f3re odb\u0119dzie si\u0119 15 czerwca w sobot\u0119 o godz.10.00 w katedrze w Elbl\u0105gu. Program spotkania umieszczony jest na plakacie.<\/p>\n<p>&nbsp;<\/p>\n<p>13. Parafia \u015bw. Brata Alberta w Elbl\u0105gu zaprasza na XI Forum Rodziny, kt\u00f3re odb\u0119dzie si\u0119 w dniach od 10 do 12 czerwca, pod has\u0142em: \u201e5 J\u0119zyk\u00f3w Mi\u0142o\u015bci\u201d Poprowadzi je pani Anna Bialik \u2013 psychoterapeuta ma\u0142\u017ce\u0144ski, cz\u0142onek zarz\u0105du Stowarzyszenia Psycholog\u00f3w Chrze\u015bcija\u0144skich. Ka\u017cdego dnia Eucharystia z homili\u0105 a po niej spotkanie z prelegentem. Pocz\u0105tek godz. 18:00. Dok\u0142adne informacje na plakatach oraz na stronie internetowej parafii.<\/p>\n<p>&nbsp;<\/p>\n<p>14. Przed ko\u015bcio\u0142em mo\u017cna naby\u0107 pras\u0119 katolick\u0105: \u201eGo\u015b\u0107 Niedzielny\u201d w cenie 5 z\u0142.<\/p>\n<p>&nbsp;<\/p>\n<p>15. Wszystkim Jubilatom i Solenizantom tego tygodnia \u017cyczymy wszelkiego dobra w \u017cyciu i b\u0142ogos\u0142awie\u0144stwa Bo\u017cego.<\/p>\n<p>&nbsp;<\/p>\n<p>16. Pan powo\u0142a\u0142 do wieczno\u015bci: \u015bp. Feliks\u0119 Wilczy\u0144sk\u0105 lat 93 z ul. Broniewskiego.<\/p>\n<p>&nbsp;<\/p>\n<p>&nbsp;<\/p>\n","protected":false},"excerpt":{"rendered":"<p>&nbsp; 1. Dzisiaj Uroczysto\u015b\u0107 Zes\u0142ania Ducha \u015awi\u0119tego, a zarazem dzie\u0144, w kt\u00f3rym mo\u017cemy uzyska\u0107 ODPUST ZUPE\u0141NY pod zwyk\u0142ymi warunkami za udzia\u0142 w publicznym \u015bpiewie lub recytacji hymnu: \u201eO Stworzycielu, Duchu przyjd\u017a\u201d. &nbsp; 2. Dzisiaj na Sumie Parafialnej o godz. 12:00 dzieci klas IV prze\u017cywa\u0107 b\u0119d\u0105 Rocznic\u0119 Pierwszej Komunii \u015awi\u0119tej. Prosimy o modlitw\u0119 w intencji dzieci [&hellip;]<\/p>\n","protected":false},"author":1,"featured_media":2530,"comment_status":"closed","ping_status":"closed","sticky":false,"template":"","format":"standard","meta":{"ngg_post_thumbnail":0,"footnotes":""},"categories":[11,8,3],"tags":[],"class_list":["post-3388","post","type-post","status-publish","format-standard","has-post-thumbnail","hentry","category-aktualnosci","category-blog","category-ogloszenia"],"_links":{"self":[{"href":"https:\/\/rafalk-elblag.pl\/index.php?rest_route=\/wp\/v2\/posts\/3388","targetHints":{"allow":["GET"]}}],"collection":[{"href":"https:\/\/rafalk-elblag.pl\/index.php?rest_route=\/wp\/v2\/posts"}],"about":[{"href":"https:\/\/rafalk-elblag.pl\/index.php?rest_route=\/wp\/v2\/types\/post"}],"author":[{"embeddable":true,"href":"https:\/\/rafalk-elblag.pl\/index.php?rest_route=\/wp\/v2\/users\/1"}],"replies":[{"embeddable":true,"href":"https:\/\/rafalk-elblag.pl\/index.php?rest_route=%2Fwp%2Fv2%2Fcomments&post=3388"}],"version-history":[{"count":1,"href":"https:\/\/rafalk-elblag.pl\/index.php?rest_route=\/wp\/v2\/posts\/3388\/revisions"}],"predecessor-version":[{"id":3389,"href":"https:\/\/rafalk-elblag.pl\/index.php?rest_route=\/wp\/v2\/posts\/3388\/revisions\/3389"}],"wp:featuredmedia":[{"embeddable":true,"href":"https:\/\/rafalk-elblag.pl\/index.php?rest_route=\/wp\/v2\/media\/2530"}],"wp:attachment":[{"href":"https:\/\/rafalk-elblag.pl\/index.php?rest_route=%2Fwp%2Fv2%2Fmedia&parent=3388"}],"wp:term":[{"taxonomy":"category","embeddable":true,"href":"https:\/\/rafalk-elblag.pl\/index.php?rest_route=%2Fwp%2Fv2%2Fcategories&post=3388"},{"taxonomy":"post_tag","embeddable":true,"href":"https:\/\/rafalk-elblag.pl\/index.php?rest_route=%2Fwp%2Fv2%2Ftags&post=3388"}],"curies":[{"name":"wp","href":"https:\/\/api.w.org\/{rel}","templated":true}]}}