{"id":3386,"date":"2019-06-06T11:24:19","date_gmt":"2019-06-06T11:24:19","guid":{"rendered":"http:\/\/rafalk-elblag.pl\/?p=3386"},"modified":"2019-06-06T11:24:19","modified_gmt":"2019-06-06T11:24:19","slug":"intencje-mszalne-vii-tydzien-wielkanocny-3-9-06-2019","status":"publish","type":"post","link":"https:\/\/rafalk-elblag.pl\/?p=3386","title":{"rendered":"INTENCJE MSZALNE \u2013 VII TYDZIE\u0143 WIELKANOCNY (3-9.06. 2019)"},"content":{"rendered":"<p><a href=\"http:\/\/rafalk-elblag.pl\/wp-content\/uploads\/2016\/12\/shutterstock_49643152-1000.jpg\"><img loading=\"lazy\" decoding=\"async\" class=\"alignnone size-full wp-image-2526\" src=\"http:\/\/rafalk-elblag.pl\/wp-content\/uploads\/2016\/12\/shutterstock_49643152-1000.jpg\" alt=\"\" width=\"1000\" height=\"665\" srcset=\"https:\/\/rafalk-elblag.pl\/wp-content\/uploads\/2016\/12\/shutterstock_49643152-1000.jpg 1000w, https:\/\/rafalk-elblag.pl\/wp-content\/uploads\/2016\/12\/shutterstock_49643152-1000-300x200.jpg 300w, https:\/\/rafalk-elblag.pl\/wp-content\/uploads\/2016\/12\/shutterstock_49643152-1000-768x511.jpg 768w\" sizes=\"auto, (max-width: 1000px) 100vw, 1000px\" \/><\/a><\/p>\n<p>&nbsp;<\/p>\n<p><span style=\"color: #ff0000;\"><strong>3 czerwca PONIEDZIA\u0141EK<\/strong><\/span><br \/>\n<strong><span style=\"color: #ff0000;\">Wspomnienie \u015bw. Karola Lwangi i Towarzyszy &#8211; m\u0119czennik\u00f3w<\/span> J 16, 29-33<\/strong><\/p>\n<p>8:00 \u015ap. Adam Zieli\u0144ski i wszystkich zmar\u0142ych z rodziny<\/p>\n<p>18:00 \u015ap. Krystyna Barto\u015b (1 rocz. \u015bm)<br \/>\n18:00 \u015ap. Regina i Edward Marek (3 greg)<\/p>\n<p>&nbsp;<\/p>\n<p><strong><span style=\"color: #ff6600;\">4 czerwca WTOREK<\/span> J 17, 1-11a<\/strong><\/p>\n<p>8:00 \u015ap. Regina i Edward Marek (4 greg)<\/p>\n<p>18.00 \u015ap. Stefan Stankiewicz (30 dz.p.p)<br \/>\n18:00 Dzi\u0119kczynna z okazji 5 rocznicy \u015bwi\u0119ce\u0144 kap\u0142a\u0144skich ks. S\u0142awomira Milde z pro\u015bb\u0105 o dary Ducha \u015bw. w pos\u0142udze kap\u0142a\u0144skiej &#8211; int. od Margaretki<\/p>\n<p>&nbsp;<\/p>\n<p><span style=\"color: #ff0000;\"><strong>5 czerwca \u015aRODA<\/strong><\/span><br \/>\n<strong><span style=\"color: #ff0000;\">Wspomnienie \u015bw. Bonifacego, biskupa i m\u0119czennika<\/span> J 17, 11b-19<\/strong><\/p>\n<p>8:00 \u015ap. Jan (4 rocz. \u015bm) i zm. rodzic\u00f3w z obojga stron, oraz \u015ap. Barbara i J\u00f3zef<\/p>\n<p><em>17:30 Nabo\u017ce\u0144stwo do Matki Bo\u017cej Nieustaj\u0105cej Pomocy<\/em><\/p>\n<p>18:00 \u015ap. Regina i Edward Marek (5 greg)<br \/>\n18:00 W intencji czciclicieli Matki Bo\u017cej Nieustaj\u0105cej Pomocy i ich rodzin<\/p>\n<p>&nbsp;<\/p>\n<p><span style=\"color: #ff9900;\"><strong>6 czerwca CZWARTEK<\/strong><\/span><br \/>\n<strong><span style=\"color: #ff9900;\">Pierwszy czwartek miesi\u0105ca<\/span> J 17, 20-26<\/strong><\/p>\n<p>8:00 \u015ap. Regina i Edward Marek (6 greg)<\/p>\n<p>18:00 O nowe i \u015bwi\u0119te powo\u0142ania kap\u0142a\u0144skie i zakonne z naszej parafii na Niwie Pa\u0144skiej<\/p>\n<p>&nbsp;<\/p>\n<p><span style=\"color: #ff0000;\"><strong>7 czerwca PI\u0104TEK<\/strong><\/span><br \/>\n<strong><span style=\"color: #ff0000;\">Wspomnienie B\u0142. kap\u0142an\u00f3w: Micha\u0142a Tomaszka i Zbigniewa Strza\u0142kowskiego, m\u0119czennik\u00f3w, pierwszy pi\u0105tek miesi\u0105ca<\/span> J 21, 15-19<\/strong><\/p>\n<p>8:00 \u015ap. Regina i Edward Marek (7 greg)<\/p>\n<p>16:30 W intencji czcicieli Naj\u015bwi\u0119tszego Serrca Pana Jezusa, za dzieci klas IV, kt\u00f3re podj\u0119\u0142y praktyk\u0119 9 pierwszych pi\u0105tk\u00f3w miesi\u0105ca<\/p>\n<p>18:00 Dzi\u0119kczynna z okazji 25 rocznicy \u015blubu Gra\u017cyny i Grzegorza Or\u0142owskich, z pro\u015bb\u0105 o Bo\u017ce b\u0142ogos\u0142awie\u0144stwo i potrzebne \u0142aski dla srebrnych Jubilat\u00f3w<\/p>\n<p>&nbsp;<\/p>\n<p><span style=\"color: #ff9900;\"><strong>8 czerwca SOBOTA<\/strong><\/span><br \/>\n<strong><span style=\"color: #ff9900;\">Wspomnienie \u015bw. Jadwigi, kr\u00f3lowej<\/span> J 21, 20-25<\/strong><\/p>\n<p>8:00 \u015ap. Regina i Edward Marek (8 greg)<\/p>\n<p>18:00 \u015ap. Ryszard \u017bubertowski (30 dz.p.p)<br \/>\n18:00 \u015ap. Stanis\u0142aw Sobczy\u0144ski (3 rocz. \u015bm)<\/p>\n<p>&nbsp;<\/p>\n<h2><span style=\"color: #ff0000;\">9 czerwca NIEDZIELA ZES\u0141ANIA DUCHA \u015aWI\u0118TEGO J 14, 15-16. 23b-26<\/span><\/h2>\n<p>7:00 Dzi\u0119kczynna w 11 urodziny Daniela Zieli\u0144skiego z pro\u015bb\u0105 o Bo\u017ce b\u0142ogos\u0142awie\u0144stwo i potrzebne \u0142aski dla ca\u0142ej rodziny<\/p>\n<p>9:00 \u015ap. Lucjan Lasek, Marianna, Feliks, Sylwester Ba\u0142dyga<\/p>\n<p>9:00 O Bo\u017ce b\u0142ogos\u0142awie\u0144stwo, otwarto\u015b\u0107 i si\u0142\u0119 we wprowadzeniu w \u017cycie wszelkich \u0142ask dla Nikodema i jego rodziny, Agnieszki i ca\u0142ej rodziny zakonnej oraz Magdaleny i Macieja<\/p>\n<p>10:30 \u015ap. Regina i Edward Marek (9 greg)<\/p>\n<p><strong><span style=\"color: #ff0000;\">12:00 W intencji dzieci, kt\u00f3re rok temu przyj\u0119\u0142y I Komuni\u0119 \u015bw, rodzic\u00f3w i ich rodzin<\/span><\/strong><\/p>\n<p><span style=\"color: #ff0000;\"><strong>18:00 W intencji m\u0142odzie\u017cy, kt\u00f3ra w dniu dzisiejszym przyjmie sacrament bierzmowania, o \u015bwiat\u0142o Ducha \u015bw, Bo\u017ce b\u0142ogos\u0142awie\u0144stwo i wszelkie \u0142aski na ka\u017cdy dzie\u0144<\/strong><\/span><\/p>\n<p>&nbsp;<\/p>\n<p>&nbsp;<\/p>\n","protected":false},"excerpt":{"rendered":"<p>&nbsp; 3 czerwca PONIEDZIA\u0141EK Wspomnienie \u015bw. Karola Lwangi i Towarzyszy &#8211; m\u0119czennik\u00f3w J 16, 29-33 8:00 \u015ap. Adam Zieli\u0144ski i wszystkich zmar\u0142ych z rodziny 18:00 \u015ap. Krystyna Barto\u015b (1 rocz. \u015bm) 18:00 \u015ap. Regina i Edward Marek (3 greg) &nbsp; 4 czerwca WTOREK J 17, 1-11a 8:00 \u015ap. Regina i Edward Marek (4 greg) 18.00 [&hellip;]<\/p>\n","protected":false},"author":1,"featured_media":2526,"comment_status":"closed","ping_status":"closed","sticky":false,"template":"","format":"standard","meta":{"ngg_post_thumbnail":0,"footnotes":""},"categories":[11,8,4],"tags":[],"class_list":["post-3386","post","type-post","status-publish","format-standard","has-post-thumbnail","hentry","category-aktualnosci","category-blog","category-intencje"],"_links":{"self":[{"href":"https:\/\/rafalk-elblag.pl\/index.php?rest_route=\/wp\/v2\/posts\/3386","targetHints":{"allow":["GET"]}}],"collection":[{"href":"https:\/\/rafalk-elblag.pl\/index.php?rest_route=\/wp\/v2\/posts"}],"about":[{"href":"https:\/\/rafalk-elblag.pl\/index.php?rest_route=\/wp\/v2\/types\/post"}],"author":[{"embeddable":true,"href":"https:\/\/rafalk-elblag.pl\/index.php?rest_route=\/wp\/v2\/users\/1"}],"replies":[{"embeddable":true,"href":"https:\/\/rafalk-elblag.pl\/index.php?rest_route=%2Fwp%2Fv2%2Fcomments&post=3386"}],"version-history":[{"count":1,"href":"https:\/\/rafalk-elblag.pl\/index.php?rest_route=\/wp\/v2\/posts\/3386\/revisions"}],"predecessor-version":[{"id":3387,"href":"https:\/\/rafalk-elblag.pl\/index.php?rest_route=\/wp\/v2\/posts\/3386\/revisions\/3387"}],"wp:featuredmedia":[{"embeddable":true,"href":"https:\/\/rafalk-elblag.pl\/index.php?rest_route=\/wp\/v2\/media\/2526"}],"wp:attachment":[{"href":"https:\/\/rafalk-elblag.pl\/index.php?rest_route=%2Fwp%2Fv2%2Fmedia&parent=3386"}],"wp:term":[{"taxonomy":"category","embeddable":true,"href":"https:\/\/rafalk-elblag.pl\/index.php?rest_route=%2Fwp%2Fv2%2Fcategories&post=3386"},{"taxonomy":"post_tag","embeddable":true,"href":"https:\/\/rafalk-elblag.pl\/index.php?rest_route=%2Fwp%2Fv2%2Ftags&post=3386"}],"curies":[{"name":"wp","href":"https:\/\/api.w.org\/{rel}","templated":true}]}}