{"id":3384,"date":"2019-06-06T11:17:40","date_gmt":"2019-06-06T11:17:40","guid":{"rendered":"http:\/\/rafalk-elblag.pl\/?p=3384"},"modified":"2019-06-06T11:17:40","modified_gmt":"2019-06-06T11:17:40","slug":"ogloszenia-parafialne-uroczystosc-wniebowstapienia-pana-jezusa-2-06-2019","status":"publish","type":"post","link":"https:\/\/rafalk-elblag.pl\/?p=3384","title":{"rendered":"OG\u0141OSZENIA PARAFIALNE \u2013 UROCZYSTO\u015a\u0106 WNIEBOWST\u0104PIENIA PANA JEZUSA 2.06.2019"},"content":{"rendered":"<p><a href=\"http:\/\/rafalk-elblag.pl\/wp-content\/uploads\/2016\/12\/pulpit.jpg\"><img loading=\"lazy\" decoding=\"async\" class=\"alignnone size-large wp-image-2530\" src=\"http:\/\/rafalk-elblag.pl\/wp-content\/uploads\/2016\/12\/pulpit-1024x682.jpg\" alt=\"\" width=\"900\" height=\"599\" srcset=\"https:\/\/rafalk-elblag.pl\/wp-content\/uploads\/2016\/12\/pulpit-1024x682.jpg 1024w, https:\/\/rafalk-elblag.pl\/wp-content\/uploads\/2016\/12\/pulpit-300x200.jpg 300w, https:\/\/rafalk-elblag.pl\/wp-content\/uploads\/2016\/12\/pulpit-768x512.jpg 768w, https:\/\/rafalk-elblag.pl\/wp-content\/uploads\/2016\/12\/pulpit.jpg 1698w\" sizes=\"auto, (max-width: 900px) 100vw, 900px\" \/><\/a><\/p>\n<p>&nbsp;<\/p>\n<p>1. Zapraszamy dzisiaj na Adoracj\u0119 Naj\u015bwi\u0119tszego Sakramentu od godz. 15:00 do godz. 18:00. Rozpocznie si\u0119 ona Koronk\u0105 do Bo\u017cego Mi\u0142osierdzia.<\/p>\n<p>&nbsp;<\/p>\n<p>2. UWAGA !!! Od 2 czerwca 2019 roku do ko\u0144ca sierpnia nie b\u0119dzie Mszy \u015bw. niedzielnej o godz. 15:00, natomiast Koronka do Bo\u017cego Mi\u0142osierdzia pozostaje bez zmian.<\/p>\n<p>&nbsp;<\/p>\n<p>3. Ofiary z\u0142o\u017cone dzisiaj na tac\u0119 przeznaczone s\u0105 na \u0142awki do naszej \u015bwi\u0105tyni. B\u00f3g zap\u0142a\u0107 za otwarto\u015b\u0107 i zrozumienie.<\/p>\n<p>&nbsp;<\/p>\n<p>4. Przez ca\u0142y czerwiec odprawiamy Nabo\u017ce\u0144stwa Eucharystyczne ku czci Naj\u015bwi\u0119tszego Serca Pana Jezusa. Do udzia\u0142u w nich zapraszamy doros\u0142ych i m\u0142odzie\u017c codziennie o godz. 17:30. Dzieci w tym tygodniu zapraszamy w poniedzia\u0142ek i czwartek o godz. 16:30.<\/p>\n<p>&nbsp;<\/p>\n<p>5. Za tydzie\u0144 na Sumie Parafialnej o godz. 12:00 dzieci b\u0119d\u0105 obchodzi\u0107 rocznic\u0119 I Komunii \u015awi\u0119tej. Prosimy, aby osoby nie zwi\u0105zane z powy\u017csz\u0105 uroczysto\u015bci\u0105 wybra\u0142y inn\u0105 godzin\u0119 Mszy \u015awi\u0119tej. Dzi\u0119kujemy za zrozumienie. Pr\u00f3by dla dzieci 3 i 6 czerwca br. o godz. 16:30 w ko\u015bciele.<\/p>\n<p>&nbsp;<\/p>\n<p>6. Za tydzie\u0144 o godz. 18:00 Ks. Biskup Wojciech Skibicki udzieli SAKRAMENTU BIERZMOWANIA grupie m\u0142odzie\u017cy, kt\u00f3ra przez dwa lata przechodzi\u0142a czas przygotowania.<\/p>\n<p>&nbsp;<\/p>\n<p>7. Trwa NOWENNA PRZED UROCZYSTO\u015aCI\u0104 ZES\u0141ANIA DUCHA \u015aWI\u0118TEGO, po\u0142\u0105czona z nabo\u017ce\u0144stwem czerwcowym o godz. 17:30. Uroczystym zwie\u0144czeniem tego czasu b\u0119dzie Wigilia Zes\u0142ania Ducha \u015awi\u0119tego (8 czerwca br., godz. 19.30), na kt\u00f3r\u0105 zapraszamy wszystkie Wsp\u00f3lnoty i wiernych naszej parafii.<\/p>\n<p>&nbsp;<\/p>\n<p>8. W pierwszy czwartek miesi\u0105ca tj. 6 czerwca przypada XX rocznica wizyty Ojca \u015awi\u0119tego Jana Paw\u0142a II w Elbl\u0105gu. W tym dniu zapraszamy do licznego udzia\u0142u we Mszy \u015bw. o godz. 18:00 oraz w nabo\u017ce\u0144stwie czerwcowym po\u0142\u0105czonym z Godzin\u0105 \u015awi\u0119t\u0105. Przed Msz\u0105 \u015bw. odmawiany b\u0119dzie R\u00f3\u017caniec \u015awi\u0119ty &#8211; tajemnice \u015awiat\u0142a, kt\u00f3re w\u0142\u0105czy\u0142 do R\u00f3\u017ca\u0144ca nasz \u015awi\u0119ty Rodak. Niech nasz udzia\u0142 w modlitwie b\u0119dzie wyrazem dzi\u0119kczynienia za szczeg\u00f3lne wyr\u00f3\u017cnienie ca\u0142ej diecezji elbl\u0105skiej, kt\u00f3r\u0105 u\u015bwi\u0119ci\u0142 \u015bw. Jan Pawe\u0142 II poprzez swoja obecno\u015b\u0107, nabo\u017ce\u0144stwo do Naj\u015bwi\u0119tszego Serca Pana Jezusa i b\u0142ogos\u0142awie\u0144stwo.<\/p>\n<p>&nbsp;<\/p>\n<p>9. W tym tygodniu przypada te\u017c pierwszy pi\u0105tek miesi\u0105ca, tego dnia spowied\u017a od godz. 16:00 oraz dodatkowa Msza \u015bw. o godz. 16:30. W pozosta\u0142e dni tygodnia spowied\u017a sprawowana jest od godz. 17.30<\/p>\n<p>\uf0b7 UWAGA!!! Dzieci przygotowuj\u0105ce si\u0119 do Rocznicy I Komunii \u015bw. czyli klasy IV maj\u0105 spowied\u017a wed\u0142ug ustalonego porz\u0105dku: poniedzia\u0142ek od godz. 17:30 klasa IV A, wtorek od godz. 17:30 klasa IV B \u015broda od godz. 17:30 klasa IV C, czwartek od godz. 17:30 klasa IV D<\/p>\n<p>&nbsp;<\/p>\n<p>10. Z racji pierwszego pi\u0105tku miesi\u0105ca czerwca kap\u0142ani udadz\u0105 si\u0119 do chorych.<\/p>\n<p>&nbsp;<\/p>\n<p>11. W sobot\u0119 15 czerwca br. na Mszy \u015bw. o godz. 12:00 ks. Proboszcz Wojciech Zwolicki b\u0119dzie dzi\u0119kowa\u0142 Bogu za 25 lat kap\u0142a\u0144stwa. W tym dniu zapraszamy parafian do wsp\u00f3lnej modlitwy dzi\u0119kczynnej za Czcigodnego Jubilata.<\/p>\n<p>&nbsp;<\/p>\n<p>12. Parafia \u015bw. Brata Alberta w Elbl\u0105gu zaprasza na XI Forum Rodziny, kt\u00f3re odb\u0119dzie si\u0119 w dniach od 10 do 12 czerwca, pod has\u0142em: \u201e5 J\u0119zyk\u00f3w Mi\u0142o\u015bci\u201d Poprowadzi je pani Anna Bialik \u2013 psychoterapeuta ma\u0142\u017ce\u0144ski, cz\u0142onek zarz\u0105du Stowarzyszenia Psycholog\u00f3w Chrze\u015bcija\u0144skich. Ka\u017cdego dnia Eucharystia z homili\u0105 a po niej spotkanie z prelegentem. Pocz\u0105tek godz. 18:00. Dok\u0142adne informacje na plakatach oraz na stronie internetowej parafii.<\/p>\n<p>&nbsp;<\/p>\n<p>13. Dzisiaj u ks. dra \u0141ukasza Garbackiego mo\u017cemy naby\u0107 ksi\u0105\u017ck\u0119 pt: Reinterpretacja Ksi\u0119gi Jeremiasza w Apokalipsie \u015bw. Jana. Zapraszamy.<\/p>\n<p>&nbsp;<\/p>\n<p>14. Przypominamy, \u017ce dzisiaj o godz. 19:00 odb\u0119dzie si\u0119 spotkanie lider\u00f3w wsp\u00f3lnot oraz parafian zainteresowanych organizacj\u0105 Wigilii Zes\u0142ania Ducha \u015awi\u0119tego oraz Jubileuszu&nbsp;25-lecia kap\u0142a\u0144stwa ks. Proboszcza.<\/p>\n<p>&nbsp;<\/p>\n<p>15. Przed ko\u015bcio\u0142em mo\u017cna naby\u0107 pras\u0119 katolick\u0105: \u201eGo\u015b\u0107 Niedzielny\u201d w cenie 5 z\u0142.<\/p>\n<p>&nbsp;<\/p>\n<p>&nbsp;<\/p>\n","protected":false},"excerpt":{"rendered":"<p>&nbsp; 1. Zapraszamy dzisiaj na Adoracj\u0119 Naj\u015bwi\u0119tszego Sakramentu od godz. 15:00 do godz. 18:00. Rozpocznie si\u0119 ona Koronk\u0105 do Bo\u017cego Mi\u0142osierdzia. &nbsp; 2. UWAGA !!! Od 2 czerwca 2019 roku do ko\u0144ca sierpnia nie b\u0119dzie Mszy \u015bw. niedzielnej o godz. 15:00, natomiast Koronka do Bo\u017cego Mi\u0142osierdzia pozostaje bez zmian. &nbsp; 3. Ofiary z\u0142o\u017cone dzisiaj na [&hellip;]<\/p>\n","protected":false},"author":1,"featured_media":2530,"comment_status":"closed","ping_status":"closed","sticky":false,"template":"","format":"standard","meta":{"ngg_post_thumbnail":0,"footnotes":""},"categories":[11,8,3],"tags":[],"class_list":["post-3384","post","type-post","status-publish","format-standard","has-post-thumbnail","hentry","category-aktualnosci","category-blog","category-ogloszenia"],"_links":{"self":[{"href":"https:\/\/rafalk-elblag.pl\/index.php?rest_route=\/wp\/v2\/posts\/3384","targetHints":{"allow":["GET"]}}],"collection":[{"href":"https:\/\/rafalk-elblag.pl\/index.php?rest_route=\/wp\/v2\/posts"}],"about":[{"href":"https:\/\/rafalk-elblag.pl\/index.php?rest_route=\/wp\/v2\/types\/post"}],"author":[{"embeddable":true,"href":"https:\/\/rafalk-elblag.pl\/index.php?rest_route=\/wp\/v2\/users\/1"}],"replies":[{"embeddable":true,"href":"https:\/\/rafalk-elblag.pl\/index.php?rest_route=%2Fwp%2Fv2%2Fcomments&post=3384"}],"version-history":[{"count":1,"href":"https:\/\/rafalk-elblag.pl\/index.php?rest_route=\/wp\/v2\/posts\/3384\/revisions"}],"predecessor-version":[{"id":3385,"href":"https:\/\/rafalk-elblag.pl\/index.php?rest_route=\/wp\/v2\/posts\/3384\/revisions\/3385"}],"wp:featuredmedia":[{"embeddable":true,"href":"https:\/\/rafalk-elblag.pl\/index.php?rest_route=\/wp\/v2\/media\/2530"}],"wp:attachment":[{"href":"https:\/\/rafalk-elblag.pl\/index.php?rest_route=%2Fwp%2Fv2%2Fmedia&parent=3384"}],"wp:term":[{"taxonomy":"category","embeddable":true,"href":"https:\/\/rafalk-elblag.pl\/index.php?rest_route=%2Fwp%2Fv2%2Fcategories&post=3384"},{"taxonomy":"post_tag","embeddable":true,"href":"https:\/\/rafalk-elblag.pl\/index.php?rest_route=%2Fwp%2Fv2%2Ftags&post=3384"}],"curies":[{"name":"wp","href":"https:\/\/api.w.org\/{rel}","templated":true}]}}