{"id":3381,"date":"2019-05-23T12:18:52","date_gmt":"2019-05-23T12:18:52","guid":{"rendered":"http:\/\/rafalk-elblag.pl\/?p=3381"},"modified":"2019-05-23T12:18:52","modified_gmt":"2019-05-23T12:18:52","slug":"intencje-mszalne-vi-tydzien-wielkanocny-27-05-2-06-2019","status":"publish","type":"post","link":"https:\/\/rafalk-elblag.pl\/?p=3381","title":{"rendered":"INTENCJE MSZALNE \u2013 VI TYDZIE\u0143 WIELKANOCNY (27.05. \u2013 2.06. 2019)"},"content":{"rendered":"<p><a href=\"http:\/\/rafalk-elblag.pl\/wp-content\/uploads\/2016\/12\/shutterstock_49643152-1000.jpg\"><img loading=\"lazy\" decoding=\"async\" class=\"alignnone size-full wp-image-2526\" src=\"http:\/\/rafalk-elblag.pl\/wp-content\/uploads\/2016\/12\/shutterstock_49643152-1000.jpg\" alt=\"\" width=\"1000\" height=\"665\" srcset=\"https:\/\/rafalk-elblag.pl\/wp-content\/uploads\/2016\/12\/shutterstock_49643152-1000.jpg 1000w, https:\/\/rafalk-elblag.pl\/wp-content\/uploads\/2016\/12\/shutterstock_49643152-1000-300x200.jpg 300w, https:\/\/rafalk-elblag.pl\/wp-content\/uploads\/2016\/12\/shutterstock_49643152-1000-768x511.jpg 768w\" sizes=\"auto, (max-width: 1000px) 100vw, 1000px\" \/><\/a><\/p>\n<p>&nbsp;<\/p>\n<p>&nbsp;<\/p>\n<h4><strong><span style=\"color: #ff6600;\">27 maja PONIEDZIA\u0141EK<\/span><\/strong> J 15, 26 \u2013 16, 4a<\/h4>\n<p>8:00 \u015ap. Za zmar\u0142ych rodzic\u00f3w, rodze\u0144stwo z rodziny Jezierskich<\/p>\n<p>18:00 \u015ap. Franciszek (1 rocz. \u015bm) i zm. z rodziny Binkowskich<br \/>\n18:00 Dzi\u0119kczynna w 50 urodziny Joanny Mazurkiewicz z pro\u015bb\u0105 o Bo\u017ce b\u0142ogos\u0142awie\u0144stwo i potrzebne \u0142aski<\/p>\n<p>&nbsp;<\/p>\n<p>&nbsp;<\/p>\n<h4><span style=\"color: #339966;\"><strong>28 maja WTOREK<\/strong><\/span> J 16, 5-11<\/h4>\n<p>8:00 \u015ap. Zm. rodzic\u00f3w: Jadwiga i Zenon Brzozowscy<\/p>\n<p>18.00 \u015ap. Weronika (15 rocz. \u015bm) i J\u00f3zef Druszkowscy<\/p>\n<p>&nbsp;<\/p>\n<p>&nbsp;<\/p>\n<h4><span style=\"color: #ff6600;\">29 maja \u015aRODA<\/span><br \/>\n<span style=\"color: #ff6600;\">Wspomnienie \u015bw. Urszuli Led\u00f3chowskiej, dziewicy<\/span> J 16, 12-15<\/h4>\n<p>8:00 \u015ap. Weronika Czy\u017cyk<\/p>\n<p>17:30 Nabo\u017ce\u0144stwo do Matki Bo\u017cej Nieustaj\u0105cej Pomocy<\/p>\n<p>18:00 \u015ap. Danuta Radziszewska (2 rocz. \u015bm)<br \/>\n18:00 \u015ap. Maria i Stanis\u0142aw G\u00f3rscy<\/p>\n<p>&nbsp;<\/p>\n<p>&nbsp;<\/p>\n<h4><span style=\"color: #339966;\">30 maja CZWARTEK<\/span> J 16, 16-20<\/h4>\n<p>8:00 O Bo\u017ce b\u0142ogos\u0142awie\u0144stwo, wszelkie \u0142aski i opiek\u0119 Matki Bo\u017cej w pos\u0142udze kap\u0142a\u0144skiej dla ks. Piotra Makowskiego &#8211; int. od Margaretki<\/p>\n<p>18:00 Dzi\u0119kczynna w dniu 80 urodzin Haliny Milewskiej oraz Henryka w 70 urodziny, z pro\u015bb\u0105 o Bo\u017ce b\u0142ogos\u0142awie\u0144stwo i potrzebne \u0142aski<\/p>\n<p>&nbsp;<\/p>\n<p>&nbsp;<\/p>\n<h4><span style=\"color: #ff6600;\">31 maja PI\u0104TEK<\/span><br \/>\n<span style=\"color: #ff6600;\">\u015awi\u0119to Nawiedzenie Naj\u015bwi\u0119tszej Maryi Panny<\/span> \u0141k 1, 39-56<\/h4>\n<p>8:00 \u015ap. J\u00f3zefa, Boles\u0142aw, Ryszard, Krystyna, Wies\u0142awa z rodz. Radgowskich; Helena, Boles\u0142aw, Waldemar z rodz. Stasi\u0144skich<\/p>\n<p>18:00 \u015ap. Franciszek Murawski (26 rocz. \u015bm)<\/p>\n<p>&nbsp;<\/p>\n<p>&nbsp;<\/p>\n<h4><span style=\"color: #339966;\">1 czerwca SOBOTA<\/span><br \/>\n<span style=\"color: #339966;\">Wspomnienie \u015bw. Justyna, m\u0119czennika &#8211; pierwsza sobota miesi\u0105ca<\/span> J 16, 23b-28<\/h4>\n<p>8:00 \u015ap. Regina i Edward Marek (1 greg)<\/p>\n<p>18:00 \u015ap. Irena i J\u00f3zef \u0141opaciuk<br \/>\n18:00 \u015ap. Genowefa Rze\u017anikiewicz (1 rocz. \u015bm)<\/p>\n<p>&nbsp;<\/p>\n<p>&nbsp;<\/p>\n<h3><span style=\"color: #ff6600;\">2 czerwca SI\u00d3DMA NIEDZIELA WIELKANOCNA<\/span><br \/>\n<span style=\"color: #ff6600;\">UROCZYSTO\u015a\u0106 WNIEBOWST\u0104PIENIA PA\u0143SKIEGO<\/span> \u0141k 24, 46-53<\/h3>\n<p>7:00 \u015ap. Emilia i Wac\u0142aw Czeszejko &#8211; Sochaccy<\/p>\n<p>9:00 \u015ap. Janina Jantar &#8211; Lipi\u0144ska (1rocz. \u015bm), Stefan Jantar Lipi\u0144ski (7 rocz. \u015bm)<\/p>\n<p>9:00 \u015ap. W\u0142adys\u0142aw Zychowicz, Katarzyna Zychowicz, El\u017cbieta Zychowicz<\/p>\n<p>10:30 \u015ap. Stefania Kachnowicz (26 rocz. \u015bm) i zm. z rodzin: Kachnowicz, S\u0142omi\u0144skich, Bajson i Jasi\u0144skich<\/p>\n<p>10.30 \u015ap. Regina i Edward Marek (2 greg)<\/p>\n<p><span style=\"color: #ff6600;\"><strong>12:00 Za parafian<\/strong><\/span><\/p>\n<p>18:00 O Bo\u017ce b\u0142ogos\u0142awie\u0144stwo, potrzebne \u0142aski i opiek\u0119 Matki Bo\u017cej, \u0142ask\u0119 wiary i mi\u0142o\u015b\u0107 dla Magdaleny i Grzegorza Idzikowskich z okazji I rocznicy \u015blubu, dzi\u0119kuj\u0105c r\u00f3wnie\u017c za s\u0142u\u017cb\u0119 Magdaleny dla Zespo\u0142u M\u0142odzie\u017cowego<\/p>\n<p>18:00 Dzi\u0119kczynna z okazji 70 urodzin Henryka Stan z pro\u015bb\u0105 o Bo\u017ce b\u0142ogos\u0142awie\u0144stwo, potrzebne \u0142aski i opiek\u0119 Matki Bo\u017cej na ka\u017cdy dzie\u0144<\/p>\n<p>&nbsp;<\/p>\n<p>&nbsp;<\/p>\n<p>&nbsp;<\/p>\n","protected":false},"excerpt":{"rendered":"<p>&nbsp; &nbsp; 27 maja PONIEDZIA\u0141EK J 15, 26 \u2013 16, 4a 8:00 \u015ap. Za zmar\u0142ych rodzic\u00f3w, rodze\u0144stwo z rodziny Jezierskich 18:00 \u015ap. Franciszek (1 rocz. \u015bm) i zm. z rodziny Binkowskich 18:00 Dzi\u0119kczynna w 50 urodziny Joanny Mazurkiewicz z pro\u015bb\u0105 o Bo\u017ce b\u0142ogos\u0142awie\u0144stwo i potrzebne \u0142aski &nbsp; &nbsp; 28 maja WTOREK J 16, 5-11 8:00 [&hellip;]<\/p>\n","protected":false},"author":1,"featured_media":2526,"comment_status":"closed","ping_status":"closed","sticky":false,"template":"","format":"standard","meta":{"ngg_post_thumbnail":0,"footnotes":""},"categories":[11,8,4],"tags":[],"class_list":["post-3381","post","type-post","status-publish","format-standard","has-post-thumbnail","hentry","category-aktualnosci","category-blog","category-intencje"],"_links":{"self":[{"href":"https:\/\/rafalk-elblag.pl\/index.php?rest_route=\/wp\/v2\/posts\/3381","targetHints":{"allow":["GET"]}}],"collection":[{"href":"https:\/\/rafalk-elblag.pl\/index.php?rest_route=\/wp\/v2\/posts"}],"about":[{"href":"https:\/\/rafalk-elblag.pl\/index.php?rest_route=\/wp\/v2\/types\/post"}],"author":[{"embeddable":true,"href":"https:\/\/rafalk-elblag.pl\/index.php?rest_route=\/wp\/v2\/users\/1"}],"replies":[{"embeddable":true,"href":"https:\/\/rafalk-elblag.pl\/index.php?rest_route=%2Fwp%2Fv2%2Fcomments&post=3381"}],"version-history":[{"count":1,"href":"https:\/\/rafalk-elblag.pl\/index.php?rest_route=\/wp\/v2\/posts\/3381\/revisions"}],"predecessor-version":[{"id":3382,"href":"https:\/\/rafalk-elblag.pl\/index.php?rest_route=\/wp\/v2\/posts\/3381\/revisions\/3382"}],"wp:featuredmedia":[{"embeddable":true,"href":"https:\/\/rafalk-elblag.pl\/index.php?rest_route=\/wp\/v2\/media\/2526"}],"wp:attachment":[{"href":"https:\/\/rafalk-elblag.pl\/index.php?rest_route=%2Fwp%2Fv2%2Fmedia&parent=3381"}],"wp:term":[{"taxonomy":"category","embeddable":true,"href":"https:\/\/rafalk-elblag.pl\/index.php?rest_route=%2Fwp%2Fv2%2Fcategories&post=3381"},{"taxonomy":"post_tag","embeddable":true,"href":"https:\/\/rafalk-elblag.pl\/index.php?rest_route=%2Fwp%2Fv2%2Ftags&post=3381"}],"curies":[{"name":"wp","href":"https:\/\/api.w.org\/{rel}","templated":true}]}}