{"id":3379,"date":"2019-05-23T12:13:11","date_gmt":"2019-05-23T12:13:11","guid":{"rendered":"http:\/\/rafalk-elblag.pl\/?p=3379"},"modified":"2019-05-23T12:13:11","modified_gmt":"2019-05-23T12:13:11","slug":"ogloszenia-parafialne-vi-niedziela-wielkanocna-26-05-2019","status":"publish","type":"post","link":"https:\/\/rafalk-elblag.pl\/?p=3379","title":{"rendered":"OG\u0141OSZENIA PARAFIALNE \u2013 VI NIEDZIELA WIELKANOCNA 26.05.2019"},"content":{"rendered":"<p><a href=\"http:\/\/rafalk-elblag.pl\/wp-content\/uploads\/2016\/12\/pulpit.jpg\"><img loading=\"lazy\" decoding=\"async\" class=\"alignnone size-large wp-image-2530\" src=\"http:\/\/rafalk-elblag.pl\/wp-content\/uploads\/2016\/12\/pulpit-1024x682.jpg\" alt=\"\" width=\"900\" height=\"599\" srcset=\"https:\/\/rafalk-elblag.pl\/wp-content\/uploads\/2016\/12\/pulpit-1024x682.jpg 1024w, https:\/\/rafalk-elblag.pl\/wp-content\/uploads\/2016\/12\/pulpit-300x200.jpg 300w, https:\/\/rafalk-elblag.pl\/wp-content\/uploads\/2016\/12\/pulpit-768x512.jpg 768w, https:\/\/rafalk-elblag.pl\/wp-content\/uploads\/2016\/12\/pulpit.jpg 1698w\" sizes=\"auto, (max-width: 900px) 100vw, 900px\" \/><\/a><\/p>\n<p>&nbsp;<\/p>\n<p>1. Przed nami ostatni tydzie\u0144 miesi\u0105ca maja &#8211; zapraszamy na nabo\u017ce\u0144stwa ku czci Naj\u015bwi\u0119tszej Maryi Panny, tzw. \u201eMAJOWE\u201d: doros\u0142ych i m\u0142odzie\u017c o godz. 17:30. a dzieci w poniedzia\u0142ki i czwartki o godz. 16:30.Zach\u0119cam do udzia\u0142u w nabo\u017ce\u0144stwie majowym.<\/p>\n<p>&nbsp;<\/p>\n<p>2. Dzisiaj po Mszy \u015bw. o godz.15:00 na plebanii spotkanie Apostolatu Bo\u017cego Mi\u0142osierdzia i wolontariuszy Caritas.<\/p>\n<p>&nbsp;<\/p>\n<p>3. W przysz\u0142\u0105 Niedziel\u0119 (2 czerwca) po Mszach \u015bw. b\u0119dzie mo\u017cliwo\u015b\u0107 nabycia ksi\u0105\u017cki autorstwa Ks. dra \u0141ukasza Garbackiego pt: Reinterpretacja Ksi\u0119gi Jeremiasza w Apokalipsie \u015bw. Jana. Zapraszamy wszystkich zainteresowanych, kt\u00f3rym nie uda\u0142o si\u0119<br \/>\nwcze\u015bniej zakupi\u0107 tej publikacji, kt\u00f3ra pomo\u017ce w lepszym rozumieniu Apokalipsy \u015bw. Jana.<\/p>\n<p>&nbsp;<\/p>\n<p>4. R\u00f3wnie\u017c w Niedziel\u0119 (2 czerwca) zapraszamy na godz. 19:00 na spotkanie organizacyjne wszystkich lider\u00f3w wsp\u00f3lnot oraz parafian zainteresowanych organizacj\u0105 Wigilii Zes\u0142ania Ducha \u015awi\u0119tego oraz Jubileuszu 25-lecia kap\u0142a\u0144stwa Ks. Proboszcza Wojciecha Zwolickiego.<\/p>\n<p>&nbsp;<\/p>\n<p>5. Rodzic\u00f3w dzieci, kt\u00f3re b\u0119d\u0105 obchodzi\u0142y w tym roku Rocznic\u0119 I Komunii \u015awi\u0119tej, zapraszamy na spotkanie: 27 maja (poniedzia\u0142ek) do sali na plebanii o godz. 19:00. Prosz\u0119 o zabranie ksi\u0105\u017ceczki od pierwszych pi\u0105tk\u00f3w miesi\u0105ca dziecka i rodzic\u00f3w oraz obrazki z nabo\u017ce\u0144stwa majowego. Obecno\u015b\u0107 obowi\u0105zkowa.<\/p>\n<p>&nbsp;<\/p>\n<p>6. Zapraszamy na ostatnie nabo\u017ce\u0144stwo majowe na terenie naszej parafii, kt\u00f3re odb\u0119dzie si\u0119 przy Sp\u00f3\u0142dzielni Mieszkaniowej NAD JAREM we wtorek 28 maja o godz. 17:15, po kt\u00f3rym procesyjnie ze \u015bpiewem wr\u00f3cimy z figur\u0105 MB Fatimskiej do ko\u015bcio\u0142a.<\/p>\n<p>&nbsp;<\/p>\n<p>7. Za tydzie\u0144 zapraszamy na Adoracj\u0119 Naj\u015bwi\u0119tszego Sakramentu od godz. 15:00 do godz. 18:00. Rozpocznie si\u0119 Koronk\u0105 do Bo\u017cego Mi\u0142osierdzia.<\/p>\n<p>&nbsp;<\/p>\n<p>8. UWAGA !!! Od 2 czerwca 2019 roku do ko\u0144ca sierpnia nie b\u0119dzie Mszy \u015bw. niedzielnej o godz. 15:00, natomiast Koronka do Bo\u017cego Mi\u0142osierdzia pozostaje bez zmian.<\/p>\n<p>&nbsp;<\/p>\n<p>9. Szczeg\u00f3ln\u0105 okazj\u0105 do modlitwy za kandydat\u00f3w do bierzmowania b\u0119dzie rozpoczynaj\u0105ca si\u0119 w tym tygodniu (tj. od pi\u0105tku 31 maja) NOWENNA PRZED UROCZYSTO\u015aCI\u0104 ZES\u0141ANIA DUCHA \u015aWI\u0118TEGO, po\u0142\u0105czona z nabo\u017ce\u0144stwem majowym o godz. 17:30. Uroczystym zwie\u0144czeniem tego czasu b\u0119dzie Wigilia Zes\u0142ania Ducha \u015awi\u0119tego (8 czerwca br., godz. 19.30), na kt\u00f3r\u0105 zapraszamy wszystkie Wsp\u00f3lnoty i wiernych naszej parafii.<\/p>\n<p>&nbsp;<\/p>\n<p>10. W czerwcu zapraszamy dzieci, m\u0142odzie\u017c i doros\u0142ych do udzia\u0142u w nabo\u017ce\u0144stwach ku czci Naj\u015bwi\u0119tszego Serca Pana Jezusa, odprawianych codziennie o godz. 17:30.<\/p>\n<p>&nbsp;<\/p>\n<p>11. Odpowiedzialnych za Margaretki przy naszej parafii zapraszam na spotkanie 31 maja br. o godz. 19:00. Obecno\u015b\u0107 obowi\u0105zkowa.<\/p>\n<p>&nbsp;<\/p>\n<p>12. W tym tygodniu przypada pierwsza sobota miesi\u0105ca:<\/p>\n<p>\uf0b7 w pierwsz\u0105 sobot\u0119 miesi\u0105ca wystawienie Naj\u015bwi\u0119tszego Sakramentu od godz. 17:00. B\u0119dziemy modli\u0107 si\u0119 w intencjach wynagradzaj\u0105cych Niepokalanemu Sercu Maryi. Tego dnia zmiana tajemnic dla \u017bywego R\u00f3\u017ca\u0144ca.<\/p>\n<p>&nbsp;<\/p>\n<p>13. PAMI\u0118TAJMY !!! 1 czerwca (sobota) DZIE\u0143 DZIECKA. wszystkie dzieci z rodzicami zapraszamy na Msz\u0119 \u015bw. o godz. 18:00 zako\u0144czon\u0105 indywidualnym b\u0142ogos\u0142awie\u0144stwem dzieci.<\/p>\n<p>&nbsp;<\/p>\n<p>14. W przysz\u0142\u0105 niedziel\u0119 (2 czerwca) taca przeznaczona jest na \u0142awki do naszej \u015bwi\u0105tyni. B\u00f3g zap\u0142a\u0107 za otwarto\u015b\u0107 i zrozumienie.<\/p>\n<p>&nbsp;<\/p>\n<p>15. Przed ko\u015bcio\u0142em mo\u017cna naby\u0107 pras\u0119 katolick\u0105: \u201eGo\u015b\u0107 Niedzielny\u201d w cenie 5 z\u0142.<\/p>\n<p>&nbsp;<\/p>\n<p>16. Pan powo\u0142a\u0142 do wieczno\u015bci: \u015bp. W\u0142adys\u0142awa(m) Uler lat 87 z ul. Brzechwy.<\/p>\n<p>&nbsp;<\/p>\n<p>&nbsp;<\/p>\n","protected":false},"excerpt":{"rendered":"<p>&nbsp; 1. Przed nami ostatni tydzie\u0144 miesi\u0105ca maja &#8211; zapraszamy na nabo\u017ce\u0144stwa ku czci Naj\u015bwi\u0119tszej Maryi Panny, tzw. \u201eMAJOWE\u201d: doros\u0142ych i m\u0142odzie\u017c o godz. 17:30. a dzieci w poniedzia\u0142ki i czwartki o godz. 16:30.Zach\u0119cam do udzia\u0142u w nabo\u017ce\u0144stwie majowym. &nbsp; 2. Dzisiaj po Mszy \u015bw. o godz.15:00 na plebanii spotkanie Apostolatu Bo\u017cego Mi\u0142osierdzia i wolontariuszy [&hellip;]<\/p>\n","protected":false},"author":1,"featured_media":2530,"comment_status":"closed","ping_status":"closed","sticky":false,"template":"","format":"standard","meta":{"ngg_post_thumbnail":0,"footnotes":""},"categories":[11,8,3],"tags":[],"class_list":["post-3379","post","type-post","status-publish","format-standard","has-post-thumbnail","hentry","category-aktualnosci","category-blog","category-ogloszenia"],"_links":{"self":[{"href":"https:\/\/rafalk-elblag.pl\/index.php?rest_route=\/wp\/v2\/posts\/3379","targetHints":{"allow":["GET"]}}],"collection":[{"href":"https:\/\/rafalk-elblag.pl\/index.php?rest_route=\/wp\/v2\/posts"}],"about":[{"href":"https:\/\/rafalk-elblag.pl\/index.php?rest_route=\/wp\/v2\/types\/post"}],"author":[{"embeddable":true,"href":"https:\/\/rafalk-elblag.pl\/index.php?rest_route=\/wp\/v2\/users\/1"}],"replies":[{"embeddable":true,"href":"https:\/\/rafalk-elblag.pl\/index.php?rest_route=%2Fwp%2Fv2%2Fcomments&post=3379"}],"version-history":[{"count":1,"href":"https:\/\/rafalk-elblag.pl\/index.php?rest_route=\/wp\/v2\/posts\/3379\/revisions"}],"predecessor-version":[{"id":3380,"href":"https:\/\/rafalk-elblag.pl\/index.php?rest_route=\/wp\/v2\/posts\/3379\/revisions\/3380"}],"wp:featuredmedia":[{"embeddable":true,"href":"https:\/\/rafalk-elblag.pl\/index.php?rest_route=\/wp\/v2\/media\/2530"}],"wp:attachment":[{"href":"https:\/\/rafalk-elblag.pl\/index.php?rest_route=%2Fwp%2Fv2%2Fmedia&parent=3379"}],"wp:term":[{"taxonomy":"category","embeddable":true,"href":"https:\/\/rafalk-elblag.pl\/index.php?rest_route=%2Fwp%2Fv2%2Fcategories&post=3379"},{"taxonomy":"post_tag","embeddable":true,"href":"https:\/\/rafalk-elblag.pl\/index.php?rest_route=%2Fwp%2Fv2%2Ftags&post=3379"}],"curies":[{"name":"wp","href":"https:\/\/api.w.org\/{rel}","templated":true}]}}