{"id":3373,"date":"2019-05-16T12:20:59","date_gmt":"2019-05-16T12:20:59","guid":{"rendered":"http:\/\/rafalk-elblag.pl\/?p=3373"},"modified":"2019-05-16T12:20:59","modified_gmt":"2019-05-16T12:20:59","slug":"intencje-mszalne-v-tydzien-wielkanocny-20-05-26-05-2019","status":"publish","type":"post","link":"https:\/\/rafalk-elblag.pl\/?p=3373","title":{"rendered":"INTENCJE MSZALNE \u2013 V TYDZIE\u0143 WIELKANOCNY (20.05. \u2013 26.05. 2019)"},"content":{"rendered":"<p><a href=\"http:\/\/rafalk-elblag.pl\/wp-content\/uploads\/2016\/12\/shutterstock_49643152-1000.jpg\"><img loading=\"lazy\" decoding=\"async\" class=\"alignnone size-full wp-image-2526\" src=\"http:\/\/rafalk-elblag.pl\/wp-content\/uploads\/2016\/12\/shutterstock_49643152-1000.jpg\" alt=\"\" width=\"1000\" height=\"665\" srcset=\"https:\/\/rafalk-elblag.pl\/wp-content\/uploads\/2016\/12\/shutterstock_49643152-1000.jpg 1000w, https:\/\/rafalk-elblag.pl\/wp-content\/uploads\/2016\/12\/shutterstock_49643152-1000-300x200.jpg 300w, https:\/\/rafalk-elblag.pl\/wp-content\/uploads\/2016\/12\/shutterstock_49643152-1000-768x511.jpg 768w\" sizes=\"auto, (max-width: 1000px) 100vw, 1000px\" \/><\/a><\/p>\n<p>&nbsp;<\/p>\n<p>&nbsp;<\/p>\n<p><span style=\"color: #339966;\"><strong>20 maja PONIEDZIA\u0141EK<\/strong><\/span> J 14, 21-26<\/p>\n<p>8:00 \u015ap. Ryszard Myszk (30 dz.p.p.)<\/p>\n<p>18:00 \u015ap. Zygmunt (9 rocz. \u015bm), zm. rodzic\u00f3w: Katarzyna i J\u00f3zef, te\u015bci\u00f3w: Zofia i Stefan, siostra Irena<\/p>\n<p>18:00 \u015ap. Gabriela Wojciechowska &#8211; int. od kr\u0119gu \u015bw. Jana Paw\u0142a II<\/p>\n<p>&nbsp;<\/p>\n<p>&nbsp;<\/p>\n<p><strong><span style=\"color: #3366ff;\">21 maja WTOREK<\/span><\/strong> J 14, 27-31a<\/p>\n<p>8:00 \u015ap. Henryka Kwiatkowska (30 dz.p.p)<\/p>\n<p>18.00 Dzi\u0119kczynna w 70 urodziny Jerzego Rogalskiego z pro\u015bb\u0105 o Bo\u017ce b\u0142ogos\u0142awie\u0144stwo, potrzebne \u0142aski i opiek\u0119 Matki Bo\u017cej<\/p>\n<p>&nbsp;<\/p>\n<p>&nbsp;<\/p>\n<p><strong><span style=\"color: #339966;\">22 maja \u015aRODA<\/span><\/strong><br \/>\n<span style=\"color: #339966;\">Wspomnienie \u015bw. Rity z Cascia, zakonnicy<\/span> J 15, 1-8<\/p>\n<p>8:00 \u015ap. Apolonia, Stanis\u0142aw, Hieronima, Jan, Lucjan, Elma, Pawe\u0142 z rodz. Boryszewskich<\/p>\n<p>17:30 Nabo\u017ce\u0144stwo do Matki Bo\u017cej Nieustaj\u0105cej Pomocy<\/p>\n<p>18:00 \u015ap. Kazimiera Waszak (12 rocz. \u015bm) i zmar\u0142ych z rodziny Waszak<\/p>\n<p>&nbsp;<\/p>\n<p>&nbsp;<\/p>\n<p><strong><span style=\"color: #3366ff;\">23 maja CZWARTEK<\/span> <\/strong>J 15, 9-11<\/p>\n<p>8:00 \u015ap. Stefania i W\u0142adys\u0142aw Warsi\u0144scy i zm. rodzic\u00f3w z obojga stron<\/p>\n<p>18:00 \u015ap. Janina Walko, Janina Zaleszczenko<\/p>\n<p>18:00 \u015ap. Halina Rajska (30 dz.p.p)<\/p>\n<p>&nbsp;<\/p>\n<p>&nbsp;<\/p>\n<p><strong><span style=\"color: #339966;\">24 maja PI\u0104TEK<\/span><\/strong><\/p>\n<p><span style=\"color: #339966;\">Wspomnienie Naj\u015bwi\u0119tszej Maryi Panny, Wspomo\u017cycielki Wiernych<\/span> J 15, 12-17<\/p>\n<p>8:00 \u015ap. Marianna Humelt (2 rocz. \u015bm) i zmarli z rodziny<\/p>\n<p>18:00 \u015ap. Kazimiera (8 rocz. \u015bm) i Jan Usikowie<\/p>\n<p>&nbsp;<\/p>\n<p>&nbsp;<\/p>\n<p><span style=\"color: #3366ff;\"><strong>25 maja SOBOTA<\/strong><\/span> J 15, 18-21<\/p>\n<p>8:00 Dzi\u0119kczynna z okazji 24 rocznicy \u015bwi\u0119ce\u0144 kap\u0142. Ks. Arkadiusza z pro\u015bb\u0105 o Bo\u017ce b\u0142ogos\u0142awie\u0144stwo, dary Ducha \u015bw, opiek\u0119 Matki Bo\u017cej na dalsze lata pos\u0142ugi kap\u0142a\u0144skiej &#8211; intencja od Margaretki<\/p>\n<p>18:00 O Bo\u017ce b\u0142ogos\u0142awie\u0144stwo, dary Ducha \u015bw. i opiek\u0119 Matki Bo\u017cej dla Ks. Arkadiusza Grabowskiego w 24 rocznic\u0119 \u015bwi\u0119ce\u0144 kap\u0142a\u0144skich &#8211; int. od Margaretki<\/p>\n<p>18:00 O Bo\u017ce b\u0142ogos\u0142awie\u0144stwo, dary Ducha \u015aw. i opiek\u0119 Matki Bo\u017cej dla Ks. Piotra Makowskiego w 2 rocznic\u0119 \u015bwi\u0119ce\u0144 kap\u0142a\u0144skich<\/p>\n<p>&nbsp;<\/p>\n<p>&nbsp;<\/p>\n<h3><strong><span style=\"color: #339966;\">26 maja SZ\u00d3STA NIEDZIELA WIELKANOCNA<\/span><\/strong> J 14, 23-29<\/h3>\n<p>7:00 \u015ap. Krystyna Stejn (2 rocz. \u015bm)<\/p>\n<p>9:00 \u015ap. Halina i Stanis\u0142aw Zajdel<\/p>\n<p>9:00 Dzi\u0119kczynna z okazji 50 rocznicy \u015blubu Janiny i Stanis\u0142awa Wi\u015bniewskich z pro\u015bb\u0105 o Bo\u017ce b\u0142ogos\u0142awie\u0144stwo i potrzebne \u0142aski dla Z\u0142otych Jubilat\u00f3w<\/p>\n<p>10:30 \u015ap. Iwona Kobrzeniecka (6 miesi\u0119cy po \u015bmierci), Jadwiga Jasi\u0144ska<\/p>\n<p>12:00 Za parafian<\/p>\n<p>15.00 \u015ap. Anastazy, Ma\u0142gorzata, Helena i Jan z rodziny Rolka<\/p>\n<p>18:00 O Bo\u017ce b\u0142ogos\u0142awie\u0144stwo, potrzebne \u0142aski i opiek\u0119 Matki Bo\u017cej dla Kai w 2 urodziny<\/p>\n<p>&nbsp;<\/p>\n<p>&nbsp;<\/p>\n<p>&nbsp;<\/p>\n<p>&nbsp;<\/p>\n","protected":false},"excerpt":{"rendered":"<p>&nbsp; &nbsp; 20 maja PONIEDZIA\u0141EK J 14, 21-26 8:00 \u015ap. Ryszard Myszk (30 dz.p.p.) 18:00 \u015ap. Zygmunt (9 rocz. \u015bm), zm. rodzic\u00f3w: Katarzyna i J\u00f3zef, te\u015bci\u00f3w: Zofia i Stefan, siostra Irena 18:00 \u015ap. Gabriela Wojciechowska &#8211; int. od kr\u0119gu \u015bw. Jana Paw\u0142a II &nbsp; &nbsp; 21 maja WTOREK J 14, 27-31a 8:00 \u015ap. Henryka Kwiatkowska [&hellip;]<\/p>\n","protected":false},"author":1,"featured_media":2526,"comment_status":"closed","ping_status":"closed","sticky":false,"template":"","format":"standard","meta":{"ngg_post_thumbnail":0,"footnotes":""},"categories":[11,8,4],"tags":[],"class_list":["post-3373","post","type-post","status-publish","format-standard","has-post-thumbnail","hentry","category-aktualnosci","category-blog","category-intencje"],"_links":{"self":[{"href":"https:\/\/rafalk-elblag.pl\/index.php?rest_route=\/wp\/v2\/posts\/3373","targetHints":{"allow":["GET"]}}],"collection":[{"href":"https:\/\/rafalk-elblag.pl\/index.php?rest_route=\/wp\/v2\/posts"}],"about":[{"href":"https:\/\/rafalk-elblag.pl\/index.php?rest_route=\/wp\/v2\/types\/post"}],"author":[{"embeddable":true,"href":"https:\/\/rafalk-elblag.pl\/index.php?rest_route=\/wp\/v2\/users\/1"}],"replies":[{"embeddable":true,"href":"https:\/\/rafalk-elblag.pl\/index.php?rest_route=%2Fwp%2Fv2%2Fcomments&post=3373"}],"version-history":[{"count":1,"href":"https:\/\/rafalk-elblag.pl\/index.php?rest_route=\/wp\/v2\/posts\/3373\/revisions"}],"predecessor-version":[{"id":3374,"href":"https:\/\/rafalk-elblag.pl\/index.php?rest_route=\/wp\/v2\/posts\/3373\/revisions\/3374"}],"wp:featuredmedia":[{"embeddable":true,"href":"https:\/\/rafalk-elblag.pl\/index.php?rest_route=\/wp\/v2\/media\/2526"}],"wp:attachment":[{"href":"https:\/\/rafalk-elblag.pl\/index.php?rest_route=%2Fwp%2Fv2%2Fmedia&parent=3373"}],"wp:term":[{"taxonomy":"category","embeddable":true,"href":"https:\/\/rafalk-elblag.pl\/index.php?rest_route=%2Fwp%2Fv2%2Fcategories&post=3373"},{"taxonomy":"post_tag","embeddable":true,"href":"https:\/\/rafalk-elblag.pl\/index.php?rest_route=%2Fwp%2Fv2%2Ftags&post=3373"}],"curies":[{"name":"wp","href":"https:\/\/api.w.org\/{rel}","templated":true}]}}