{"id":3371,"date":"2019-05-16T12:15:09","date_gmt":"2019-05-16T12:15:09","guid":{"rendered":"http:\/\/rafalk-elblag.pl\/?p=3371"},"modified":"2019-05-16T12:15:09","modified_gmt":"2019-05-16T12:15:09","slug":"ogloszenia-parafialne-v-niedziela-wielkanocna-19-05-2019","status":"publish","type":"post","link":"https:\/\/rafalk-elblag.pl\/?p=3371","title":{"rendered":"OG\u0141OSZENIA PARAFIALNE \u2013 V NIEDZIELA WIELKANOCNA 19.05.2019"},"content":{"rendered":"<p><a href=\"http:\/\/rafalk-elblag.pl\/wp-content\/uploads\/2016\/12\/pulpit.jpg\"><img loading=\"lazy\" decoding=\"async\" class=\"alignnone size-large wp-image-2530\" src=\"http:\/\/rafalk-elblag.pl\/wp-content\/uploads\/2016\/12\/pulpit-1024x682.jpg\" alt=\"\" width=\"900\" height=\"599\" srcset=\"https:\/\/rafalk-elblag.pl\/wp-content\/uploads\/2016\/12\/pulpit-1024x682.jpg 1024w, https:\/\/rafalk-elblag.pl\/wp-content\/uploads\/2016\/12\/pulpit-300x200.jpg 300w, https:\/\/rafalk-elblag.pl\/wp-content\/uploads\/2016\/12\/pulpit-768x512.jpg 768w, https:\/\/rafalk-elblag.pl\/wp-content\/uploads\/2016\/12\/pulpit.jpg 1698w\" sizes=\"auto, (max-width: 900px) 100vw, 900px\" \/><\/a><\/p>\n<p>&nbsp;<\/p>\n<p>&nbsp;<\/p>\n<p>1. Dzisiaj na Mszy \u015awi\u0119tej o godz. 12:00 grupa 19 dzieci przyjmie po raz pierwszy do swego serca Pana Jezusa pod postaci\u0105 Chleba Eucharystycznego. Pro\u015bmy, aby ich przyja\u017a\u0144 ze Zbawicielem trwa\u0142a przez ca\u0142e \u017cycie. W czwartek 23 maja na zako\u0144czenie Bia\u0142ego Tygodnia planujemy zorganizowa\u0107 Festyn Rodzinny dla dzieci komunijnych oraz ich najbli\u017cszych. Na to wydarzenie zapraszamy jednak tak\u017ce inne rodziny z dzie\u0107mi. Ze wzgl\u0119d\u00f3w organizacyjnych prosimy zg\u0142asza\u0107 rodziny ch\u0119tne do wzi\u0119cia udzia\u0142u u ks. Marcina w zakrystii.<\/p>\n<p>&nbsp;<\/p>\n<p>&nbsp;<\/p>\n<p>2. Mamy najpi\u0119kniejszy miesi\u0105c maj &#8211; zapraszamy na nabo\u017ce\u0144stwa ku czci Naj\u015bwi\u0119tszej Maryi Panny, tzw. \u201eMAJOWE\u201d: doros\u0142ych, m\u0142odzie\u017c i dzieci w Bia\u0142ym Tygodniu o godz. 17:30. Zach\u0119cam do udzia\u0142u w nabo\u017ce\u0144stwie majowym.<\/p>\n<p>&nbsp;<\/p>\n<p>&nbsp;<\/p>\n<p>3. W pi\u0105tek 24 maja o godz. 16:00 w Katedrze Elbl\u0105skiej wa\u017cne wydarzenie: \u015bwi\u0119cenia diakonatu przyjmie nasz parafianin Micha\u0142 Semeniuk. W imieniu Micha\u0142a zapraszam parafian do wzi\u0119cia udzia\u0142u w tak wyj\u0105tkowej uroczysto\u015bci. Natomiast w sobot\u0119 25 maja o godz. 10:00 \u2013 \u015bwi\u0119cenia kap\u0142a\u0144skie. Pami\u0119tajmy w modlitwie o tych, kt\u00f3rzy przyjm\u0105 \u015bwi\u0119cenia.<\/p>\n<p>&nbsp;<\/p>\n<p>&nbsp;<\/p>\n<p>4. W roku duszpasterskim: \u201eW MOCY BO\u017bEGO DUCHA\u201d zapraszamy na trzecie nabo\u017ce\u0144stwo majowe, kt\u00f3re odb\u0119dzie si\u0119 przy Szkole Podstawowej nr. 11 ul. Korczaka, we wtorek 21 maja o godz. 17:15, po kt\u00f3rym procesyjnie i ze \u015bpiewem<br \/>\nwr\u00f3cimy z figur\u0105 MB Fatimskiej do ko\u015bcio\u0142a. Tego dnia nie b\u0119dzie nabo\u017ce\u0144stwa w ko\u015bciele o 17:30.<\/p>\n<p>&nbsp;<\/p>\n<p>&nbsp;<\/p>\n<p>5. Rodzic\u00f3w, kt\u00f3rych dzieci b\u0119d\u0105 prze\u017cywa\u0142y w tym roku rocznic\u0119 I Komunii \u015awi\u0119tej, zapraszamy na spotkanie: 27 maja (poniedzia\u0142ek) do sali na plebanii o godz. 19:00. Prosz\u0119 o zabranie ksi\u0105\u017ceczki od pierwszych pi\u0105tk\u00f3w miesi\u0105ca dziecka i rodzic\u00f3w oraz obrazki z nabo\u017ce\u0144stwa majowego. Obecno\u015b\u0107 obowi\u0105zkowa.<\/p>\n<p>&nbsp;<\/p>\n<p>&nbsp;<\/p>\n<p>6. Dzieci w wieku od 8 do 13 lat zapraszamy do skorzystania z wypoczynku wakacyjnego w Diecezjalnym O\u015brodku Caritas &#8211; Mikoszewo. Termin: od 3 sierpnia do 12 sierpnia 2019 (10 miejsca). Koszt 430 z\u0142 ze skierowaniem z parafii lub 800 z\u0142 pe\u0142na odp\u0142atno\u015b\u0107. Wi\u0119cej informacji u ks. Proboszcza.<\/p>\n<p>&nbsp;<\/p>\n<p>&nbsp;<\/p>\n<p>7. Parafia \u015bw. Wojciecha w Elbl\u0105gu organizuje w dniach 30-31 maja i 1-2 czerwca br. pielgrzymk\u0119 na Podlasie (Bia\u0142ystok, \u015awi\u0119ta Woda, Supra\u015bl, Suchowola, Kruszyniany, Sok\u00f3\u0142ka, August\u00f3w, Studzienniczna oraz Wigry). Koszt 450 z\u0142. Zapisy u ks. Roberta Marchwata.<\/p>\n<p>&nbsp;<\/p>\n<p>&nbsp;<\/p>\n<p>8. Rozpoczyna si\u0119 ostatnia prosta przygotowa\u0144 do przyj\u0119cia Sakramentu Bierzmowania dla m\u0142odzie\u017cy z roku II. Spotkania dla kandydat\u00f3w do bierzmowania w ka\u017cd\u0105 niedziel\u0119 maja po Mszy \u015aw. o godz. 19:00; natomiast dla rodzic\u00f3w kandydat\u00f3w do sakramentu bierzmowania w poniedzia\u0142ek 20 maja o godz. 19:00 w salce m\u0142odzie\u017cowej. Obecno\u015b\u0107 kandydat\u00f3w i rodzic\u00f3w na powy\u017cszych spotkaniach jest obowi\u0105zkowa.<\/p>\n<p>&nbsp;<\/p>\n<p>&nbsp;<\/p>\n<p>9. Wszystkim Jubilatom i Solenizantom tego tygodnia \u017cyczymy wszelkiego dobra w \u017cyciu i b\u0142ogos\u0142awie\u0144stwa Bo\u017cego.<\/p>\n<p>&nbsp;<\/p>\n<p>&nbsp;<\/p>\n<p>10. Przed ko\u015bcio\u0142em mo\u017cna naby\u0107 pras\u0119 katolick\u0105: \u201eGo\u015b\u0107 Niedzielny\u201d w cenie 5 z\u0142.<\/p>\n<p>&nbsp;<\/p>\n<p>&nbsp;<\/p>\n<p style=\"text-align: center;\"><span style=\"color: #800080;\"><strong>Numer Konta Parafialnego<\/strong><\/span><\/p>\n<p style=\"text-align: center;\"><span style=\"color: #800080;\"><strong>PKO BP 72 1020 1752 0000 0102 0069 6047<\/strong><\/span><\/p>\n<p>&nbsp;<\/p>\n<p>&nbsp;<\/p>\n<p>&nbsp;<\/p>\n","protected":false},"excerpt":{"rendered":"<p>&nbsp; &nbsp; 1. Dzisiaj na Mszy \u015awi\u0119tej o godz. 12:00 grupa 19 dzieci przyjmie po raz pierwszy do swego serca Pana Jezusa pod postaci\u0105 Chleba Eucharystycznego. Pro\u015bmy, aby ich przyja\u017a\u0144 ze Zbawicielem trwa\u0142a przez ca\u0142e \u017cycie. W czwartek 23 maja na zako\u0144czenie Bia\u0142ego Tygodnia planujemy zorganizowa\u0107 Festyn Rodzinny dla dzieci komunijnych oraz ich najbli\u017cszych. Na [&hellip;]<\/p>\n","protected":false},"author":1,"featured_media":2530,"comment_status":"closed","ping_status":"closed","sticky":false,"template":"","format":"standard","meta":{"ngg_post_thumbnail":0,"footnotes":""},"categories":[11,8,3],"tags":[],"class_list":["post-3371","post","type-post","status-publish","format-standard","has-post-thumbnail","hentry","category-aktualnosci","category-blog","category-ogloszenia"],"_links":{"self":[{"href":"https:\/\/rafalk-elblag.pl\/index.php?rest_route=\/wp\/v2\/posts\/3371","targetHints":{"allow":["GET"]}}],"collection":[{"href":"https:\/\/rafalk-elblag.pl\/index.php?rest_route=\/wp\/v2\/posts"}],"about":[{"href":"https:\/\/rafalk-elblag.pl\/index.php?rest_route=\/wp\/v2\/types\/post"}],"author":[{"embeddable":true,"href":"https:\/\/rafalk-elblag.pl\/index.php?rest_route=\/wp\/v2\/users\/1"}],"replies":[{"embeddable":true,"href":"https:\/\/rafalk-elblag.pl\/index.php?rest_route=%2Fwp%2Fv2%2Fcomments&post=3371"}],"version-history":[{"count":1,"href":"https:\/\/rafalk-elblag.pl\/index.php?rest_route=\/wp\/v2\/posts\/3371\/revisions"}],"predecessor-version":[{"id":3372,"href":"https:\/\/rafalk-elblag.pl\/index.php?rest_route=\/wp\/v2\/posts\/3371\/revisions\/3372"}],"wp:featuredmedia":[{"embeddable":true,"href":"https:\/\/rafalk-elblag.pl\/index.php?rest_route=\/wp\/v2\/media\/2530"}],"wp:attachment":[{"href":"https:\/\/rafalk-elblag.pl\/index.php?rest_route=%2Fwp%2Fv2%2Fmedia&parent=3371"}],"wp:term":[{"taxonomy":"category","embeddable":true,"href":"https:\/\/rafalk-elblag.pl\/index.php?rest_route=%2Fwp%2Fv2%2Fcategories&post=3371"},{"taxonomy":"post_tag","embeddable":true,"href":"https:\/\/rafalk-elblag.pl\/index.php?rest_route=%2Fwp%2Fv2%2Ftags&post=3371"}],"curies":[{"name":"wp","href":"https:\/\/api.w.org\/{rel}","templated":true}]}}