{"id":3368,"date":"2019-05-10T10:22:03","date_gmt":"2019-05-10T10:22:03","guid":{"rendered":"http:\/\/rafalk-elblag.pl\/?p=3368"},"modified":"2019-05-10T10:22:03","modified_gmt":"2019-05-10T10:22:03","slug":"intencje-mszalne-tydzien-modlitw-o-powolania-13-05-19-05-2019","status":"publish","type":"post","link":"https:\/\/rafalk-elblag.pl\/?p=3368","title":{"rendered":"INTENCJE MSZALNE \u2013 TYDZIE\u0143 MODLITW O POWO\u0141ANIA (13.05. \u2013 19.05. 2019)"},"content":{"rendered":"<p><a href=\"http:\/\/rafalk-elblag.pl\/wp-content\/uploads\/2016\/12\/shutterstock_49643152-1000.jpg\"><img loading=\"lazy\" decoding=\"async\" class=\"alignnone size-full wp-image-2526\" src=\"http:\/\/rafalk-elblag.pl\/wp-content\/uploads\/2016\/12\/shutterstock_49643152-1000.jpg\" alt=\"\" width=\"1000\" height=\"665\" srcset=\"https:\/\/rafalk-elblag.pl\/wp-content\/uploads\/2016\/12\/shutterstock_49643152-1000.jpg 1000w, https:\/\/rafalk-elblag.pl\/wp-content\/uploads\/2016\/12\/shutterstock_49643152-1000-300x200.jpg 300w, https:\/\/rafalk-elblag.pl\/wp-content\/uploads\/2016\/12\/shutterstock_49643152-1000-768x511.jpg 768w\" sizes=\"auto, (max-width: 1000px) 100vw, 1000px\" \/><\/a><\/p>\n<p>&nbsp;<\/p>\n<p>&nbsp;<\/p>\n<p>&nbsp;<\/p>\n<h4><span style=\"color: #3366ff;\">13 maja PONIEDZIA\u0141EK<\/span><br \/>\n<span style=\"color: #3366ff;\">Wspomnienie Naj\u015bwi\u0119tszej Maryi Panny Fatimskiej<\/span> J 10, 1-10<\/h4>\n<p>8:00 \u015ap. Stefania Wojta\u015b (20 rocz. \u015bm) i zmar\u0142ych z rodzin: Wojta\u015b i Maliszewskich<\/p>\n<p>18:00 \u015ap. Genowefa i Pawe\u0142 Lamparscy, Justyna, Kazimierz, Bernard, Andrzej z rodz. Huszcza<\/p>\n<p>&nbsp;<\/p>\n<p>&nbsp;<\/p>\n<h4><span style=\"color: #ff0000;\"><strong>14 maja WTOREK<\/strong><\/span><br \/>\n<span style=\"color: #ff0000;\">\u015awi\u0119to \u015bw. Macieja, aposto\u0142a<\/span> J 15, 9-17<\/h4>\n<p>8:00 \u015ap. Zm. z rodzin: Babi\u0144skich i Polasik oraz zm. krewnych, znajomych i s\u0105siad\u00f3w<\/p>\n<p>18.00 \u015ap. Bronis\u0142aw Seroka (7 rocz. \u015bm)<\/p>\n<p>&nbsp;<\/p>\n<p>&nbsp;<\/p>\n<h4><span style=\"color: #3366ff;\">15 maja \u015aRODA<\/span> J 12, 44-50<\/h4>\n<p>8:00 \u015ap. Kazimierz Ja\u015bkiewicz (2 rocz. \u015bm)<\/p>\n<p>17:30 Nabo\u017ce\u0144stwo do Matki Bo\u017cej Nieustaj\u0105cej Pomocy<\/p>\n<p>18:00 \u015ap. El\u017cbieta, Wac\u0142aw, Janusz<\/p>\n<p>18:00 W intencji czcicieli Matki Bo\u017cej Nieustaj\u0105cej Pomocy i ich rodzin<\/p>\n<p>&nbsp;<\/p>\n<p>&nbsp;<\/p>\n<h4><span style=\"color: #ff0000;\">16 maja CZWARTEK<\/span><\/h4>\n<h4><span style=\"color: #ff0000;\">\u015awi\u0119to \u015bw. Andrzeja Boboli, prezbitera i m\u0119czennika<\/span> J 17, 20-26<\/h4>\n<p>8:00 \u015ap. Regina Urba\u0144ska (30 dz.p.p.)<\/p>\n<p>18:00 Dzi\u0119kczynna w dniu urodzin Anny za dar \u017cycia, \u0142ask\u0119 wiary i obecno\u015b\u0107 Maryi w jej \u017cyciu<\/p>\n<p>18:00 W intencji Rodziny Karmelita\u0144skiej i Bractwa Szkaplerznego<\/p>\n<p>&nbsp;<\/p>\n<p>&nbsp;<\/p>\n<h4><span style=\"color: #3366ff;\">17 maja PI\u0104TEK<\/span> J 14, 1-6<\/h4>\n<p>8:00 \u015ap. Genowefa Borowiecka (27 rocz. \u015bm), Kazimierz, Jadwiga, Stefan, Robert, Stanis\u0142aw<\/p>\n<p>18:00 \u015ap. Irena W\u00f3jcik &#8211; int. od Katarzyny z rodzin\u0105<\/p>\n<p>18:00 Dzi\u0119kczynna w 10 urodziny Artura, w 6 urodziny Emilii o Bo\u017ce b\u0142ogos\u0142awie\u0144stwo i potrzebne \u0142aski dla ca\u0142ej rodziny<\/p>\n<p>&nbsp;<\/p>\n<p>&nbsp;<\/p>\n<h4><span style=\"color: #ff0000;\">18 maja SOBOTA<\/span> J 14, 7-14<\/h4>\n<p>8:00 \u015ap. Karol Wi\u015bniewski, Marcin, Stanis\u0142awa, J\u00f3zef, J\u00f3zefa, Aleksander, Jakub, Kazimierz, Stefania<\/p>\n<p>18:00 O Bo\u017ce b\u0142ogos\u0142awie\u0144stwo dla Martyny i Adriana oraz o potrzebne \u0142aski dla ca\u0142ej rodziny Dembi\u0144skich<\/p>\n<p>18:00 \u015ap. Barbara i Stanis\u0142aw Lema\u0144scy i zm. z rodzin: Budziszewskich i Sajmon<\/p>\n<p>&nbsp;<\/p>\n<p>&nbsp;<\/p>\n<h3><span style=\"color: #3366ff;\">19 maja PI\u0104TA NIEDZIELA WIELKANOCNA<\/span> J 13, 31-33a. 34-35<\/h3>\n<p>7:00 \u015ap. Genowefa i Wac\u0142aw Boczko, Cecylia i Wincenty Jatczuk, Weronika, Jan, Irena, Wojciech<\/p>\n<p>9:00 Dzi\u0119kczynna za otrzymane \u0142aski z pro\u015bb\u0105 o Bo\u017ce b\u0142ogos\u0142awie\u0144stwo, potrzebne \u0142aski, zdrowie i opiek\u0119 Matki Bo\u017cej dla Barbary i Piotra oraz ca\u0142ej rodziny<\/p>\n<p>9:00 \u015ap. Genowefa Sukiennik (4 rocz. \u015bm), Jan, Stanis\u0142aw Sukiennik<\/p>\n<p>10:30 Dzi\u0119kczynna w 2 urodziny Tobiasza Szczepanik, z pro\u015bb\u0105 o Bo\u017ce b\u0142ogos\u0142awie\u0144stwo, potrzebne \u0142aski dla niego i ca\u0142ej rodziny<\/p>\n<h4><span style=\"color: #ff0000;\">12:00 Za parafian &#8211; I Komunia \u015bwi\u0119ta<\/span><\/h4>\n<p>15.00 \u015ap. Jan Jaworski (10 rocz. \u015bm), Zofia i Andrzej Jaworscy, Marianna i Boles\u0142aw Stan<\/p>\n<p>18:00 \u015ap. Wojciech Juchnowicz (3 rocz. \u015bm)<\/p>\n<p>&nbsp;<\/p>\n<p>&nbsp;<\/p>\n<p>&nbsp;<\/p>\n<p>&nbsp;<\/p>\n<p>&nbsp;<\/p>\n","protected":false},"excerpt":{"rendered":"<p>&nbsp; &nbsp; &nbsp; 13 maja PONIEDZIA\u0141EK Wspomnienie Naj\u015bwi\u0119tszej Maryi Panny Fatimskiej J 10, 1-10 8:00 \u015ap. Stefania Wojta\u015b (20 rocz. \u015bm) i zmar\u0142ych z rodzin: Wojta\u015b i Maliszewskich 18:00 \u015ap. Genowefa i Pawe\u0142 Lamparscy, Justyna, Kazimierz, Bernard, Andrzej z rodz. Huszcza &nbsp; &nbsp; 14 maja WTOREK \u015awi\u0119to \u015bw. Macieja, aposto\u0142a J 15, 9-17 8:00 \u015ap. [&hellip;]<\/p>\n","protected":false},"author":1,"featured_media":2526,"comment_status":"closed","ping_status":"closed","sticky":false,"template":"","format":"standard","meta":{"ngg_post_thumbnail":0,"footnotes":""},"categories":[11,8,4],"tags":[],"class_list":["post-3368","post","type-post","status-publish","format-standard","has-post-thumbnail","hentry","category-aktualnosci","category-blog","category-intencje"],"_links":{"self":[{"href":"https:\/\/rafalk-elblag.pl\/index.php?rest_route=\/wp\/v2\/posts\/3368","targetHints":{"allow":["GET"]}}],"collection":[{"href":"https:\/\/rafalk-elblag.pl\/index.php?rest_route=\/wp\/v2\/posts"}],"about":[{"href":"https:\/\/rafalk-elblag.pl\/index.php?rest_route=\/wp\/v2\/types\/post"}],"author":[{"embeddable":true,"href":"https:\/\/rafalk-elblag.pl\/index.php?rest_route=\/wp\/v2\/users\/1"}],"replies":[{"embeddable":true,"href":"https:\/\/rafalk-elblag.pl\/index.php?rest_route=%2Fwp%2Fv2%2Fcomments&post=3368"}],"version-history":[{"count":1,"href":"https:\/\/rafalk-elblag.pl\/index.php?rest_route=\/wp\/v2\/posts\/3368\/revisions"}],"predecessor-version":[{"id":3369,"href":"https:\/\/rafalk-elblag.pl\/index.php?rest_route=\/wp\/v2\/posts\/3368\/revisions\/3369"}],"wp:featuredmedia":[{"embeddable":true,"href":"https:\/\/rafalk-elblag.pl\/index.php?rest_route=\/wp\/v2\/media\/2526"}],"wp:attachment":[{"href":"https:\/\/rafalk-elblag.pl\/index.php?rest_route=%2Fwp%2Fv2%2Fmedia&parent=3368"}],"wp:term":[{"taxonomy":"category","embeddable":true,"href":"https:\/\/rafalk-elblag.pl\/index.php?rest_route=%2Fwp%2Fv2%2Fcategories&post=3368"},{"taxonomy":"post_tag","embeddable":true,"href":"https:\/\/rafalk-elblag.pl\/index.php?rest_route=%2Fwp%2Fv2%2Ftags&post=3368"}],"curies":[{"name":"wp","href":"https:\/\/api.w.org\/{rel}","templated":true}]}}