{"id":3366,"date":"2019-05-10T10:16:39","date_gmt":"2019-05-10T10:16:39","guid":{"rendered":"http:\/\/rafalk-elblag.pl\/?p=3366"},"modified":"2019-05-10T10:16:39","modified_gmt":"2019-05-10T10:16:39","slug":"ogloszenia-parafialne-niedziela-dobrego-pasterza-12-05-2019","status":"publish","type":"post","link":"https:\/\/rafalk-elblag.pl\/?p=3366","title":{"rendered":"OG\u0141OSZENIA PARAFIALNE \u2013 NIEDZIELA DOBREGO PASTERZA 12.05.2019"},"content":{"rendered":"<p><a href=\"http:\/\/rafalk-elblag.pl\/wp-content\/uploads\/2016\/12\/pulpit.jpg\"><img loading=\"lazy\" decoding=\"async\" class=\"alignnone size-large wp-image-2530\" src=\"http:\/\/rafalk-elblag.pl\/wp-content\/uploads\/2016\/12\/pulpit-1024x682.jpg\" alt=\"\" width=\"900\" height=\"599\" srcset=\"https:\/\/rafalk-elblag.pl\/wp-content\/uploads\/2016\/12\/pulpit-1024x682.jpg 1024w, https:\/\/rafalk-elblag.pl\/wp-content\/uploads\/2016\/12\/pulpit-300x200.jpg 300w, https:\/\/rafalk-elblag.pl\/wp-content\/uploads\/2016\/12\/pulpit-768x512.jpg 768w, https:\/\/rafalk-elblag.pl\/wp-content\/uploads\/2016\/12\/pulpit.jpg 1698w\" sizes=\"auto, (max-width: 900px) 100vw, 900px\" \/><\/a><\/p>\n<p>&nbsp;<\/p>\n<p>1. Dzisiaj Niedziel\u0105 Dobrego Pasterza &#8211; rozpoczynamy 56 Tydzie\u0144 Modlitw o Powo\u0142ania. Zapraszamy wszystkich do wsp\u00f3lnej modlitwy w intencji m\u0142odych ludzi, aby dobrze rozeznali swoje powo\u0142anie podczas nabo\u017ce\u0144stw majowych o godz. 17:30.<\/p>\n<p>&nbsp;<\/p>\n<p>2. \u201ePola Nadziei 2019\u201d. Akcja ma uwra\u017cliwi\u0107 spo\u0142ecze\u0144stwo, przypominaj\u0105c o chorych i cierpi\u0105cych, a tak\u017ce zach\u0119ci\u0107 do wolontariatu hospicyjnego. Dzisiaj na terenie Elbl\u0105ga przeprowadzona jest kwesta. Przed ko\u015bcio\u0142em mo\u017cna z\u0142o\u017cy\u0107 dobrowoln\u0105 ofiar\u0119. Dzi\u0119kujemy.<\/p>\n<p>&nbsp;<\/p>\n<p>3. Mamy najpi\u0119kniejszy miesi\u0105c maj &#8211; zapraszamy na nabo\u017ce\u0144stwa ku czci Naj\u015bwi\u0119tszej Maryi Panny, tzw. \u201eMAJOWE\u201d: doros\u0142ych i m\u0142odzie\u017c codziennie o godz. 17:30, a dzieci w poniedzia\u0142ki i czwartki o godz. 16:30.<\/p>\n<p>&nbsp;<\/p>\n<p>4. W roku duszpasterskim pod has\u0142em \u201eW MOCY BO\u017bEGO DUCHA\u201d zapraszamy na drugie nabo\u017ce\u0144stwo majowe, kt\u00f3re odb\u0119dzie si\u0119 przy parkingu sklepu LIDL, we wtorek 14 maja o godz. 17:15, po kt\u00f3rym procesyjnie i ze \u015bpiewem wr\u00f3cimy z figur\u0105 MB Fatimskiej do ko\u015bcio\u0142a. Tego dnia nie b\u0119dzie nabo\u017ce\u0144stwa w ko\u015bciele o 17:30.<\/p>\n<p>&nbsp;<\/p>\n<p>5. PAMI\u0118TAJMY!!! W czwartek 16 maja br. dzie\u0144 modlitw za Bractwo Szkaplerzne, a tak\u017ce za osoby nosz\u0105ce Szkaplerz \u015awi\u0119ty. Zapraszamy wszystkich nale\u017c\u0105cych i pragn\u0105cych w\u0142\u0105czy\u0107 si\u0119 do tej wsp\u00f3lnoty na Msz\u0119 \u015bw. o godz. 18:00 z katechez\u0105. W tym dniu mo\u017cemy przyj\u0105\u0107 SZKAPLERZ KARMELITA\u0143SKI. Zapraszamy.<\/p>\n<p>&nbsp;<\/p>\n<p>6. Za tydzie\u0144 w niedziel\u0119 na Mszy \u015awi\u0119tej o godz. 12:00 grupa 19 dzieci przyjmie po raz pierwszy Komuni\u0119 \u015awi\u0119t\u0105. W czwartek 23 maja na zako\u0144czenie Bia\u0142ego Tygodnia planujemy zorganizowa\u0107 Festyn Rodzinny dla dzieci komunijnych oraz ich najbli\u017cszych. Na to wydarzenie zapraszamy jednak tak\u017ce inne rodziny z dzie\u0107mi. W\u015br\u00f3d zdrowej rywalizacji i wielu konkurencji sportowych i nie tylko b\u0119dziemy walczy\u0107 o PUCHAR PROBOSZCZA w kategorii dzieci komunijnych i w drugiej kategorii \u2013 otwartej dla pozosta\u0142ych rodzin. Zapraszamy do wsp\u00f3lnego sp\u0119dzenia czasu w rodzinnej atmosferze na \u015bwie\u017cym powietrzu,<br \/>\nczwartek \u2013 23 maja, godz. 18:00 Msza \u015awi\u0119ta i po niej Festyn. Ze wzgl\u0119d\u00f3w organizacyjnych prosimy zg\u0142asza\u0107 rodziny ch\u0119tne do wzi\u0119cia udzia\u0142u u ks. Marcina w zakrystii.<\/p>\n<p>&nbsp;<\/p>\n<p>7. Wzorem lat ubieg\u0142ych Droga Neokatechumenalna organizuje na ca\u0142ym \u015bwiecie ewangelizacje na placach. W naszym mie\u015bcie spotkania po\u0142\u0105czone z obwieszczeniem KERYGMATU, DOBREJ NOWINY odb\u0119dzie si\u0119 na placu przy katedrze \u015bw. Miko\u0142aja w niedziele 12 i 19 maja od godz. 15:00. Zapraszamy.<\/p>\n<p>&nbsp;<\/p>\n<p>8. Wsp\u00f3lnota M\u0119\u017cczyzn Boga zaprasza 18 maja br. do ko\u015bcio\u0142a Bo\u017cego Cia\u0142a na godz. 15:00 m\u0119\u017cczyzn na spotkanie z Grzegorzem Kasjaniukiem, dziennikarzem, publicyst\u0105 i ewangelizatorem. Nasz go\u015b\u0107 b\u0119dzie m\u00f3wi\u0142 o wyzwaniach, jakie stawia przed chrze\u015bcija\u0144skim m\u0119\u017cczyzna dzisiejszy \u015bwiat oraz o R\u00f3\u017ca\u0144cu, kt\u00f3ry okazuje si\u0119 wielk\u0105 pomoc\u0105 wype\u0142nianiu misji i droga do \u017cycia w m\u0105dro\u015bci i prawdzie. Wi\u0119cej na stronie: www.mezczyzniBoga.pl<\/p>\n<p>&nbsp;<\/p>\n<p>9. Parafia \u015bw. Wojciecha w Elbl\u0105gu organizuje w dniach 30-31 maja i 1-2 czerwca br. pielgrzymk\u0119 na Podlasie (Bia\u0142ystok, \u015awi\u0119ta Woda, Supra\u015bl, Suchowola, Kruszyniany, Sok\u00f3\u0142ka, August\u00f3w, Studzienniczna oraz Wigry) Koszt 450 z\u0142. Zapisy u ks. Roberta Marchwata.<\/p>\n<p>&nbsp;<\/p>\n<p>10. Rozpoczyna si\u0119 ostatnia prosta przygotowa\u0144 do przyj\u0119cia Sakramentu Bierzmowania dla m\u0142odzie\u017cy z roku II. Spotkania dla kandydat\u00f3w do bierzmowania w ka\u017cd\u0105 niedziel\u0119 maja po Mszy \u015aw. o godz. 19:00; natomiast dla rodzic\u00f3w kandydat\u00f3w do sakramentu bierzmowania w poniedzia\u0142ek 20 maja o godz. 19:00 w salce m\u0142odzie\u017cowej. Obecno\u015b\u0107 obowi\u0105zkowa.<\/p>\n<p>&nbsp;<\/p>\n<p>11. Przed ko\u015bcio\u0142em mo\u017cna naby\u0107 pras\u0119 katolick\u0105: \u201eGo\u015b\u0107 Niedzielny\u201d w cenie 5 z\u0142.<\/p>\n<p>&nbsp;<\/p>\n<p>12. Pan powo\u0142a\u0142 do wieczno\u015bci: \u015bp. Stefana Stankiewicza lat 69 z ul. Broniewskiego; \u015bp. Mari\u0119 Strechlau lat 81 z ul. K\u0142oczowskiego;&nbsp;\u015bp. Helen\u0119 Skonieczn\u0105 lat 90 z ul. Leszczy\u0144skiego; \u015bp. Ryszarda \u017bubertowskiego lat 58 z ul. Broniewskiego.<\/p>\n<p>&nbsp;<\/p>\n<p>&nbsp;<\/p>\n<p>&nbsp;<\/p>\n","protected":false},"excerpt":{"rendered":"<p>&nbsp; 1. Dzisiaj Niedziel\u0105 Dobrego Pasterza &#8211; rozpoczynamy 56 Tydzie\u0144 Modlitw o Powo\u0142ania. Zapraszamy wszystkich do wsp\u00f3lnej modlitwy w intencji m\u0142odych ludzi, aby dobrze rozeznali swoje powo\u0142anie podczas nabo\u017ce\u0144stw majowych o godz. 17:30. &nbsp; 2. \u201ePola Nadziei 2019\u201d. Akcja ma uwra\u017cliwi\u0107 spo\u0142ecze\u0144stwo, przypominaj\u0105c o chorych i cierpi\u0105cych, a tak\u017ce zach\u0119ci\u0107 do wolontariatu hospicyjnego. Dzisiaj na [&hellip;]<\/p>\n","protected":false},"author":1,"featured_media":2530,"comment_status":"closed","ping_status":"closed","sticky":false,"template":"","format":"standard","meta":{"ngg_post_thumbnail":0,"footnotes":""},"categories":[11,8,3],"tags":[],"class_list":["post-3366","post","type-post","status-publish","format-standard","has-post-thumbnail","hentry","category-aktualnosci","category-blog","category-ogloszenia"],"_links":{"self":[{"href":"https:\/\/rafalk-elblag.pl\/index.php?rest_route=\/wp\/v2\/posts\/3366","targetHints":{"allow":["GET"]}}],"collection":[{"href":"https:\/\/rafalk-elblag.pl\/index.php?rest_route=\/wp\/v2\/posts"}],"about":[{"href":"https:\/\/rafalk-elblag.pl\/index.php?rest_route=\/wp\/v2\/types\/post"}],"author":[{"embeddable":true,"href":"https:\/\/rafalk-elblag.pl\/index.php?rest_route=\/wp\/v2\/users\/1"}],"replies":[{"embeddable":true,"href":"https:\/\/rafalk-elblag.pl\/index.php?rest_route=%2Fwp%2Fv2%2Fcomments&post=3366"}],"version-history":[{"count":1,"href":"https:\/\/rafalk-elblag.pl\/index.php?rest_route=\/wp\/v2\/posts\/3366\/revisions"}],"predecessor-version":[{"id":3367,"href":"https:\/\/rafalk-elblag.pl\/index.php?rest_route=\/wp\/v2\/posts\/3366\/revisions\/3367"}],"wp:featuredmedia":[{"embeddable":true,"href":"https:\/\/rafalk-elblag.pl\/index.php?rest_route=\/wp\/v2\/media\/2530"}],"wp:attachment":[{"href":"https:\/\/rafalk-elblag.pl\/index.php?rest_route=%2Fwp%2Fv2%2Fmedia&parent=3366"}],"wp:term":[{"taxonomy":"category","embeddable":true,"href":"https:\/\/rafalk-elblag.pl\/index.php?rest_route=%2Fwp%2Fv2%2Fcategories&post=3366"},{"taxonomy":"post_tag","embeddable":true,"href":"https:\/\/rafalk-elblag.pl\/index.php?rest_route=%2Fwp%2Fv2%2Ftags&post=3366"}],"curies":[{"name":"wp","href":"https:\/\/api.w.org\/{rel}","templated":true}]}}