{"id":3358,"date":"2019-05-09T06:41:49","date_gmt":"2019-05-09T06:41:49","guid":{"rendered":"http:\/\/rafalk-elblag.pl\/?p=3358"},"modified":"2019-05-09T06:41:49","modified_gmt":"2019-05-09T06:41:49","slug":"intencje-mszalne-tydzien-milosierdzia-29-04-5-05-2019","status":"publish","type":"post","link":"https:\/\/rafalk-elblag.pl\/?p=3358","title":{"rendered":"INTENCJE MSZALNE \u2013 TYDZIE\u0143 MI\u0141OSIERDZIA (29.04. &#8211; 5.05. 2019)"},"content":{"rendered":"<p><a href=\"http:\/\/rafalk-elblag.pl\/wp-content\/uploads\/2016\/12\/shutterstock_49643152-1000.jpg\"><img loading=\"lazy\" decoding=\"async\" class=\"alignnone size-full wp-image-2526\" src=\"http:\/\/rafalk-elblag.pl\/wp-content\/uploads\/2016\/12\/shutterstock_49643152-1000.jpg\" alt=\"\" width=\"1000\" height=\"665\" srcset=\"https:\/\/rafalk-elblag.pl\/wp-content\/uploads\/2016\/12\/shutterstock_49643152-1000.jpg 1000w, https:\/\/rafalk-elblag.pl\/wp-content\/uploads\/2016\/12\/shutterstock_49643152-1000-300x200.jpg 300w, https:\/\/rafalk-elblag.pl\/wp-content\/uploads\/2016\/12\/shutterstock_49643152-1000-768x511.jpg 768w\" sizes=\"auto, (max-width: 1000px) 100vw, 1000px\" \/><\/a><\/p>\n<p>&nbsp;<\/p>\n<p><span style=\"color: #ff0000;\"><strong>29 kwietnia PONIEDZIA\u0141EK<\/strong><\/span><br \/>\nUroczysto\u015b\u0107 \u015bw. Wojciecha, biskupa i m\u0119czennika, G\u0142\u00f3wnego Patrona Polski Mt 11, 25-30<\/p>\n<p>8:00 \u015ap. Adela Demska (30 greg)<\/p>\n<p>18:00 Dzi\u0119kczynna z okazji imienin ks. Proboszcza Wojciecha Zwolickiego, z pro\u015bb\u0105 o Bo\u017ce b\u0142ogos\u0142awie\u0144stwo, dary Ducha \u015bw. i opiek\u0119 Matki Bo\u017cej<\/p>\n<p>18:00 \u015ap. Weronika Czy\u017cyk<br \/>\n<span style=\"color: #ff0000;\"><strong>30 kwietnia WTOREK<\/strong><\/span> J 12, 24-26<\/p>\n<p>8:00 \u015ap. Stanis\u0142aw, Bronis\u0142awa, Maria, Stanis\u0142awa, Edward, Wojciech i zm. z rodziny Wala<\/p>\n<p>18.00 \u015ap. Jan Rudomina (1 rocz. \u015bm) i zmar\u0142ych z rodziny<\/p>\n<p>&nbsp;<\/p>\n<p><span style=\"color: #ff0000;\"><strong>1 maja \u015aRODA<\/strong><\/span><br \/>\nWspomnienie \u015bw. J\u00f3zefa, rzemie\u015blnika J 3, 16-21<\/p>\n<p>8:00 O zdrowie, Bo\u017ce b\u0142ogos\u0142awie\u0144stwo i opiek\u0119 Matki Bo\u017cej na ka\u017cdy dzie\u0144 dla Czes\u0142awa z rodzin\u0105 w dniu jego urodzin i uwolnienie Piotrka z wszelkich chor\u00f3b<\/p>\n<p>17:30 Nabo\u017ce\u0144stwo do Matki Bo\u017cej Nieustaj\u0105cej Pomocy<\/p>\n<p>18:00 \u015ap. Jan Grabowski (25 rocz. \u015bm), Janina i Andrzej Grabowscy i zm. z rodziny W\u00f3jcik\u00f3w<\/p>\n<p>&nbsp;<\/p>\n<p><span style=\"color: #ff0000;\"><strong>2 maja CZWARTEK<\/strong><\/span><br \/>\nWspomnienie \u015bw. Atanazego, biskupa i doktora Ko\u015bcio\u0142a<br \/>\nPierwszy czwartek miesi\u0105ca J 3, 31-36<\/p>\n<p>8:00 \u015ap. Krzysztof Zgliczny\u0144ski (7 miesi\u0119cy po \u015bmierci)<\/p>\n<p>18:00 \u015ap. Boles\u0142awa, Jan, Jerzy Kurzy\u0144scy i zmarli z rodzin z obojga stron<\/p>\n<p>&nbsp;<\/p>\n<p><strong><span style=\"color: #ff0000;\">3 maja PI\u0104TEK<\/span><\/strong><br \/>\nUroczysto\u015b\u0107 Naj\u015bwi\u0119tszej Maryi Panny, Kr\u00f3lowej Polski<br \/>\nPierwszy pi\u0105tek miesi\u0105ca J 19, 25-27<\/p>\n<p>8:00 \u015ap. Genowefa Krakowska (12 rocz. \u015bm), Jan i Halina<\/p>\n<p>11:00 Za Ojczyzn\u0119<\/p>\n<p>18:00 \u015ap. Rodzice: Kazimiera i Antoni Rybiccy, Bogumi\u0142a, Jan, Benedykt i zm. z rodzin: Rybickich, Ku\u0142akowskich i Miko\u0142ajewskich<\/p>\n<p>&nbsp;<\/p>\n<p><span style=\"color: #ff0000;\"><strong>4 maja SOBOTA<\/strong><\/span><\/p>\n<p>Wspomnienie \u015bw. Floriana, m\u0119czennika J 6, 16-21<\/p>\n<p>08:00 \u015ap. Zm. rodzic\u00f3w: Gdaniec i Wo\u0142oszyn<\/p>\n<p>18:00 O Bo\u017ce b\u0142ogos\u0142awie\u0144stwo, \u017cyw\u0105 wiar\u0119, nadziej\u0119 i mi\u0142o\u015b\u0107 dla dzieci, kt\u00f3re przyst\u0105pi\u0105 do I spowiedzi i komuni \u015bw oraz dla m\u0142odzie\u017cy przygotowuj\u0105cej si\u0119 do sakramentu Bierzmowania o dary Ducha \u015bwi\u0119tego &#8211; int. do r\u00f3\u017cy Matki Bo\u017cej Ostrobramskiej<\/p>\n<p>18:00 Dzi\u0119kczynna z okazji urodzin Moniki Go\u0142y\u0144skiej z pro\u015bb\u0105 o Bo\u017ce b\u0142ogos\u0142awie\u0144stwo, potrzebne \u0142aski dla drogiej Jubilatki<\/p>\n<p>&nbsp;<\/p>\n<p><span style=\"color: #ff0000;\"><strong>05 maja NIEDZIELA BIBLIJNA &#8211; TRZECIA WIELKANOCNA<\/strong><\/span> J 21, 1-19<\/p>\n<p>7:00 \u015ap. Zofia Sudo\u0142 (3 rocz. \u015bm), Pawe\u0142 Sudo\u0142<\/p>\n<p>9:00 \u015ap. Kazimierz Furowicz (17 rocz. \u015bm)<\/p>\n<p>9:00 \u015ap. Jadwiga i Kazimierz Byzdra<\/p>\n<p>10:30 Rezerwacja<\/p>\n<p>12:00 Za parafian<\/p>\n<p>15.00 Za Jadwig\u0119, Ew\u0119, Mart\u0119 o potrzebne \u0142aski w pokonywaniu trud\u00f3w \u017cycia<\/p>\n<p>18:00 \u015ap. Henryk Ju\u015bko, Maria i Jan Ju\u015bko, Bronis\u0142awa i Jan Wo\u015b<\/p>\n<p>18.00 Za maturzyst\u00f3w, o potrzebne \u0142aski, opiek\u0119 Matki Bo\u017cej i \u015bwiat\u0142o Ducha \u015bw na czas egzamin\u00f3w<\/p>\n<p>&nbsp;<\/p>\n<p>&nbsp;<\/p>\n","protected":false},"excerpt":{"rendered":"<p>&nbsp; 29 kwietnia PONIEDZIA\u0141EK Uroczysto\u015b\u0107 \u015bw. Wojciecha, biskupa i m\u0119czennika, G\u0142\u00f3wnego Patrona Polski Mt 11, 25-30 8:00 \u015ap. Adela Demska (30 greg) 18:00 Dzi\u0119kczynna z okazji imienin ks. Proboszcza Wojciecha Zwolickiego, z pro\u015bb\u0105 o Bo\u017ce b\u0142ogos\u0142awie\u0144stwo, dary Ducha \u015bw. i opiek\u0119 Matki Bo\u017cej 18:00 \u015ap. Weronika Czy\u017cyk 30 kwietnia WTOREK J 12, 24-26 8:00 \u015ap. [&hellip;]<\/p>\n","protected":false},"author":1,"featured_media":2526,"comment_status":"closed","ping_status":"closed","sticky":false,"template":"","format":"standard","meta":{"ngg_post_thumbnail":0,"footnotes":""},"categories":[11,8,4],"tags":[],"class_list":["post-3358","post","type-post","status-publish","format-standard","has-post-thumbnail","hentry","category-aktualnosci","category-blog","category-intencje"],"_links":{"self":[{"href":"https:\/\/rafalk-elblag.pl\/index.php?rest_route=\/wp\/v2\/posts\/3358","targetHints":{"allow":["GET"]}}],"collection":[{"href":"https:\/\/rafalk-elblag.pl\/index.php?rest_route=\/wp\/v2\/posts"}],"about":[{"href":"https:\/\/rafalk-elblag.pl\/index.php?rest_route=\/wp\/v2\/types\/post"}],"author":[{"embeddable":true,"href":"https:\/\/rafalk-elblag.pl\/index.php?rest_route=\/wp\/v2\/users\/1"}],"replies":[{"embeddable":true,"href":"https:\/\/rafalk-elblag.pl\/index.php?rest_route=%2Fwp%2Fv2%2Fcomments&post=3358"}],"version-history":[{"count":1,"href":"https:\/\/rafalk-elblag.pl\/index.php?rest_route=\/wp\/v2\/posts\/3358\/revisions"}],"predecessor-version":[{"id":3359,"href":"https:\/\/rafalk-elblag.pl\/index.php?rest_route=\/wp\/v2\/posts\/3358\/revisions\/3359"}],"wp:featuredmedia":[{"embeddable":true,"href":"https:\/\/rafalk-elblag.pl\/index.php?rest_route=\/wp\/v2\/media\/2526"}],"wp:attachment":[{"href":"https:\/\/rafalk-elblag.pl\/index.php?rest_route=%2Fwp%2Fv2%2Fmedia&parent=3358"}],"wp:term":[{"taxonomy":"category","embeddable":true,"href":"https:\/\/rafalk-elblag.pl\/index.php?rest_route=%2Fwp%2Fv2%2Fcategories&post=3358"},{"taxonomy":"post_tag","embeddable":true,"href":"https:\/\/rafalk-elblag.pl\/index.php?rest_route=%2Fwp%2Fv2%2Ftags&post=3358"}],"curies":[{"name":"wp","href":"https:\/\/api.w.org\/{rel}","templated":true}]}}