{"id":3354,"date":"2019-05-09T06:32:27","date_gmt":"2019-05-09T06:32:27","guid":{"rendered":"http:\/\/rafalk-elblag.pl\/?p=3354"},"modified":"2019-05-09T06:32:27","modified_gmt":"2019-05-09T06:32:27","slug":"intencje-mszalne-oktawa-wielkanocna-22-28-04-2019","status":"publish","type":"post","link":"https:\/\/rafalk-elblag.pl\/?p=3354","title":{"rendered":"INTENCJE MSZALNE \u2013 OKTAWA WIELKANOCNA (22-28. 04. 2019)"},"content":{"rendered":"<p><a href=\"http:\/\/rafalk-elblag.pl\/wp-content\/uploads\/2016\/12\/shutterstock_49643152-1000.jpg\"><img loading=\"lazy\" decoding=\"async\" class=\"alignnone size-full wp-image-2526\" src=\"http:\/\/rafalk-elblag.pl\/wp-content\/uploads\/2016\/12\/shutterstock_49643152-1000.jpg\" alt=\"\" width=\"1000\" height=\"665\" srcset=\"https:\/\/rafalk-elblag.pl\/wp-content\/uploads\/2016\/12\/shutterstock_49643152-1000.jpg 1000w, https:\/\/rafalk-elblag.pl\/wp-content\/uploads\/2016\/12\/shutterstock_49643152-1000-300x200.jpg 300w, https:\/\/rafalk-elblag.pl\/wp-content\/uploads\/2016\/12\/shutterstock_49643152-1000-768x511.jpg 768w\" sizes=\"auto, (max-width: 1000px) 100vw, 1000px\" \/><\/a><\/p>\n<p>&nbsp;<\/p>\n<p><span style=\"color: #ff6600;\"><strong>22 kwietnia PONIEDZIA\u0141EK WIELKANOCNY<\/strong><\/span> Mt 28, 8-15<br \/>\n7:00 \u015ap. Adela Demska (23 greg)<br \/>\n09:00 Dzi\u0119kczynna w 12 rocz. chrztu Wiktorii i za Jakuba, z pro\u015bb\u0105 o Bo\u017ce b\u0142ogos\u0142awie\u0144stwo, opiek\u0119 Matki Bo\u017cej oraz za ich rodzic\u00f3w: Ew\u0119 i Arkadiusza<\/p>\n<p>09:00 Dzi\u0119kczynna z okazji 30 rocznicy \u015blubu Beaty i Wies\u0142awa Stefanowicz, z pro\u015bb\u0105 o Bo\u017ce b\u0142ogos\u0142awie\u0144stwo, wszelkie \u0142aski dla Jubilat\u00f3w, oraz o Bo\u017ce b\u0142ogos\u0142awie\u0144stwo dla Wiktorii<\/p>\n<p>10:30 Dzi\u0119kczynna z okazji 60 urodzin Janiny Binkowskiej z pro\u015bb\u0105 o Bo\u017ce b\u0142ogos\u0142awie\u0144stwo, zdrowie i opiek\u0119 Matki Bo\u017cej<\/p>\n<p>12:00 Dzi\u0119kczynna w dniu 18 urodzin \u0141ukasza Jurgielewicza z pro\u015bb\u0105 o Bo\u017ce b\u0142ogos\u0142awie\u0144stwo. dary Ducha \u015bw w doros\u0142ym \u017cyciu<\/p>\n<p>18:00 O Bo\u017ce b\u0142ogos\u0142awie\u0144stwo, dary Ducha \u015bw i opiek\u0119 Matki Bo\u017cej dla Sylwii i Liliany<\/p>\n<p>&nbsp;<br \/>\n<strong><span style=\"color: #ff6600;\">23 kwietnia WTOREK<\/span><\/strong> J 20, 11-18<br \/>\n8:00 O zdrowie, Bo\u017ce b\u0142ogos\u0142awie\u0144stwo dla Ks. Wojciecha &#8211; proboszcza z okazji imienin, int. od wsp\u00f3lnoty Krwi Chrystusa<\/p>\n<p>8.00 \u015ap. Adela Demska (24 greg)<br \/>\n18.00 Dzi\u0119kczynna w intencji ksi\u0119dza Proboszcza w dniu imienin<br \/>\n18.00 \u015ap. Irena W\u00f3jcik (30 dz.p.p.)<br \/>\n<strong><span style=\"color: #ff6600;\">24 kwietnia \u015aRODA<\/span><\/strong> \u0141k 24, 13-35<br \/>\n8:00 \u015ap. Jadwiga i Stanis\u0142aw Podbielscy, Barbara i Witold Wasiukiewicz, Gra\u017cyna<br \/>\n17:30 Nabo\u017ce\u0144stwo do Matki Bo\u017cej Nieustaj\u0105cej Pomocy<br \/>\n18:00 \u015ap. Janina i Boles\u0142aw Walko<br \/>\n18:00 \u015ap. Adela Demska (25 greg)<br \/>\n<span style=\"color: #ff6600;\"><strong>25 kwietnia CZWARTEK<\/strong><\/span> \u0141k 24, 35-48<br \/>\n8:00 \u015ap. Stanis\u0142aw, Ludwika, J\u00f3zef Fabisiak, W\u0142adys\u0142aw i Michalina Winniccy<br \/>\n18:00 \u015ap. Adela Demska (26 greg)<br \/>\n18:00 \u015ap. Lidia i Pawe\u0142 Czajor, Danuta i Zygmunt Kami\u0144scy<br \/>\n<strong><span style=\"color: #ff6600;\">26 kwietnia PI\u0104TEK<\/span><\/strong> J 21, 1-14<br \/>\n8:00 \u015ap. Piotr Le\u015bko, Maria, Wincenty, Jan Tarasewicz<br \/>\n18:00 \u015ap. Adela Demska (27 greg)<br \/>\n18:00 \u015ap. Zofia \u0141azarska (11 rocz. \u015bm)<br \/>\n<span style=\"color: #ff6600;\"><strong>27 marca SOBOTA<\/strong><\/span> Mk 16, 9-15<br \/>\n08:00 \u015ap. Adela Demska (28 greg)<br \/>\n18:00 \u015ap. Aneta, Julianna, Jan Bartkowscy, Aniela i Jan Ciesielscy, Wac\u0142awa, Stanis\u0142aw, S\u0142awomir Pa\u0142ka oraz za zmar\u0142ych z tych rodzin<\/p>\n<p>&nbsp;<\/p>\n<p><span style=\"color: #ff0000;\"><strong>28 kwietnia NIEDZIELA MI\u0141OSIERDZIA BO\u017bEGO<\/strong><\/span> J 20, 19-31<br \/>\n7:00 \u015ap. Adela Demska (29 greg)<br \/>\n9:00 O Bo\u017ce b\u0142ogos\u0142awi\u0144stwo, otwarto\u015b\u0107 i si\u0142\u0119 we wprowadzeniu w \u017cycie wszelkich \u0142ask dla Nikodema i jego rodziny, Agnieszki i ca\u0142ej rodziny zakonnej oraz Magdaleny i Macieja<\/p>\n<p>9:00 Dzi\u0119kczynna w 1 rocz. \u015blubu Aleksandry i Dawida z pro\u015bb\u0105 o Bo\u017ce b\u0142ogos\u0142awie\u0144stwo, wszelkie \u0142aski i opiek\u0119 Matki Bo\u017cej na ka\u017cdy dzie\u0144<\/p>\n<p>10:30 \u015ap. Jan i Bogumi\u0142a, Stanis\u0142aw i Danuta<br \/>\n12:00 Dzi\u0119kczynna w 50 rocz. \u015blubu Marii i Jaros\u0142awa Mu\u017cy\u0142o z pro\u015bb\u0105 o Bo\u017ce b\u0142ogos\u0142awie\u0144stwo, potrzebne \u0142aski dla Z\u0142otych Jubilat\u00f3w<\/p>\n<p>15:00 Za parafian<br \/>\n18:00 \u015ap. Wienczys\u0142aw Cerkownik (1 rocz. \u015bm)<\/p>\n<p>&nbsp;<\/p>\n","protected":false},"excerpt":{"rendered":"<p>&nbsp; 22 kwietnia PONIEDZIA\u0141EK WIELKANOCNY Mt 28, 8-15 7:00 \u015ap. Adela Demska (23 greg) 09:00 Dzi\u0119kczynna w 12 rocz. chrztu Wiktorii i za Jakuba, z pro\u015bb\u0105 o Bo\u017ce b\u0142ogos\u0142awie\u0144stwo, opiek\u0119 Matki Bo\u017cej oraz za ich rodzic\u00f3w: Ew\u0119 i Arkadiusza 09:00 Dzi\u0119kczynna z okazji 30 rocznicy \u015blubu Beaty i Wies\u0142awa Stefanowicz, z pro\u015bb\u0105 o Bo\u017ce b\u0142ogos\u0142awie\u0144stwo, [&hellip;]<\/p>\n","protected":false},"author":1,"featured_media":2526,"comment_status":"closed","ping_status":"closed","sticky":false,"template":"","format":"standard","meta":{"ngg_post_thumbnail":0,"footnotes":""},"categories":[11,8,4],"tags":[],"class_list":["post-3354","post","type-post","status-publish","format-standard","has-post-thumbnail","hentry","category-aktualnosci","category-blog","category-intencje"],"_links":{"self":[{"href":"https:\/\/rafalk-elblag.pl\/index.php?rest_route=\/wp\/v2\/posts\/3354","targetHints":{"allow":["GET"]}}],"collection":[{"href":"https:\/\/rafalk-elblag.pl\/index.php?rest_route=\/wp\/v2\/posts"}],"about":[{"href":"https:\/\/rafalk-elblag.pl\/index.php?rest_route=\/wp\/v2\/types\/post"}],"author":[{"embeddable":true,"href":"https:\/\/rafalk-elblag.pl\/index.php?rest_route=\/wp\/v2\/users\/1"}],"replies":[{"embeddable":true,"href":"https:\/\/rafalk-elblag.pl\/index.php?rest_route=%2Fwp%2Fv2%2Fcomments&post=3354"}],"version-history":[{"count":1,"href":"https:\/\/rafalk-elblag.pl\/index.php?rest_route=\/wp\/v2\/posts\/3354\/revisions"}],"predecessor-version":[{"id":3355,"href":"https:\/\/rafalk-elblag.pl\/index.php?rest_route=\/wp\/v2\/posts\/3354\/revisions\/3355"}],"wp:featuredmedia":[{"embeddable":true,"href":"https:\/\/rafalk-elblag.pl\/index.php?rest_route=\/wp\/v2\/media\/2526"}],"wp:attachment":[{"href":"https:\/\/rafalk-elblag.pl\/index.php?rest_route=%2Fwp%2Fv2%2Fmedia&parent=3354"}],"wp:term":[{"taxonomy":"category","embeddable":true,"href":"https:\/\/rafalk-elblag.pl\/index.php?rest_route=%2Fwp%2Fv2%2Fcategories&post=3354"},{"taxonomy":"post_tag","embeddable":true,"href":"https:\/\/rafalk-elblag.pl\/index.php?rest_route=%2Fwp%2Fv2%2Ftags&post=3354"}],"curies":[{"name":"wp","href":"https:\/\/api.w.org\/{rel}","templated":true}]}}