{"id":3352,"date":"2019-05-09T06:27:11","date_gmt":"2019-05-09T06:27:11","guid":{"rendered":"http:\/\/rafalk-elblag.pl\/?p=3352"},"modified":"2019-05-09T06:27:11","modified_gmt":"2019-05-09T06:27:11","slug":"ogloszenia-parafialne-niedziela-wielkanocna-21-04-2019","status":"publish","type":"post","link":"https:\/\/rafalk-elblag.pl\/?p=3352","title":{"rendered":"OG\u0141OSZENIA PARAFIALNE \u2013 NIEDZIELA WIELKANOCNA 21.04.2019"},"content":{"rendered":"<p><a href=\"http:\/\/rafalk-elblag.pl\/wp-content\/uploads\/2016\/12\/pulpit.jpg\"><img loading=\"lazy\" decoding=\"async\" class=\"alignnone size-large wp-image-2530\" src=\"http:\/\/rafalk-elblag.pl\/wp-content\/uploads\/2016\/12\/pulpit-1024x682.jpg\" alt=\"\" width=\"900\" height=\"599\" srcset=\"https:\/\/rafalk-elblag.pl\/wp-content\/uploads\/2016\/12\/pulpit-1024x682.jpg 1024w, https:\/\/rafalk-elblag.pl\/wp-content\/uploads\/2016\/12\/pulpit-300x200.jpg 300w, https:\/\/rafalk-elblag.pl\/wp-content\/uploads\/2016\/12\/pulpit-768x512.jpg 768w, https:\/\/rafalk-elblag.pl\/wp-content\/uploads\/2016\/12\/pulpit.jpg 1698w\" sizes=\"auto, (max-width: 900px) 100vw, 900px\" \/><\/a><\/p>\n<p>&nbsp;<\/p>\n<p>1. Jutro Poniedzia\u0142ek Wielkanocny, II dzie\u0144 \u015awi\u0105t. Porz\u0105dek Mszy \u015bw. jak w niedziel\u0119. UWAGA! NIE MA MSZY O GODZ. 15:00. Taca przeznaczona na Katolicki Uniwersytet Lubelski im. \u015bw. Jana Paw\u0142a II. B\u00f3g zap\u0142a\u0107 za z\u0142o\u017cone ofiary.<\/p>\n<p>&nbsp;<\/p>\n<p>2. W Oktawie Wielkanocnej zapraszamy do udzia\u0142u w Nowennie do Mi\u0142osierdzia Bo\u017cego po Mszy \u015bwi\u0119tej wieczorowej.<br \/>\n3. Dzisiaj po ka\u017cdej Mszy \u015awi\u0119tej kleryk Micha\u0142 b\u0119dzie, za dobrowoln\u0105 ofiar\u0119, rozprowadza\u0142 czasopismo alumn\u00f3w Wy\u017cszego Seminarium Duchownego \u201eMy\u015blnik klerycki\u201d. Zach\u0119camy do nabywania.<br \/>\n4. Dzi\u0119kuj\u0119: ks. Marcinowi i wszystkim osobom, kt\u00f3re zaanga\u017cowa\u0142y si\u0119 w przygotowanie Ciemnicy i Grobu Pa\u0144skiego, ks. \u0141ukaszowi i S\u0142u\u017cbie Liturgicznej, panu Piotrowi \u2013 Organi\u015bcie i Ch\u00f3rowi za przygotowanie oprawy muzycznej podczas Triduum Paschalnego, panu Zbyszkowi \u2013 Ko\u015bcielnemu za dekoracj\u0119 naszej \u015bwi\u0105tyni.<br \/>\n5. IDZIEMY DO KINA na film: \u201eMI\u0141O\u015a\u0106 I MI\u0141OSIERDZIE\u201d Spokojne i przepe\u0142nione wiar\u0105 \u017cycie siostry Faustyny Kowalskiej zmienia si\u0119 pewnego dnia nieodwracalnie. Oczom zakonnicy ukazuje si\u0119 Jezus Chrystus, kt\u00f3ry zleca jej misje g\u0142oszenia prawdy o Jego Mi\u0142osierdziu i przygotowania \u015bwiata na jego ostateczne przyj\u015bcie. Dzia\u0142alno\u015b\u0107 siostry Faustyny daje pocz\u0105tek kultowi Bo\u017cego Mi\u0142osierdzia, kt\u00f3ry czczony jest przez setki milion\u00f3w os\u00f3b na wszystkich kontynentach \u015bwiata. Gor\u0105co zach\u0119cam do wsp\u00f3lnego wyj\u015bcia jako parafia do Multikina 25 kwietnia br. (czwartek) na godz. 19:30. Cena biletu 12 z\u0142. Tradycyjnie p\u0142acimy przy wej\u015bciu do kina.<br \/>\n6. W sobot\u0119 27 kwietnia br. z naszej parafii wyrusza pielgrzymka piesza do \u015awi\u0119tego Gaju, miejsca m\u0119cze\u0144stwa \u015bw. Wojciecha, g\u0142\u00f3wnego patrona naszej diecezji. Zapraszamy do pielgrzymowania ca\u0142e rodziny. Zapisy u ks. Marcina. Koszt 20 z\u0142. Wyj\u015bcie z Katedry o godz. 5:30. Uroczysta Msza \u015bw. w \u015awi\u0119tym Gaju o godz. 14:00.<br \/>\n7. Za tydzie\u0144 w ca\u0142ym Ko\u015bciele obchodzi\u0107 b\u0119dziemy Niedziel\u0119 Bo\u017cego Mi\u0142osierdzia. Uroczysta Msza \u015bw. z odnowieniem Aktu Zawierzenia Parafii Mi\u0142osierdziu Bo\u017cemu odb\u0119dzie si\u0119 o godz. 15:00. UWAGA: Jest mo\u017cliwo\u015b\u0107 nabycia obrazu Jezusa Mi\u0142osiernego w cenie 45 z\u0142., kt\u00f3re zostan\u0105 one po\u015bwi\u0119cone tego dnia o godz. 15:00. Zapisy w zakrystii.<br \/>\n8. W Niedziel\u0119 Mi\u0142osierdzia Bo\u017cego (28 kwietnia br.) przynosimy do ko\u015bcio\u0142a Skarbonki z Ja\u0142mu\u017cn\u0105 2019 w ramach og\u00f3lnopolskiej akcji \u201eDAR JUNIORA DLA SENIORA\u201d. Skarbonki zostawiamy pod o\u0142tarzem. B\u00f3g zap\u0142a\u0107 za podj\u0119ty trud i z\u0142o\u017con\u0105 ofiar\u0119.<br \/>\n9. Przed ko\u015bcio\u0142em mo\u017cna naby\u0107 pras\u0119 katolick\u0105: \u201eGo\u015b\u0107 Niedzielny\u201d w cenie 5 z\u0142.<br \/>\n10. \u017byczymy wszystkim parafianom i go\u015bciom przyby\u0142ym do naszej Wsp\u00f3lnoty radosnego Alleluja! Niech Zmartwychwsta\u0142y Chrystus nape\u0142nia Wasze serca rado\u015bci\u0105 i pokojem. Szcz\u0119\u015b\u0107 Bo\u017ce.<br \/>\n11. Pan powo\u0142a\u0142 do wieczno\u015bci: \u015bp. Regin\u0119 Urba\u0144sk\u0105 lat 67 z ul. Broniewskiego i \u015bp. Ryszarda Myszk lat 84 z ul. Porazi\u0144skiej<\/p>\n<p>&nbsp;<\/p>\n<p>&nbsp;<\/p>\n<p>&nbsp;<\/p>\n","protected":false},"excerpt":{"rendered":"<p>&nbsp; 1. Jutro Poniedzia\u0142ek Wielkanocny, II dzie\u0144 \u015awi\u0105t. Porz\u0105dek Mszy \u015bw. jak w niedziel\u0119. UWAGA! NIE MA MSZY O GODZ. 15:00. Taca przeznaczona na Katolicki Uniwersytet Lubelski im. \u015bw. Jana Paw\u0142a II. B\u00f3g zap\u0142a\u0107 za z\u0142o\u017cone ofiary. &nbsp; 2. W Oktawie Wielkanocnej zapraszamy do udzia\u0142u w Nowennie do Mi\u0142osierdzia Bo\u017cego po Mszy \u015bwi\u0119tej wieczorowej. 3. [&hellip;]<\/p>\n","protected":false},"author":1,"featured_media":2530,"comment_status":"closed","ping_status":"closed","sticky":false,"template":"","format":"standard","meta":{"ngg_post_thumbnail":0,"footnotes":""},"categories":[11,8,3],"tags":[],"class_list":["post-3352","post","type-post","status-publish","format-standard","has-post-thumbnail","hentry","category-aktualnosci","category-blog","category-ogloszenia"],"_links":{"self":[{"href":"https:\/\/rafalk-elblag.pl\/index.php?rest_route=\/wp\/v2\/posts\/3352","targetHints":{"allow":["GET"]}}],"collection":[{"href":"https:\/\/rafalk-elblag.pl\/index.php?rest_route=\/wp\/v2\/posts"}],"about":[{"href":"https:\/\/rafalk-elblag.pl\/index.php?rest_route=\/wp\/v2\/types\/post"}],"author":[{"embeddable":true,"href":"https:\/\/rafalk-elblag.pl\/index.php?rest_route=\/wp\/v2\/users\/1"}],"replies":[{"embeddable":true,"href":"https:\/\/rafalk-elblag.pl\/index.php?rest_route=%2Fwp%2Fv2%2Fcomments&post=3352"}],"version-history":[{"count":1,"href":"https:\/\/rafalk-elblag.pl\/index.php?rest_route=\/wp\/v2\/posts\/3352\/revisions"}],"predecessor-version":[{"id":3353,"href":"https:\/\/rafalk-elblag.pl\/index.php?rest_route=\/wp\/v2\/posts\/3352\/revisions\/3353"}],"wp:featuredmedia":[{"embeddable":true,"href":"https:\/\/rafalk-elblag.pl\/index.php?rest_route=\/wp\/v2\/media\/2530"}],"wp:attachment":[{"href":"https:\/\/rafalk-elblag.pl\/index.php?rest_route=%2Fwp%2Fv2%2Fmedia&parent=3352"}],"wp:term":[{"taxonomy":"category","embeddable":true,"href":"https:\/\/rafalk-elblag.pl\/index.php?rest_route=%2Fwp%2Fv2%2Fcategories&post=3352"},{"taxonomy":"post_tag","embeddable":true,"href":"https:\/\/rafalk-elblag.pl\/index.php?rest_route=%2Fwp%2Fv2%2Ftags&post=3352"}],"curies":[{"name":"wp","href":"https:\/\/api.w.org\/{rel}","templated":true}]}}