{"id":3349,"date":"2019-04-15T13:24:30","date_gmt":"2019-04-15T13:24:30","guid":{"rendered":"http:\/\/rafalk-elblag.pl\/?p=3349"},"modified":"2019-05-21T09:10:47","modified_gmt":"2019-05-21T09:10:47","slug":"triduum-paschalne-w-naszej-parafii","status":"publish","type":"post","link":"https:\/\/rafalk-elblag.pl\/?p=3349","title":{"rendered":"TRIDUUM PASCHALNE W NASZEJ PARAFII"},"content":{"rendered":"<p><a href=\"http:\/\/rafalk-elblag.pl\/wp-content\/uploads\/2017\/04\/triduum.jpg\"><img loading=\"lazy\" decoding=\"async\" width=\"755\" height=\"297\" class=\"size-full wp-image-2798 aligncenter\" alt=\"\" src=\"http:\/\/rafalk-elblag.pl\/wp-content\/uploads\/2017\/04\/triduum.jpg\" srcset=\"https:\/\/rafalk-elblag.pl\/wp-content\/uploads\/2017\/04\/triduum.jpg 755w, https:\/\/rafalk-elblag.pl\/wp-content\/uploads\/2017\/04\/triduum-300x118.jpg 300w\" sizes=\"auto, (max-width: 755px) 100vw, 755px\" \/><\/a><\/p>\n<p>&nbsp;<\/p>\n<h4 style=\"text-align: center;\"><span style=\"color: #ff0000;\"><strong>TRIDUUM PASCHALNE<\/strong><\/span><br \/>\n<span style=\"color: #ff0000;\"><strong>trzy dni, kt\u00f3re streszczaj\u0105 to, co najwa\u017cniejsze<\/strong><\/span><\/h4>\n<p>&nbsp;<\/p>\n<p>&nbsp;<\/p>\n<p style=\"text-align: center;\"><span style=\"color: #993300;\"><strong>WIELKI CZWARTEK<\/strong><\/span><\/p>\n<p>Ko\u015bci\u00f3\u0142 staje si\u0119 w tym dniu, w czasie liturgii Wieczernikiem, w kt\u00f3rym Jezus spotyka si\u0119 przed M\u0119k\u0105 ze swoimi<br \/>\nuczniami, umywa im nogi i nazywa przyjaci\u00f3\u0142mi.<\/p>\n<p>17:40 Obrz\u0119d ustanowienia nowych ministrant\u00f3w i lektor\u00f3w<\/p>\n<p>18:00 Msza Wieczerzy Pa\u0144skiej \u2013 pami\u0105tka ustanowienia Eucharystii i Kap\u0142a\u0144stwa. Tego dnia liturgia ko\u0144czy si\u0119 przeniesieniem Naj\u015bwi\u0119tszego Sakramentu do Ciemnicy.<\/p>\n<p>Od godz. 21:00 \u2013 adoracja prowadzona przez Odnow\u0119 w Duchu \u015awi\u0119tym. Adoracja trwa do godziny 22:00.<\/p>\n<p>&nbsp;<\/p>\n<p>&nbsp;<\/p>\n<p style=\"text-align: center;\"><span style=\"color: #993300;\"><strong>WIELKI PI\u0104TEK<\/strong><\/span><\/p>\n<p>Dzie\u0144 M\u0119ki i \u015bmierci naszego Pana Jezusa Chrystusa. W tym dniu Ko\u015bci\u00f3\u0142 nie sprawuje Mszy \u015bw. Gromadzimy si\u0119<br \/>\nna wieczornej liturgii ku czci M\u0119ki Pa\u0144skiej.<\/p>\n<p>9:00 &#8211; CIEMNA JUTRZNIA \u2013 modlitwa brewiarzowa<\/p>\n<p>15:00 \u2013 GODZINA MI\u0141OSIERDZIA &#8211; Droga Krzy\u017cowa oraz I Dzie\u0144 Nowenny do Mi\u0142osierdzia Bo\u017cego<\/p>\n<p>18:00 LITURGIA M\u0118KI PA\u0143SKIEJ I ADORACJA KRZY\u017bA \u2013 Sk\u0142ada si\u0119 z czterech cz\u0119\u015bci: pierwsza to s\u0142uchanie S\u0142owa Bo\u017cego, druga to ods\u0142oni\u0119cie i adoracja Krzy\u017ca, po niej obrz\u0119dy Komunii \u015bw. konsekrowanej uprzednio. Liturgia ko\u0144czy si\u0119 przeniesieniem Naj\u015bwi\u0119tszego Sakramentu do symbolicznego Grobu Pa\u0144skiego.<\/p>\n<p>\u015apiewana Drog\u0119 Krzy\u017cow\u0105 \u201e\u015alad losu\u201d o godz. 21:00. Prze\u017cyj wraz<br \/>\nz nami ostatnie chwile \u017cycia Pana Jezusa.<\/p>\n<p><em>UWAGA!!! W tym dniu obowi\u0105zuje nas POST \u015aCIS\u0141Y tzn. wstrzemi\u0119\u017aliwo\u015b\u0107 od pokarm\u00f3w mi\u0119snych i ograniczenie ilo\u015bci<\/em><br \/>\n<em>spo\u017cywanego pokarmu (trzy posi\u0142ki \u2013 jeden do syta i dwa lekkie).<\/em><\/p>\n<p>&nbsp;<\/p>\n<p>&nbsp;<\/p>\n<p style=\"text-align: center;\"><strong><span style=\"color: #993300;\">WIELKA SOBOTA<\/span><\/strong><\/p>\n<p>9:00 CIEMNA JUTRZNIA \u2013 modlitwa brewiarzowa<\/p>\n<p>Dzie\u0144 Adoracji przy Grobie Pa\u0144skim i po\u015bwi\u0119cenie pokarm\u00f3w na st\u00f3\u0142 Wielkanocny: 10:00, 10:30, 11:00, 11:30, 12:00, 12:30, 13:00, 13:30, 14:00, 14:30. Podczas po\u015bwi\u0119cenia koszyk trzymamy przed sob\u0105, aby zachowa\u0107 wi\u0119kszy porz\u0105dek i cisz\u0119<br \/>\nmodlitewn\u0105 w ko\u015bciele. Ofiary zbierane w tym dniu przeznaczone b\u0119d\u0105 dla os\u00f3b korzystaj\u0105cych z pomocy Caritas w naszej parafii.<\/p>\n<p>15:00 II DZIE\u0143 NOWENNY DO MI\u0141OSIERDZIA BO\u017bEGO<\/p>\n<p>20:00 WIGILIA PASCHALNA \u2013 przynale\u017cy ju\u017c w\u0142a\u015bciwie do Niedzieli Zmartwychwstania. To najpi\u0119kniejsza i najbardziej rozbudowana liturgia w ca\u0142ym roku. W jej trakcie proklamowane jest uroczy\u015bcie zwyci\u0119stwo Jezusa nad grzechem i \u015bmierci\u0105 oraz og\u0142oszenie Jego zmartwychwstania. Na liturgi\u0119 zabieramy ze sob\u0105 naczynko na wod\u0119 \u015bwi\u0119con\u0105 oraz \u015bwiece.<\/p>\n<p>&nbsp;<\/p>\n<p>&nbsp;<\/p>\n<p>&nbsp;<\/p>\n","protected":false},"excerpt":{"rendered":"<p>&nbsp; TRIDUUM PASCHALNE trzy dni, kt\u00f3re streszczaj\u0105 to, co najwa\u017cniejsze &nbsp; &nbsp; WIELKI CZWARTEK Ko\u015bci\u00f3\u0142 staje si\u0119 w tym dniu, w czasie liturgii Wieczernikiem, w kt\u00f3rym Jezus spotyka si\u0119 przed M\u0119k\u0105 ze swoimi uczniami, umywa im nogi i nazywa przyjaci\u00f3\u0142mi. 17:40 Obrz\u0119d ustanowienia nowych ministrant\u00f3w i lektor\u00f3w 18:00 Msza Wieczerzy Pa\u0144skiej \u2013 pami\u0105tka ustanowienia Eucharystii [&hellip;]<\/p>\n","protected":false},"author":1,"featured_media":2799,"comment_status":"closed","ping_status":"closed","sticky":false,"template":"","format":"standard","meta":{"ngg_post_thumbnail":0,"footnotes":""},"categories":[11,8],"tags":[],"class_list":["post-3349","post","type-post","status-publish","format-standard","has-post-thumbnail","hentry","category-aktualnosci","category-blog"],"_links":{"self":[{"href":"https:\/\/rafalk-elblag.pl\/index.php?rest_route=\/wp\/v2\/posts\/3349","targetHints":{"allow":["GET"]}}],"collection":[{"href":"https:\/\/rafalk-elblag.pl\/index.php?rest_route=\/wp\/v2\/posts"}],"about":[{"href":"https:\/\/rafalk-elblag.pl\/index.php?rest_route=\/wp\/v2\/types\/post"}],"author":[{"embeddable":true,"href":"https:\/\/rafalk-elblag.pl\/index.php?rest_route=\/wp\/v2\/users\/1"}],"replies":[{"embeddable":true,"href":"https:\/\/rafalk-elblag.pl\/index.php?rest_route=%2Fwp%2Fv2%2Fcomments&post=3349"}],"version-history":[{"count":2,"href":"https:\/\/rafalk-elblag.pl\/index.php?rest_route=\/wp\/v2\/posts\/3349\/revisions"}],"predecessor-version":[{"id":3378,"href":"https:\/\/rafalk-elblag.pl\/index.php?rest_route=\/wp\/v2\/posts\/3349\/revisions\/3378"}],"wp:featuredmedia":[{"embeddable":true,"href":"https:\/\/rafalk-elblag.pl\/index.php?rest_route=\/wp\/v2\/media\/2799"}],"wp:attachment":[{"href":"https:\/\/rafalk-elblag.pl\/index.php?rest_route=%2Fwp%2Fv2%2Fmedia&parent=3349"}],"wp:term":[{"taxonomy":"category","embeddable":true,"href":"https:\/\/rafalk-elblag.pl\/index.php?rest_route=%2Fwp%2Fv2%2Fcategories&post=3349"},{"taxonomy":"post_tag","embeddable":true,"href":"https:\/\/rafalk-elblag.pl\/index.php?rest_route=%2Fwp%2Fv2%2Ftags&post=3349"}],"curies":[{"name":"wp","href":"https:\/\/api.w.org\/{rel}","templated":true}]}}