{"id":3347,"date":"2019-04-15T12:16:54","date_gmt":"2019-04-15T12:16:54","guid":{"rendered":"http:\/\/rafalk-elblag.pl\/?p=3347"},"modified":"2019-04-15T12:16:54","modified_gmt":"2019-04-15T12:16:54","slug":"intencje-mszalne-wielki-tydzien-15-21-04-2019","status":"publish","type":"post","link":"https:\/\/rafalk-elblag.pl\/?p=3347","title":{"rendered":"INTENCJE MSZALNE \u2013 WIELKI TYDZIE\u0143 (15-21. 04. 2019)"},"content":{"rendered":"<p><a href=\"http:\/\/rafalk-elblag.pl\/wp-content\/uploads\/2016\/12\/shutterstock_49643152-1000.jpg\"><img loading=\"lazy\" decoding=\"async\" class=\"alignnone size-full wp-image-2526\" src=\"http:\/\/rafalk-elblag.pl\/wp-content\/uploads\/2016\/12\/shutterstock_49643152-1000.jpg\" alt=\"\" width=\"1000\" height=\"665\" srcset=\"https:\/\/rafalk-elblag.pl\/wp-content\/uploads\/2016\/12\/shutterstock_49643152-1000.jpg 1000w, https:\/\/rafalk-elblag.pl\/wp-content\/uploads\/2016\/12\/shutterstock_49643152-1000-300x200.jpg 300w, https:\/\/rafalk-elblag.pl\/wp-content\/uploads\/2016\/12\/shutterstock_49643152-1000-768x511.jpg 768w\" sizes=\"auto, (max-width: 1000px) 100vw, 1000px\" \/><\/a><\/p>\n<p>&nbsp;<\/p>\n<p><strong><span style=\"color: #800080;\">15 kwietnia WIELKI PONIEDZIA\u0141EK<\/span><\/strong> J 12, 1-11<\/p>\n<p>8:00 \u015ap. Adela Demska (18 greg)<\/p>\n<p>18:00 Dzi\u0119kczynna z okazji 40 rocznicy \u015blubu Krystyny i Andrzeja Bieli\u0144skich, z pro\u015bb\u0105 o Bo\u017ce b\u0142ogos\u0142awie\u0144stwo, opiek\u0119 Matki Bo\u017cej i dary Ducha \u015bw. dla Rubinowych Jubilat\u00f3w<\/p>\n<p>18:00 Dzi\u0119kczynna z okazji 41 rocznicy \u015blubu Ireny i J\u00f3zefa Brz\u00f3ska z pro\u015bb\u0105 o Bo\u017ce b\u0142ogos\u0142awie\u0144stwo, wszelkie \u0142aski, opiek\u0119 Matki Bo\u017cej na ka\u017cdy dzie\u0144<\/p>\n<p>19.00 Nauka dla rodzic\u00f3w przed sakramentem chrztu \u015bwi\u0119tego<\/p>\n<p>&nbsp;<br \/>\n<strong><span style=\"color: #800080;\">16 kwietnia WIELKI WTOREK<\/span><\/strong> J 13, 21-33. 36-38<\/p>\n<p>8:00 Dzi\u0119kczynna za miniony rok z pro\u015bb\u0105 o Bo\u017ce b\u0142ogos\u0142awie\u0144stwa dla rodziny Brz\u00f3ska<br \/>\n8:00 \u015ap. Adela Demska (19 greg)<\/p>\n<p>18:00 W intencji Rodziny Karmelita\u0144skiej i Bractwa Szkaplerznego<\/p>\n<p>&nbsp;<br \/>\n<strong><span style=\"color: #800080;\">17 kwietnia WIELKA \u015aRODA<\/span><\/strong> Mt 26, 14-25<\/p>\n<p>8:00 \u015ap. Adela Demska (20 greg)<\/p>\n<p>17:30 Nabo\u017ce\u0144stwo do Matki Bo\u017cej Nieustaj\u0105cej Pomocy<\/p>\n<p>18:00 \u015ap. J\u00f3zefa (34 rocz. \u015bm), J\u00f3zef (28 rocz. \u015bm) i zm. z rodziny Tubilewicz, Zygfryd Dobrzeniecki<\/p>\n<p>18:00 O szybki powr\u00f3t do zdrowia, Bo\u017ce b\u0142ogos\u0142awie\u0144stwo i opiek\u0119 Matki Bo\u017cej dla Krzysztofa<\/p>\n<p>&nbsp;<\/p>\n<p>&nbsp;<\/p>\n<h4><span style=\"color: #ffcc00;\">18 kwietnia WIELKI CZWARTEK<\/span> \u0141k 4, 16-21<\/h4>\n<p>18:00 \u015ap. Adela Demska (21 greg)<\/p>\n<p>18:00 \u015ap. Lucjan G\u00f3rski (9 rocz. \u015bm) i zmar\u0142ych rodzic\u00f3w z obojga stron<\/p>\n<p>18:00 \u015ap. Roman \u017belazny (int. urodzinowa) oraz zm. rodzic\u00f3w i rodze\u0144stwo z obojga stron<\/p>\n<p>18:00 Za kap\u0142an\u00f3w pos\u0142uguj\u0105cych w naszej parafii o dary Ducha \u015bw i potrzebne charyzmaty<\/p>\n<p>&nbsp;<\/p>\n<h4><span style=\"color: #ff0000;\"><strong>19 kwietnia WIELKI PI\u0104TEK M\u0118KI PA\u0143SKIEJ<\/strong><\/span> J 18, 1 \u2013 19, 42<\/h4>\n<p>&nbsp;<\/p>\n<p>18:00 LITURGIA M\u0118KI PA\u0143SKIEJ<\/p>\n<p>&nbsp;<\/p>\n<h4><span style=\"color: #ffcc00;\">20 marca&nbsp;WIGILIA PASCHALNA <span style=\"color: #000000;\">\u0141k 24, 1-12<\/span><\/span><\/h4>\n<p>20:00 \u015ap. Boles\u0142aw Malinowski<\/p>\n<p>20:00 Za siostry i Braci, kr\u00f3tzy nie do\u015bwiadczyli jeszcze mi\u0142o\u015bci Boga Ojca, o otwarcie na S\u0142owo Bo\u017ce, aby\u015bmy nie wstydzili si\u0119 Chrystusa, kt\u00f3rego poznali\u015bmy w\u015br\u00f3d tych, kt\u00f3rzy w Niego nie wierz\u0105, o dar odwagi w Duchu \u015awi\u0119tym do g\u0142oszenia or\u0119dza<br \/>\nzmartwychwstania Jezusa Chrystusa<\/p>\n<p>20:00 Za parafian<\/p>\n<p>20:00 W intencji m\u0142odzie\u017cy przygotowuj\u0105cej si\u0119 do sakramentu bierzmowania, m\u0142odzie\u017cy ze wsp\u00f3lnoty KSMU oraz zespo\u0142u m\u0142odzie\u017cowego oraz ch\u00f3ru pod dydygentur\u0105 naszego organisty Piotra Zbierzchowskiego<\/p>\n<h4>&nbsp;<\/h4>\n<h4><span style=\"color: #ffcc00;\">21 kwietnia NIEDZIELA ZMARTWYCHWSTANIA PA\u0143SKIEGO<\/span> J 20, 1-9<\/h4>\n<p>6:00 Za parafian<\/p>\n<p>9:00 \u015ap. Monika i Wiktor Jankowscy i zm. z rodziny Kami\u0144skich<br \/>\n9:00 \u015ap. Adela Demska (22 greg)<\/p>\n<p>10:30 Dzi\u0119kczynna w 70 urodziny Marii oraz 40 rocznic\u0119 \u015blubu Marii i Piotra z pro\u015bb\u0105 o Bo\u017ce b\u0142ogos\u0142awie\u0144stwo, dary Ducha \u015bwi\u0119tego i opiek\u0119 Matki Bo\u017cej dla ca\u0142ej rodziny<\/p>\n<p>12:00 Za dzieci, kr\u00f3re przyjm\u0105 sakrament chrztu \u015bwi\u0119tego, za rodzic\u00f3w i rodzic\u00f3w chrzesnych z pro\u015bb\u0105 o Bo\u017ce b\u0142ogos\u0142awie\u0144stwo, wszelkie \u0142aski na ka\u017cdy dzie\u0144<\/p>\n<p>18:00 \u015ap. Irena Osojca (30 dz. p.p.)<\/p>\n<p>&nbsp;<\/p>\n<p>&nbsp;<\/p>\n<p>&nbsp;<\/p>\n","protected":false},"excerpt":{"rendered":"<p>&nbsp; 15 kwietnia WIELKI PONIEDZIA\u0141EK J 12, 1-11 8:00 \u015ap. Adela Demska (18 greg) 18:00 Dzi\u0119kczynna z okazji 40 rocznicy \u015blubu Krystyny i Andrzeja Bieli\u0144skich, z pro\u015bb\u0105 o Bo\u017ce b\u0142ogos\u0142awie\u0144stwo, opiek\u0119 Matki Bo\u017cej i dary Ducha \u015bw. dla Rubinowych Jubilat\u00f3w 18:00 Dzi\u0119kczynna z okazji 41 rocznicy \u015blubu Ireny i J\u00f3zefa Brz\u00f3ska z pro\u015bb\u0105 o Bo\u017ce [&hellip;]<\/p>\n","protected":false},"author":1,"featured_media":2526,"comment_status":"closed","ping_status":"closed","sticky":false,"template":"","format":"standard","meta":{"ngg_post_thumbnail":0,"footnotes":""},"categories":[11,8,4],"tags":[],"class_list":["post-3347","post","type-post","status-publish","format-standard","has-post-thumbnail","hentry","category-aktualnosci","category-blog","category-intencje"],"_links":{"self":[{"href":"https:\/\/rafalk-elblag.pl\/index.php?rest_route=\/wp\/v2\/posts\/3347","targetHints":{"allow":["GET"]}}],"collection":[{"href":"https:\/\/rafalk-elblag.pl\/index.php?rest_route=\/wp\/v2\/posts"}],"about":[{"href":"https:\/\/rafalk-elblag.pl\/index.php?rest_route=\/wp\/v2\/types\/post"}],"author":[{"embeddable":true,"href":"https:\/\/rafalk-elblag.pl\/index.php?rest_route=\/wp\/v2\/users\/1"}],"replies":[{"embeddable":true,"href":"https:\/\/rafalk-elblag.pl\/index.php?rest_route=%2Fwp%2Fv2%2Fcomments&post=3347"}],"version-history":[{"count":1,"href":"https:\/\/rafalk-elblag.pl\/index.php?rest_route=\/wp\/v2\/posts\/3347\/revisions"}],"predecessor-version":[{"id":3348,"href":"https:\/\/rafalk-elblag.pl\/index.php?rest_route=\/wp\/v2\/posts\/3347\/revisions\/3348"}],"wp:featuredmedia":[{"embeddable":true,"href":"https:\/\/rafalk-elblag.pl\/index.php?rest_route=\/wp\/v2\/media\/2526"}],"wp:attachment":[{"href":"https:\/\/rafalk-elblag.pl\/index.php?rest_route=%2Fwp%2Fv2%2Fmedia&parent=3347"}],"wp:term":[{"taxonomy":"category","embeddable":true,"href":"https:\/\/rafalk-elblag.pl\/index.php?rest_route=%2Fwp%2Fv2%2Fcategories&post=3347"},{"taxonomy":"post_tag","embeddable":true,"href":"https:\/\/rafalk-elblag.pl\/index.php?rest_route=%2Fwp%2Fv2%2Ftags&post=3347"}],"curies":[{"name":"wp","href":"https:\/\/api.w.org\/{rel}","templated":true}]}}