{"id":3345,"date":"2019-04-15T12:08:22","date_gmt":"2019-04-15T12:08:22","guid":{"rendered":"http:\/\/rafalk-elblag.pl\/?p=3345"},"modified":"2019-04-15T12:08:22","modified_gmt":"2019-04-15T12:08:22","slug":"ogloszenia-parafialne-niedziela-palmowa-14-04-2019","status":"publish","type":"post","link":"https:\/\/rafalk-elblag.pl\/?p=3345","title":{"rendered":"OG\u0141OSZENIA PARAFIALNE \u2013 NIEDZIELA PALMOWA 14.04.2019"},"content":{"rendered":"<p><a href=\"http:\/\/rafalk-elblag.pl\/wp-content\/uploads\/2016\/12\/pulpit.jpg\"><img loading=\"lazy\" decoding=\"async\" class=\"alignnone size-large wp-image-2530\" src=\"http:\/\/rafalk-elblag.pl\/wp-content\/uploads\/2016\/12\/pulpit-1024x682.jpg\" alt=\"\" width=\"900\" height=\"599\" srcset=\"https:\/\/rafalk-elblag.pl\/wp-content\/uploads\/2016\/12\/pulpit-1024x682.jpg 1024w, https:\/\/rafalk-elblag.pl\/wp-content\/uploads\/2016\/12\/pulpit-300x200.jpg 300w, https:\/\/rafalk-elblag.pl\/wp-content\/uploads\/2016\/12\/pulpit-768x512.jpg 768w, https:\/\/rafalk-elblag.pl\/wp-content\/uploads\/2016\/12\/pulpit.jpg 1698w\" sizes=\"auto, (max-width: 900px) 100vw, 900px\" \/><\/a><\/p>\n<p>&nbsp;<\/p>\n<p>1. Gr\u00f3b Pa\u0144ski jest wyrazem wdzi\u0119czno\u015bci Chrystusowi, kt\u00f3ry umar\u0142 za nas. Kto zechcia\u0142by przyczyni\u0107 si\u0119 do upi\u0119kszenia GROBU i KO\u015aCIO\u0141A mo\u017ce, po ka\u017cdej Mszy \u015bwi\u0119tej z\u0142o\u017cy\u0107 dzisiaj ofiar\u0119 do puszki na kwiaty. Dzi\u0119kujemy za zrozumienie.<\/p>\n<p>&nbsp;<\/p>\n<p>2. M\u0142odzie\u017c naszej parafii zaprasza dzisiaj na inscenizacj\u0119 MISTERIUM M\u0118KI PA\u0143SKIEJ o godz. 19:00. Gromadzimy si\u0119 na placu przed ko\u015bcio\u0142em.<\/p>\n<p>&nbsp;<\/p>\n<p>3. Przypominamy, \u017ce paczki \u015bwi\u0105teczne b\u0119d\u0105 wydawane 15 kwietnia br. (poniedzia\u0142ek) w punkcie Caritas przy ul. Myliusa 1A od godz. 16:00 do godz. 17:00. Zapraszamy osoby w trudnej sytuacji \u017cyciowej.<\/p>\n<p>&nbsp;<\/p>\n<p>4. W poniedzia\u0142ek 15 kwietnia br. o godz. 19:00 na plebanii nauka dla rodzic\u00f3w i rodzic\u00f3w&nbsp;chrzestnych. OBECNO\u015a\u0106 OBOWI\u0104ZKOWA.<\/p>\n<p>&nbsp;<\/p>\n<p>5. Zach\u0119camy do spowiedzi \u015bwi\u0119tej, gdy\u017c od Wielkiego Czwartku rozpoczynamy TRIDUUM PASCHALNE i mo\u017cliwo\u015b\u0107 skorzystania z Sakramentu Pokuty b\u0119dzie ograniczona. Spowied\u017a jeszcze we wtorek (16.04.br.) od godz. 17:00.<\/p>\n<p>&nbsp;<\/p>\n<p>6. Ka\u017cdy 16 dzie\u0144 miesi\u0105ca to dzie\u0144 spotkania Bractwa Szkaplerznego. Zapraszamy w tym dniu tj. (wtorek 16 kwietnia) wszystkich nale\u017c\u0105cych i pragn\u0105cych w\u0142\u0105czy\u0107 si\u0119 do tej wsp\u00f3lnoty na comiesi\u0119czn\u0105 Msz\u0119 \u015bw. o godz. 18:00 z mo\u017cliwo\u015bci\u0105 przyj\u0119cia Szkaplerza \u015awi\u0119tego.<\/p>\n<p>&nbsp;<\/p>\n<p>7. Kancelaria Parafialna czynna b\u0119dzie tylko w Wielk\u0105 \u015arod\u0119 od 16:00 do 17:30.<\/p>\n<p>&nbsp;<\/p>\n<p>8. W WIELK\u0104 \u015aROD\u0118 (17.04.br.) o godzinie 19:00 z parafii Matki Bo\u017cej Kr\u00f3lowej Polski do Katedry wyruszy Droga Krzy\u017cowa ulicami miasta Elbl\u0105ga. Zach\u0119camy do wzi\u0119cia udzia\u0142u w tym Nabo\u017ce\u0144stwie Pokutnym ca\u0142e rodziny. Nasza parafia niesie krzy\u017c<br \/>\nod stacji X do stacji XI wraz z parafi\u0105 \u015bw. Rodziny (6 m\u0119\u017cczyzn).<\/p>\n<p>&nbsp;<\/p>\n<p>9. W WIELKI PI\u0104TEK o godz. 15:00 rozpoczniemy Nowenn\u0119, kt\u00f3ra bezpo\u015brednio przygotowywa\u0107 nas b\u0119dzie do Niedzieli Mi\u0142osierdzia Bo\u017cego. Od Niedzieli Nowenna odprawiana b\u0119dzie po Mszy \u015bw. wieczorowej.<\/p>\n<p>&nbsp;<\/p>\n<p>10. Plan czuwania mieszka\u0144c\u00f3w naszej parafii na WIELKI PI\u0104TEK:<\/p>\n<p>\uf0b7 9:00 \u2013 Ciemna Jutrznia<\/p>\n<p>\uf0b7 10:00 \u2013 11:00 \u2013 mieszka\u0144cy ul. Korczaka<\/p>\n<p>\uf0b7 11:00 \u2013 12:00 \u2013 mieszka\u0144cy ul. Brzechwy, Tuwima<\/p>\n<p>\uf0b7 12:00 \u2013 13:00 \u2013 mieszka\u0144cy ul. Sobieskiego, K\u0142oczowskiego<\/p>\n<p>\uf0b7 13:00 \u2013 14:00 \u2013 mieszka\u0144cy ul. Myliusa, Leszczy\u0144skiego, Legion\u00f3w<\/p>\n<p>\uf0b7 14:00 \u2013 15:00 \u2013 mieszka\u0144cy ul. Mieszka I, \u0141okietka, Krzywoustego<\/p>\n<p>\uf0b7 15:00 &#8211; Godzina Mi\u0142osierdzia<\/p>\n<p>\uf0b7 15:00 \u2013 16:00 \u2013 mieszka\u0144cy ul. Broniewskiego<\/p>\n<p>\uf0b7 16:00 \u2013 17:00 \u2013 mieszka\u0144cy ul. Og\u00f3lnej, Lubelskiej, Porazi\u0144skiej.<\/p>\n<p>&nbsp;<\/p>\n<p>11. W NIEDZIEL\u0118 ZMARTWYCHWSTANIA Rezurekcja o godz. 6:00. Prosimy serdecznie biel parafialn\u0105 i wszystkich odpowiedzialnych za procesj\u0119 o przygotowanie baldachimu i chor\u0105gwi. Kolejne Msze \u015bw. o godz. 9:00, 10:30, 12:00 i 18;00.<br \/>\nUWAGA: NIE MA MSZY \u015aW. O GODZ. 7:00 i 15:00.<\/p>\n<p>&nbsp;<\/p>\n<p>12. W sobot\u0119 27 kwietnia br. z naszej parafii wyrusza pielgrzymka piesza do \u015awi\u0119tego Gaju, miejsca m\u0119cze\u0144stwa \u015bw. Wojciecha, g\u0142\u00f3wnego patrona naszej diecezji. Zapraszamy do pielgrzymowania ca\u0142e rodziny. Zapisy u ks. Marcina. Koszt 20 z\u0142.<\/p>\n<p>&nbsp;<\/p>\n<p>13. Pami\u0119tajmy o Skarbonce na Ja\u0142mu\u017cn\u0119 Wielkopostn\u0105 2019. W ten spos\u00f3b w\u0142\u0105czamy si\u0119 w og\u00f3lnopolsk\u0105 akcj\u0119 \u201eDAR JUNIORA DLA SENIORA\u201d.<\/p>\n<p>&nbsp;<\/p>\n<p>14. UWAGA: Jest mo\u017cliwo\u015b\u0107 nabycia obrazu Jezusa Mi\u0142osiernego w cenie 45 z\u0142., kt\u00f3re zostan\u0105 po\u015bwi\u0119cone Niedziel\u0119 Mi\u0142osierdzia Bo\u017cego 28 kwietnia o godz. 15:00. Zapisy w zakrystii.<\/p>\n<p>&nbsp;<\/p>\n<p>15. Przed ko\u015bcio\u0142em mo\u017cna naby\u0107 pras\u0119 katolick\u0105: \u201eGo\u015b\u0107 Niedzielny\u201d w cenie 5 z\u0142.<\/p>\n<p>&nbsp;<\/p>\n<p>&nbsp;<\/p>\n","protected":false},"excerpt":{"rendered":"<p>&nbsp; 1. Gr\u00f3b Pa\u0144ski jest wyrazem wdzi\u0119czno\u015bci Chrystusowi, kt\u00f3ry umar\u0142 za nas. Kto zechcia\u0142by przyczyni\u0107 si\u0119 do upi\u0119kszenia GROBU i KO\u015aCIO\u0141A mo\u017ce, po ka\u017cdej Mszy \u015bwi\u0119tej z\u0142o\u017cy\u0107 dzisiaj ofiar\u0119 do puszki na kwiaty. Dzi\u0119kujemy za zrozumienie. &nbsp; 2. M\u0142odzie\u017c naszej parafii zaprasza dzisiaj na inscenizacj\u0119 MISTERIUM M\u0118KI PA\u0143SKIEJ o godz. 19:00. Gromadzimy si\u0119 na placu [&hellip;]<\/p>\n","protected":false},"author":1,"featured_media":2530,"comment_status":"closed","ping_status":"closed","sticky":false,"template":"","format":"standard","meta":{"ngg_post_thumbnail":0,"footnotes":""},"categories":[11,8,3],"tags":[],"class_list":["post-3345","post","type-post","status-publish","format-standard","has-post-thumbnail","hentry","category-aktualnosci","category-blog","category-ogloszenia"],"_links":{"self":[{"href":"https:\/\/rafalk-elblag.pl\/index.php?rest_route=\/wp\/v2\/posts\/3345","targetHints":{"allow":["GET"]}}],"collection":[{"href":"https:\/\/rafalk-elblag.pl\/index.php?rest_route=\/wp\/v2\/posts"}],"about":[{"href":"https:\/\/rafalk-elblag.pl\/index.php?rest_route=\/wp\/v2\/types\/post"}],"author":[{"embeddable":true,"href":"https:\/\/rafalk-elblag.pl\/index.php?rest_route=\/wp\/v2\/users\/1"}],"replies":[{"embeddable":true,"href":"https:\/\/rafalk-elblag.pl\/index.php?rest_route=%2Fwp%2Fv2%2Fcomments&post=3345"}],"version-history":[{"count":1,"href":"https:\/\/rafalk-elblag.pl\/index.php?rest_route=\/wp\/v2\/posts\/3345\/revisions"}],"predecessor-version":[{"id":3346,"href":"https:\/\/rafalk-elblag.pl\/index.php?rest_route=\/wp\/v2\/posts\/3345\/revisions\/3346"}],"wp:featuredmedia":[{"embeddable":true,"href":"https:\/\/rafalk-elblag.pl\/index.php?rest_route=\/wp\/v2\/media\/2530"}],"wp:attachment":[{"href":"https:\/\/rafalk-elblag.pl\/index.php?rest_route=%2Fwp%2Fv2%2Fmedia&parent=3345"}],"wp:term":[{"taxonomy":"category","embeddable":true,"href":"https:\/\/rafalk-elblag.pl\/index.php?rest_route=%2Fwp%2Fv2%2Fcategories&post=3345"},{"taxonomy":"post_tag","embeddable":true,"href":"https:\/\/rafalk-elblag.pl\/index.php?rest_route=%2Fwp%2Fv2%2Ftags&post=3345"}],"curies":[{"name":"wp","href":"https:\/\/api.w.org\/{rel}","templated":true}]}}