{"id":3343,"date":"2019-04-15T12:05:05","date_gmt":"2019-04-15T12:05:05","guid":{"rendered":"http:\/\/rafalk-elblag.pl\/?p=3343"},"modified":"2019-04-15T12:05:05","modified_gmt":"2019-04-15T12:05:05","slug":"intencje-mszalne-v-tydzien-wielkiego-postu-8-14-04-2019","status":"publish","type":"post","link":"https:\/\/rafalk-elblag.pl\/?p=3343","title":{"rendered":"INTENCJE MSZALNE \u2013 V TYDZIE\u0143 WIELKIEGO POSTU (8-14. 04. 2019)"},"content":{"rendered":"<p><a href=\"http:\/\/rafalk-elblag.pl\/wp-content\/uploads\/2016\/12\/shutterstock_49643152-1000.jpg\"><img loading=\"lazy\" decoding=\"async\" class=\"alignnone size-full wp-image-2526\" src=\"http:\/\/rafalk-elblag.pl\/wp-content\/uploads\/2016\/12\/shutterstock_49643152-1000.jpg\" alt=\"\" width=\"1000\" height=\"665\" srcset=\"https:\/\/rafalk-elblag.pl\/wp-content\/uploads\/2016\/12\/shutterstock_49643152-1000.jpg 1000w, https:\/\/rafalk-elblag.pl\/wp-content\/uploads\/2016\/12\/shutterstock_49643152-1000-300x200.jpg 300w, https:\/\/rafalk-elblag.pl\/wp-content\/uploads\/2016\/12\/shutterstock_49643152-1000-768x511.jpg 768w\" sizes=\"auto, (max-width: 1000px) 100vw, 1000px\" \/><\/a><\/p>\n<p>&nbsp;<\/p>\n<p><strong><span style=\"color: #800080;\">8 kwietnia PONIEDZIA\u0141EK<\/span><\/strong> J 8,12-20<\/p>\n<p>8:00 \u015ap. Adela Demska (11 greg)<\/p>\n<p>18:00 \u015ap. Boles\u0142aw Malinowski &#8211; int. od W\u0142adys\u0142awy z Grecji z rodzin\u0105<br \/>\n18:00 \u015ap. J\u00f3zef Lewicki (1 rocz. \u015bm), Genowefa Lewicka<\/p>\n<p>&nbsp;<\/p>\n<p><span style=\"color: #800080;\"><strong>9 kwietnia WTOREK<\/strong><\/span> J 8, 21-30<\/p>\n<p>8:00 \u015ap. Adela Demska (12 greg)<\/p>\n<p>18:00 \u015ap. Irena Wile\u0144ska (7 rocz. \u015bm) i zm. z rodziny Wile\u0144skich oraz Bartosik\u00f3w<br \/>\n18.00 \u015ap. Jan Przyby\u0142ek (24 rocz. \u015bm), zmar\u0142ych rodzic\u00f3w, braci, siostry, syna Bogdana, Wac\u0142aw Kwestarz, Ewa<\/p>\n<p>&nbsp;<\/p>\n<p><strong><span style=\"color: #800080;\">10 kwietnia \u015aRODA<\/span><\/strong> J 8, 31-42<\/p>\n<p>8:00 \u015ap. Jerzy Karpow w dniu urodzin<\/p>\n<p>17:30 Nabo\u017ce\u0144stwo do Matki Bo\u017cej Nieustaj\u0105cej Pomocy<\/p>\n<p>18:00 \u015ap. Bogdan Dziedzicki (1 rocz. \u015bm), W\u0142adys\u0142awa Ostrowska<br \/>\n18:00 \u015ap. Adela Demska (13 greg)<\/p>\n<p>&nbsp;<\/p>\n<p><strong><span style=\"color: #800080;\">11 kwietnia CZWARTEK<\/span><\/strong> J 8, 51-59<\/p>\n<p>8:00 \u015ap. Adela Demska (14 greg)<br \/>\n8:00 \u015ap. Jadwiga Starzy\u0144ska (12 rocz. \u015bm) i zm. z rodziny<\/p>\n<p>18:00 \u015ap. Waleria Wojtczak (3 rocz. \u015bm), Marian Wojtczak (19 rocz. \u015bm)<\/p>\n<p>&nbsp;<\/p>\n<p><span style=\"color: #800080;\"><strong>12 kwietnia PI\u0104TEK<\/strong><\/span> Mt 5, 20-26<\/p>\n<p>8:00 \u015ap. Jacek \u015apiewak (12 rocz. \u015bm) i zm. rodzic\u00f3w z obojga stron<\/p>\n<p>18:00 \u015ap. Adela Demska (15 greg)<br \/>\n18:00 \u015ap. Cecylia Chmiel (4 rocz. \u015bm)<\/p>\n<p>&nbsp;<\/p>\n<p><span style=\"color: #800080;\"><strong>13 marca SOBOTA<\/strong><\/span> J 11, 45-57<\/p>\n<p>8:00 \u015ap. Czes\u0142awa i Stanis\u0142aw Kowalscy, Genowefa i Stanis\u0142aw Olewnik, Wanda Grad, Wiktoria i J\u00f3zef Szwarc<\/p>\n<p>18:00 \u015ap. Adela Demska (16 greg)<br \/>\n18:00 \u015ap. Adam Rutkowski (5 rocz. \u015bm), Jerzy Rutkowski oraz zm. rodzice z oboja stron<\/p>\n<p>&nbsp;<\/p>\n<h4><span style=\"color: #ff0000;\">14 kwietnia NIEDZIELA PALMOWA<\/span> \u0141k 22, 14 \u201323, 56<\/h4>\n<p>7:00 \u015ap. Adela Demska (17 greg)<\/p>\n<p>9:00 \u015ap. Marianna Ba\u0142dyga (14 rocz. \u015bm), Lucjan, Feliks, Sylwester<br \/>\n9:00 O Bo\u017ce b\u0142ogos\u0142awie\u0144stwo dla Mateusza Milanowskiego w 9 urodziny oraz o potrzebne \u0142aski dla ca\u0142ej rodziny<\/p>\n<p>10:30 Dzi\u0119kczynna w 8 urodziny Kazimierza z pro\u015bb\u0105 o Bo\u017ce b\u0142ogos\u0142awie\u0144stwo i opiek\u0119 Matki Bo\u017cej na ka\u017cdy dzie\u0144<\/p>\n<p>12:00 Za parafian<\/p>\n<p>15:00 Dzi\u0119kczynna za otrzymane \u0142aski w 2018 roku, z pro\u015bb\u0105 o dalsz\u0105 opiek\u0119, Bo\u017ce b\u0142ogos\u0142awie\u0144stwo dla ca\u0142ej rodziny Karmowskich<\/p>\n<p>18:00 \u015ap. Zygmunt Zdrojewski (15 rocz. \u015bm), Kazimiera, J\u00f3zef i Jan Cywi\u0144scy<br \/>\n18:00 Dzi\u0119kczynna z okazji 20 urodzin Ma\u0142gorzaty z pro\u015bb\u0105 o Bo\u017ce b\u0142ogos\u0142awie\u0144stwo, dary Ducha \u015bw. i potrzebne \u0142aski<\/p>\n<p>&nbsp;<\/p>\n<p>&nbsp;<\/p>\n","protected":false},"excerpt":{"rendered":"<p>&nbsp; 8 kwietnia PONIEDZIA\u0141EK J 8,12-20 8:00 \u015ap. Adela Demska (11 greg) 18:00 \u015ap. Boles\u0142aw Malinowski &#8211; int. od W\u0142adys\u0142awy z Grecji z rodzin\u0105 18:00 \u015ap. J\u00f3zef Lewicki (1 rocz. \u015bm), Genowefa Lewicka &nbsp; 9 kwietnia WTOREK J 8, 21-30 8:00 \u015ap. Adela Demska (12 greg) 18:00 \u015ap. Irena Wile\u0144ska (7 rocz. \u015bm) i zm. [&hellip;]<\/p>\n","protected":false},"author":1,"featured_media":2526,"comment_status":"closed","ping_status":"closed","sticky":false,"template":"","format":"standard","meta":{"ngg_post_thumbnail":0,"footnotes":""},"categories":[11,8,4],"tags":[],"class_list":["post-3343","post","type-post","status-publish","format-standard","has-post-thumbnail","hentry","category-aktualnosci","category-blog","category-intencje"],"_links":{"self":[{"href":"https:\/\/rafalk-elblag.pl\/index.php?rest_route=\/wp\/v2\/posts\/3343","targetHints":{"allow":["GET"]}}],"collection":[{"href":"https:\/\/rafalk-elblag.pl\/index.php?rest_route=\/wp\/v2\/posts"}],"about":[{"href":"https:\/\/rafalk-elblag.pl\/index.php?rest_route=\/wp\/v2\/types\/post"}],"author":[{"embeddable":true,"href":"https:\/\/rafalk-elblag.pl\/index.php?rest_route=\/wp\/v2\/users\/1"}],"replies":[{"embeddable":true,"href":"https:\/\/rafalk-elblag.pl\/index.php?rest_route=%2Fwp%2Fv2%2Fcomments&post=3343"}],"version-history":[{"count":1,"href":"https:\/\/rafalk-elblag.pl\/index.php?rest_route=\/wp\/v2\/posts\/3343\/revisions"}],"predecessor-version":[{"id":3344,"href":"https:\/\/rafalk-elblag.pl\/index.php?rest_route=\/wp\/v2\/posts\/3343\/revisions\/3344"}],"wp:featuredmedia":[{"embeddable":true,"href":"https:\/\/rafalk-elblag.pl\/index.php?rest_route=\/wp\/v2\/media\/2526"}],"wp:attachment":[{"href":"https:\/\/rafalk-elblag.pl\/index.php?rest_route=%2Fwp%2Fv2%2Fmedia&parent=3343"}],"wp:term":[{"taxonomy":"category","embeddable":true,"href":"https:\/\/rafalk-elblag.pl\/index.php?rest_route=%2Fwp%2Fv2%2Fcategories&post=3343"},{"taxonomy":"post_tag","embeddable":true,"href":"https:\/\/rafalk-elblag.pl\/index.php?rest_route=%2Fwp%2Fv2%2Ftags&post=3343"}],"curies":[{"name":"wp","href":"https:\/\/api.w.org\/{rel}","templated":true}]}}