{"id":3341,"date":"2019-04-15T12:01:33","date_gmt":"2019-04-15T12:01:33","guid":{"rendered":"http:\/\/rafalk-elblag.pl\/?p=3341"},"modified":"2019-04-15T12:01:33","modified_gmt":"2019-04-15T12:01:33","slug":"ogloszenia-parafialne-v-niedziela-wielkiego-postu-7-04-2019","status":"publish","type":"post","link":"https:\/\/rafalk-elblag.pl\/?p=3341","title":{"rendered":"OG\u0141OSZENIA PARAFIALNE \u2013 V NIEDZIELA WIELKIEGO POSTU 7.04.2019"},"content":{"rendered":"<p><a href=\"http:\/\/rafalk-elblag.pl\/wp-content\/uploads\/2016\/12\/pulpit.jpg\"><img loading=\"lazy\" decoding=\"async\" class=\"alignnone size-large wp-image-2530\" src=\"http:\/\/rafalk-elblag.pl\/wp-content\/uploads\/2016\/12\/pulpit-1024x682.jpg\" alt=\"\" width=\"900\" height=\"599\" srcset=\"https:\/\/rafalk-elblag.pl\/wp-content\/uploads\/2016\/12\/pulpit-1024x682.jpg 1024w, https:\/\/rafalk-elblag.pl\/wp-content\/uploads\/2016\/12\/pulpit-300x200.jpg 300w, https:\/\/rafalk-elblag.pl\/wp-content\/uploads\/2016\/12\/pulpit-768x512.jpg 768w, https:\/\/rafalk-elblag.pl\/wp-content\/uploads\/2016\/12\/pulpit.jpg 1698w\" sizes=\"auto, (max-width: 900px) 100vw, 900px\" \/><\/a><\/p>\n<p>&nbsp;<\/p>\n<p>1. Zapraszamy dzisiaj na Adoracj\u0119 Naj\u015bwi\u0119tszego Sakramentu od 16:00 do 17:15.<\/p>\n<p>&nbsp;<\/p>\n<p>2. Ofiary z\u0142o\u017cone dzisiaj na tac\u0119 przeznaczona s\u0105 na kolejne \u0142awki do naszej \u015bwi\u0105tyni, kt\u00f3re zostan\u0105 przywiezione w czerwcu.<br \/>\nDzi\u0119kujemy za wszelk\u0105 okazan\u0105 \u017cyczliwo\u015b\u0107 i wsparcie.<\/p>\n<p>&nbsp;<\/p>\n<p>3. M\u0142odzie\u017c naszej parafii przed ko\u015bcio\u0142em rozprowadza palmy i baranki na st\u00f3\u0142 wielkanocny. Zebrane ofiary przeznaczone s\u0105 na potrzeby m\u0142odzie\u017cy spotykaj\u0105cej si\u0119 w swojej salce na plebanii. Zach\u0119camy i dzi\u0119kujemy za okazane wsparcie. Ponadto<br \/>\nm\u0142odzie\u017c zaprasza:<\/p>\n<p>\uf0b7 na inscenizacj\u0119 MISTERIUM M\u0118KI PA\u0143SKIEJ, kt\u00f3re odb\u0119dzie si\u0119 za tydzie\u0144, w Niedziel\u0119 Palmow\u0105 o godz. 19:00. Gromadzimy si\u0119 na placu przed ko\u015bcio\u0142em.<\/p>\n<p>\uf0b7 na \u015bpiewan\u0105 Drog\u0119 Krzy\u017cow\u0105 \u201e\u015alad losu\u201d w Wielki Pi\u0105tek (19 kwietnia) o godz. 21:00. Prze\u017cyj wraz z nami ostatnie chwile \u017cycia Pana Jezusa.<\/p>\n<p>&nbsp;<\/p>\n<p>&nbsp;<\/p>\n<p>4. Dzi\u0119kujemy wszystkim, kt\u00f3rzy zaanga\u017cowali si\u0119 w przygotowanie i przeprowadzenie tegorocznych Rekolekcji Wielkopostnych oraz Drogi Krzy\u017cowej ulicami parafii. Sk\u0142adamy tak\u017ce podzi\u0119kowanie Dyrekcji Zespo\u0142u Szk\u00f3\u0142 nr 1 za zaanga\u017cowanie i udzia\u0142 nauczycieli w rekolekcjach przygotowuj\u0105cych dzieci i m\u0142odzie\u017c do \u015awi\u0105t Wielkanocnych.<br \/>\nB\u00f3g zap\u0142a\u0107.<\/p>\n<p>&nbsp;<\/p>\n<p>5. Wykorzystajmy czas WIELKIEGO POSTU dla naszego wzrostu duchowego poprzez gorliwy i owocny udzia\u0142u w Liturgii Wielkopostnej i w Nabo\u017ce\u0144stwach Pokutnych. Zapraszamy w ka\u017cd\u0105 niedziel\u0119 o godz. 17:15 na Gorzkie \u017bale z kazaniem<br \/>\npasyjnym, a w ka\u017cdy pi\u0105tek Wielkiego Postu na Drog\u0119 Krzy\u017cow\u0105: godz. 16:30 dla dzieci, o godz. 17:15 dla doros\u0142ych oraz o godz. 19:00 dla m\u0142odzie\u017cy. PAMI\u0118TAJMY: \u017ce Wielki Post jest tak zwanym \u201eczasem zakazanym\u201d dla wszelkich hucznych wesel,<br \/>\nzabaw i dyskotek !!!<\/p>\n<p>&nbsp;<\/p>\n<p>6. Spotkanie Kr\u0119gu Biblijnego w \u015brod\u0119 10.04.2019 r. o godz. 19:00. Ksi\u0105dz \u0141ukasz przypomina, \u017ce spotkania KR\u0118GU BIBLIJNEGO odbywaj\u0105 si\u0119 w II i IV \u015brod\u0119 miesi\u0105ca. Zapraszamy.<\/p>\n<p>&nbsp;<\/p>\n<p>7. W Niedziel\u0119 Palmow\u0105 o godz. 10:00, jak co roku, wyruszy spod sklepu \u201eSTOKROTKA\u201d procesja z palmami. Zapraszamy szczeg\u00f3lnie dzieci z rodzicami.<\/p>\n<p>&nbsp;<\/p>\n<p>8. Pami\u0119tajmy o Skarbonce na Ja\u0142mu\u017cn\u0119 Wielkopostn\u0105 2019. W ten spos\u00f3b w\u0142\u0105czamy si\u0119 w og\u00f3lnopolsk\u0105 akcj\u0119 \u201eDAR JUNIORA DLA SENIORA\u201d.<\/p>\n<p>&nbsp;<\/p>\n<p>9. Caritas Parafialna przed ko\u015bcio\u0142em rozprowadza ostatnie \u015bwieczki na st\u00f3\u0142 WIELKANOCNY w cenie 10 z\u0142 oraz bia\u0142e Paschaliki w cenie 7 i 10 z\u0142.<\/p>\n<p>&nbsp;<\/p>\n<p>10. Ofiary na kwiaty do Grobu Pa\u0144skiego i Ko\u015bcio\u0142a b\u0119dzie mo\u017cna z\u0142o\u017cy\u0107 za tydzie\u0144 (w Niedziel\u0119 Palmow\u0105) do puszek przed ko\u015bcio\u0142em. Dzi\u0119kuj\u0119 za zrozumienie.<\/p>\n<p>&nbsp;<\/p>\n<p>11. Przed ko\u015bcio\u0142em mo\u017cna naby\u0107 pras\u0119 katolick\u0105: \u201eGo\u015b\u0107 Niedzielny\u201d w cenie 5 z\u0142. oraz p\u0142ytka z filmem o \u015bw. Ignacym i specjalny dodatek dla Diecezji Elbl\u0105skiej.<\/p>\n<p>&nbsp;<\/p>\n<p>12. Pan powo\u0142a\u0142 do wieczno\u015bci: \u015bp. Zofi\u0119 Szpakowsk\u0105 lat 73 z ul. Myliusa<\/p>\n<p>&nbsp;<\/p>\n<p>&nbsp;<\/p>\n<h4 style=\"text-align: center;\"><span style=\"color: #ff0000;\">Numer Konta Parafialnego<\/span><\/h4>\n<h4 style=\"text-align: center;\"><span style=\"color: #ff0000;\">PKO BP 72 1020 1752 0000 0102 0069 6047<\/span><\/h4>\n<p>&nbsp;<\/p>\n<p>&nbsp;<\/p>\n<p>&nbsp;<\/p>\n","protected":false},"excerpt":{"rendered":"<p>&nbsp; 1. Zapraszamy dzisiaj na Adoracj\u0119 Naj\u015bwi\u0119tszego Sakramentu od 16:00 do 17:15. &nbsp; 2. Ofiary z\u0142o\u017cone dzisiaj na tac\u0119 przeznaczona s\u0105 na kolejne \u0142awki do naszej \u015bwi\u0105tyni, kt\u00f3re zostan\u0105 przywiezione w czerwcu. Dzi\u0119kujemy za wszelk\u0105 okazan\u0105 \u017cyczliwo\u015b\u0107 i wsparcie. &nbsp; 3. M\u0142odzie\u017c naszej parafii przed ko\u015bcio\u0142em rozprowadza palmy i baranki na st\u00f3\u0142 wielkanocny. Zebrane ofiary [&hellip;]<\/p>\n","protected":false},"author":1,"featured_media":2530,"comment_status":"closed","ping_status":"closed","sticky":false,"template":"","format":"standard","meta":{"ngg_post_thumbnail":0,"footnotes":""},"categories":[11,8,3],"tags":[],"class_list":["post-3341","post","type-post","status-publish","format-standard","has-post-thumbnail","hentry","category-aktualnosci","category-blog","category-ogloszenia"],"_links":{"self":[{"href":"https:\/\/rafalk-elblag.pl\/index.php?rest_route=\/wp\/v2\/posts\/3341","targetHints":{"allow":["GET"]}}],"collection":[{"href":"https:\/\/rafalk-elblag.pl\/index.php?rest_route=\/wp\/v2\/posts"}],"about":[{"href":"https:\/\/rafalk-elblag.pl\/index.php?rest_route=\/wp\/v2\/types\/post"}],"author":[{"embeddable":true,"href":"https:\/\/rafalk-elblag.pl\/index.php?rest_route=\/wp\/v2\/users\/1"}],"replies":[{"embeddable":true,"href":"https:\/\/rafalk-elblag.pl\/index.php?rest_route=%2Fwp%2Fv2%2Fcomments&post=3341"}],"version-history":[{"count":1,"href":"https:\/\/rafalk-elblag.pl\/index.php?rest_route=\/wp\/v2\/posts\/3341\/revisions"}],"predecessor-version":[{"id":3342,"href":"https:\/\/rafalk-elblag.pl\/index.php?rest_route=\/wp\/v2\/posts\/3341\/revisions\/3342"}],"wp:featuredmedia":[{"embeddable":true,"href":"https:\/\/rafalk-elblag.pl\/index.php?rest_route=\/wp\/v2\/media\/2530"}],"wp:attachment":[{"href":"https:\/\/rafalk-elblag.pl\/index.php?rest_route=%2Fwp%2Fv2%2Fmedia&parent=3341"}],"wp:term":[{"taxonomy":"category","embeddable":true,"href":"https:\/\/rafalk-elblag.pl\/index.php?rest_route=%2Fwp%2Fv2%2Fcategories&post=3341"},{"taxonomy":"post_tag","embeddable":true,"href":"https:\/\/rafalk-elblag.pl\/index.php?rest_route=%2Fwp%2Fv2%2Ftags&post=3341"}],"curies":[{"name":"wp","href":"https:\/\/api.w.org\/{rel}","templated":true}]}}