{"id":3339,"date":"2019-04-15T11:58:28","date_gmt":"2019-04-15T11:58:28","guid":{"rendered":"http:\/\/rafalk-elblag.pl\/?p=3339"},"modified":"2019-04-15T11:58:28","modified_gmt":"2019-04-15T11:58:28","slug":"intencje-mszalne-iv-tydzien-wielkiego-postu-1-7-04-2019","status":"publish","type":"post","link":"https:\/\/rafalk-elblag.pl\/?p=3339","title":{"rendered":"INTENCJE MSZALNE \u2013 IV TYDZIE\u0143 WIELKIEGO POSTU (1-7. 04. 2019)"},"content":{"rendered":"<p>&nbsp;<\/p>\n<p><a href=\"http:\/\/rafalk-elblag.pl\/wp-content\/uploads\/2016\/12\/shutterstock_49643152-1000.jpg\"><img loading=\"lazy\" decoding=\"async\" class=\"alignnone size-full wp-image-2526\" src=\"http:\/\/rafalk-elblag.pl\/wp-content\/uploads\/2016\/12\/shutterstock_49643152-1000.jpg\" alt=\"\" width=\"1000\" height=\"665\" srcset=\"https:\/\/rafalk-elblag.pl\/wp-content\/uploads\/2016\/12\/shutterstock_49643152-1000.jpg 1000w, https:\/\/rafalk-elblag.pl\/wp-content\/uploads\/2016\/12\/shutterstock_49643152-1000-300x200.jpg 300w, https:\/\/rafalk-elblag.pl\/wp-content\/uploads\/2016\/12\/shutterstock_49643152-1000-768x511.jpg 768w\" sizes=\"auto, (max-width: 1000px) 100vw, 1000px\" \/><\/a><\/p>\n<p>&nbsp;<\/p>\n<p><strong><span style=\"color: #800080;\">1 kwietnia PONIEDZIA\u0141EK<\/span><\/strong><br \/>\nRekolekcje parafialne J 4, 43-54<\/p>\n<p>8:00 \u015ap. Stanis\u0142awa, J\u00f3zef, Edward i zm. z rodziny Osowskich<\/p>\n<p>11:00 \u015ap. Monika i Jan Ostrowscy, Barbara, Marianna i Jaros\u0142aw Skorupscy<\/p>\n<p>18:00 \u015ap. Adela Demska (4 greg)<br \/>\n18:00 O \u0142ask\u0119 zdrowia i si\u0142y dla Anny i \u0141ucji<\/p>\n<p>20:00 \u015ap. Bronis\u0142awa i Stanis\u0142aw Zaskalscy, Stanis\u0142awa, Wilhelm, Henryk Gli\u0144scy<\/p>\n<p>&nbsp;<\/p>\n<p><strong><span style=\"color: #800080;\">2 kwietnia WTOREK<\/span><\/strong><br \/>\nRekolekcje parafialne J 5, 1-16<\/p>\n<p>8:00 \u015ap. Adela Demska (5 greg)<\/p>\n<p>11:00 Dzi\u0119kczynna w 34 urodziny Anny z pro\u015bb\u0105 o Bo\u017ce b\u0142ogos\u0142awie\u0144stwo, potrzebne \u0142aski i dary Ducha \u015awi\u0119tego<\/p>\n<p>18:00 \u015ap. Marek Damaszewicz (20 rocz. \u015bm)<br \/>\n18:00 O szcz\u0119\u015bliwy przebieg operacji dla m\u0119\u017ca Wojciecha Balonis oraz \u015bwiat\u0142o Ducha \u015awi\u0119tego dla lekarzy<\/p>\n<p>20:00 Dzi\u0119kczynna w dniu urodzin Micha\u0142a, oraz za otrzymane \u0142aski z pro\u015bb\u0105 o dlasze Bo\u017ce b\u0142ogos\u0142awie\u0144stwo dla rodziny Ka\u0142u\u017ca<\/p>\n<p>&nbsp;<\/p>\n<p><strong><span style=\"color: #800080;\">3 kwietnia \u015aRODA<\/span><\/strong><br \/>\nRekolekcje parafialne J 5, 17-30<\/p>\n<p>8:00 O potrzebne \u0142aski dla Zbigniewa i J\u00f3zefa w ich pos\u0142ugach w ko\u015bciele, o \u015bwiat\u0142o Ducha \u015awi\u0119tego i Bo\u017ce prowadzenie<\/p>\n<p>11:00 \u015ap. Helena, Jan, Julian, Danuta z rodz. Jukiel, Tadeusz, Danuta, Jerzy, Janusz z rodz. Zych<\/p>\n<p>18:00 \u015ap. Stefania Murowska (2 rocz. \u015bm)<br \/>\n18:00 \u015ap. Adela Demska (6 greg)<\/p>\n<p>20:00 \u015ap. Aleksander Kaczy\u0144ski (2 rocz. \u015bm)<\/p>\n<p>&nbsp;<\/p>\n<p><strong><span style=\"color: #800080;\">4 kwietnia CZWARTEK<\/span><\/strong><br \/>\nPierwszy czwartek miesi\u0105ca J 5, 31-47<\/p>\n<p>8:00 \u015ap. Stanis\u0142awa Obsza\u0144ska (19 rocz. \u015bm)<br \/>\n8:00 \u015ap. Adela Demska (7 greg)<\/p>\n<p>18:00 O nowe i \u015bwi\u0119te powo\u0142ania kap\u0142a\u0144skie, zakonne i misyjne z naszej wsp\u00f3lnoty parafialnej<\/p>\n<p>&nbsp;<\/p>\n<p><strong><span style=\"color: #800080;\">5 kwietnia PI\u0104TEK<\/span><\/strong><br \/>\nPierwszy pi\u0105tek miesi\u0105ca J 7, 1-2. 10. 25-30<\/p>\n<p>8:00 W intencji Panu Bogu wiadomej<\/p>\n<p>18:00 \u015ap. Stanis\u0142awa, Stanis\u0142aw, Ryszard, J\u00f3zef, Eliza i Jan<br \/>\n18:00 \u015ap. Adela Demska (8 greg)<\/p>\n<p>19:00 DROGA KRZY\u017bOWA ULICAMI PARAFII<\/p>\n<p>&nbsp;<\/p>\n<p><strong><span style=\"color: #800080;\">6 marca SOBOTA<\/span><\/strong><br \/>\nPierwsza sobota miesi\u0105ca J 7, 40-53<\/p>\n<p>8:00 \u015ap. Adela Demska (9 greg)<\/p>\n<p>18:00 Dzi\u0119kczynna z okazji 89 urodzin Stefani Sakowskiej z pro\u015bb\u0105 o Bo\u017ce b\u0142ogos\u0142awie\u0144stwo, zdrowie, dary Ducha \u015awi\u0119tego oraz opiek\u0119 Matki Bo\u017cej na dalsze lata \u017cycia<\/p>\n<p>18:00 O dary Ducha \u015awi\u0119tego, Bo\u017ce b\u0142ogos\u0142awie\u0144stwo, opiek\u0119 Matki Bo\u017cej R\u00f3\u017ca\u0144cowej dla kap\u0142an\u00f3w, wszystkich cz\u0142onk\u00f3w \u017bywego R\u00f3\u017ca\u0144ca i ich rodzin &#8211; int. od R\u00f3\u017cy Gietrzwa\u0142dzkiej<\/p>\n<p>&nbsp;<\/p>\n<h6><span style=\"color: #800080;\">7 kwietnia PI\u0104TA NIEDZIELA WIELKIEGO POSTU<\/span> J 8, 1-11<\/h6>\n<p>7:00 \u015ap. Adela Demska (10 greg)<\/p>\n<p>9:00 \u015ap. Rodzice: Regina i Szczepan Miko\u0142ajewscy, brat Zenon, syn Pawe\u0142<br \/>\n9:00 \u015ap. Henryk \u015aledz i zm. rodzic\u00f3w z obojga stron<\/p>\n<p>10:30 \u015ap. Czes\u0142aw Buchnowski (3 rocz. \u015bm)<\/p>\n<p>12:00 Za parafian<br \/>\n12:00 Dzi\u0119kczynna za szcz\u0119\u015bliwe narodziny syna Marcela Abucewicz w dniu chrztu \u015bwi\u0119tego, o Bo\u017ce b\u0142ogos\u0142awie\u0144stwo i potrzebne \u0142aski dla rodziny i wszystkich obecnych<\/p>\n<p>15:00 \u015ap. Zbigniew Kraszewski (1 rocz. \u015bm), Jadwiga, Zdzis\u0142aw, Stanis\u0142aw Mirzejewscy<\/p>\n<p>18:00 \u015ap. Jan i Helena Kapciak<\/p>\n<p>&nbsp;<\/p>\n<p>&nbsp;<\/p>\n","protected":false},"excerpt":{"rendered":"<p>&nbsp; &nbsp; 1 kwietnia PONIEDZIA\u0141EK Rekolekcje parafialne J 4, 43-54 8:00 \u015ap. Stanis\u0142awa, J\u00f3zef, Edward i zm. z rodziny Osowskich 11:00 \u015ap. Monika i Jan Ostrowscy, Barbara, Marianna i Jaros\u0142aw Skorupscy 18:00 \u015ap. Adela Demska (4 greg) 18:00 O \u0142ask\u0119 zdrowia i si\u0142y dla Anny i \u0141ucji 20:00 \u015ap. Bronis\u0142awa i Stanis\u0142aw Zaskalscy, Stanis\u0142awa, Wilhelm, [&hellip;]<\/p>\n","protected":false},"author":1,"featured_media":2526,"comment_status":"closed","ping_status":"closed","sticky":false,"template":"","format":"standard","meta":{"ngg_post_thumbnail":0,"footnotes":""},"categories":[11,8,3],"tags":[],"class_list":["post-3339","post","type-post","status-publish","format-standard","has-post-thumbnail","hentry","category-aktualnosci","category-blog","category-ogloszenia"],"_links":{"self":[{"href":"https:\/\/rafalk-elblag.pl\/index.php?rest_route=\/wp\/v2\/posts\/3339","targetHints":{"allow":["GET"]}}],"collection":[{"href":"https:\/\/rafalk-elblag.pl\/index.php?rest_route=\/wp\/v2\/posts"}],"about":[{"href":"https:\/\/rafalk-elblag.pl\/index.php?rest_route=\/wp\/v2\/types\/post"}],"author":[{"embeddable":true,"href":"https:\/\/rafalk-elblag.pl\/index.php?rest_route=\/wp\/v2\/users\/1"}],"replies":[{"embeddable":true,"href":"https:\/\/rafalk-elblag.pl\/index.php?rest_route=%2Fwp%2Fv2%2Fcomments&post=3339"}],"version-history":[{"count":1,"href":"https:\/\/rafalk-elblag.pl\/index.php?rest_route=\/wp\/v2\/posts\/3339\/revisions"}],"predecessor-version":[{"id":3340,"href":"https:\/\/rafalk-elblag.pl\/index.php?rest_route=\/wp\/v2\/posts\/3339\/revisions\/3340"}],"wp:featuredmedia":[{"embeddable":true,"href":"https:\/\/rafalk-elblag.pl\/index.php?rest_route=\/wp\/v2\/media\/2526"}],"wp:attachment":[{"href":"https:\/\/rafalk-elblag.pl\/index.php?rest_route=%2Fwp%2Fv2%2Fmedia&parent=3339"}],"wp:term":[{"taxonomy":"category","embeddable":true,"href":"https:\/\/rafalk-elblag.pl\/index.php?rest_route=%2Fwp%2Fv2%2Fcategories&post=3339"},{"taxonomy":"post_tag","embeddable":true,"href":"https:\/\/rafalk-elblag.pl\/index.php?rest_route=%2Fwp%2Fv2%2Ftags&post=3339"}],"curies":[{"name":"wp","href":"https:\/\/api.w.org\/{rel}","templated":true}]}}