{"id":3337,"date":"2019-04-15T11:54:43","date_gmt":"2019-04-15T11:54:43","guid":{"rendered":"http:\/\/rafalk-elblag.pl\/?p=3337"},"modified":"2019-04-15T11:54:43","modified_gmt":"2019-04-15T11:54:43","slug":"ogloszenia-parafialne-iv-niedziela-wielkiego-postu-31-03-2019","status":"publish","type":"post","link":"https:\/\/rafalk-elblag.pl\/?p=3337","title":{"rendered":"OG\u0141OSZENIA PARAFIALNE \u2013 IV NIEDZIELA WIELKIEGO POSTU 31.03.2019"},"content":{"rendered":"<p><a href=\"http:\/\/rafalk-elblag.pl\/wp-content\/uploads\/2016\/12\/pulpit.jpg\"><img loading=\"lazy\" decoding=\"async\" class=\"alignnone size-large wp-image-2530\" src=\"http:\/\/rafalk-elblag.pl\/wp-content\/uploads\/2016\/12\/pulpit-1024x682.jpg\" alt=\"\" width=\"900\" height=\"599\" srcset=\"https:\/\/rafalk-elblag.pl\/wp-content\/uploads\/2016\/12\/pulpit-1024x682.jpg 1024w, https:\/\/rafalk-elblag.pl\/wp-content\/uploads\/2016\/12\/pulpit-300x200.jpg 300w, https:\/\/rafalk-elblag.pl\/wp-content\/uploads\/2016\/12\/pulpit-768x512.jpg 768w, https:\/\/rafalk-elblag.pl\/wp-content\/uploads\/2016\/12\/pulpit.jpg 1698w\" sizes=\"auto, (max-width: 900px) 100vw, 900px\" \/><\/a><\/p>\n<p>&nbsp;<\/p>\n<p>1. W dniu dzisiejszym rozpoczynamy Rekolekcje Wielkopostne dla doros\u0142ych, kt\u00f3re poprowadzi ks. Arkadiusz Grabowski &#8211; Salezjanin nasz parafianin\uf04a. Serdecznie witamy Go w naszej wsp\u00f3lnocie. Pro\u015bmy o \u015bwiat\u0142o Ducha \u015awi\u0119tego dla Niego oraz dla ca\u0142ej parafii, aby s\u0142owa wypowiedziane w czasie tych dni, przemieni\u0142y nasze serca i przygotowa\u0142y na rado\u015b\u0107 \u015awi\u0105t Wielkanocnych. Program rekolekcji znajdziemy w Biuletynie.<\/p>\n<p>&nbsp;<\/p>\n<p>2. W czasie rekolekcji prosimy o zg\u0142aszanie (w zakrystii) chorych, do kt\u00f3rych ksi\u0119\u017ca udadz\u0105 si\u0119 w \u015brod\u0119 3 kwietnia br. od godz. 15:00.<\/p>\n<p>&nbsp;<\/p>\n<p>3. Uwie\u0144czeniem naszych \u0107wicze\u0144 rekolekcyjnych b\u0119dzie DROGA KRZY\u017bOWA ulicami naszej parafii (Sobieskiego, Legion\u00f3w, Og\u00f3ln\u0105, Broniewskiego i Sobieskiego) w pierwszy pi\u0105tek tj. 5 kwietnia br. o godz. 19:00. Prosimy przynie\u015b\u0107 ze sob\u0105 znicze. Niech rozmy\u015blanie nad M\u0119k\u0105 i \u015amierci\u0105 Pana Jezusa wzbudzi w naszych sercach mi\u0142o\u015b\u0107 i wdzi\u0119czno\u015b\u0107 za \u0142ask\u0119<br \/>\nnaszego odkupienia.<\/p>\n<p>&nbsp;<\/p>\n<p>4. Zapraszamy do wzi\u0119cia udzia\u0142u w historycznym wydarzeniu, jakim s\u0105 \u015aWIECENIA BISKUPIE 6 kwietnia br. (sobota) o godz. 11:00 w Katedrze \u015bw. Miko\u0142aja w Elbl\u0105gu. Otoczmy modlitw\u0105 nowego Biskupa Pomocniczego i pro\u015bmy dla niego o wszelkie potrzebne \u0142aski w pos\u0142udze dla diecezji.<\/p>\n<p>&nbsp;<\/p>\n<p>5. Wykorzystajmy czas WIELKIEGO POSTU dla naszego wzrostu duchowego poprzez gorliwy i owocny udzia\u0142u w Liturgii Wielkopostnej i w Nabo\u017ce\u0144stwach Pokutnych. Zapraszamy w ka\u017cd\u0105 niedziel\u0119 o godz. 17:15 na Gorzkie \u017bale z kazaniem pasyjnym, a w ka\u017cdy pi\u0105tek Wielkiego Postu na Drog\u0119 Krzy\u017cow\u0105: godz. 16:30 dla dzieci i o godz. 19:00 ulicami parafii.<br \/>\nPAMI\u0118TAJMY: \u017ce Wielki Post jest tak zwanym \u201eczasem zakazanym\u201d dla wszelkich hucznych wesel, zabaw i dyskotek !!!<\/p>\n<p>&nbsp;<\/p>\n<p>6. W tym tygodniu przypada pierwszy czwartek, pi\u0105tek i sobota miesi\u0105ca.<\/p>\n<p>\uf0b7 w pierwszy czwartek b\u0119dziemy modli\u0107 si\u0119 wsp\u00f3lnie za Ko\u015bci\u00f3\u0142 i Ojca \u015awi\u0119tego Franciszka oraz za nowego Biskupa Pomocniczego Diecezji Elbl\u0105skiej ks. dr Wojciecha Skibickiego. Zapraszamy na Msz\u0119 \u015aw., a po niej ,,Godzin\u0119 \u015awi\u0119t\u0105\u201d, czyli na<br \/>\nADORACJ\u0118 przed Naj\u015bwi\u0119tszym Sakramentem w powy\u017cszych intencjach.<\/p>\n<p>\uf0b7 w pierwszy pi\u0105tek spowied\u017a dla dzieci od godz. 16:00 i Droga Krzy\u017cowa o godz. 16:30 zako\u0144czona obrz\u0119dem Komunii \u015bw. Natomiast doros\u0142ych i m\u0142odzie\u017c zapraszamy od godz. 17:30 i Msz\u0119 \u015awi\u0119t\u0105 Wotywn\u0105 o NSPJ o godz.18:00.<\/p>\n<p>\uf0b7 w pierwsz\u0105 sobot\u0119 przed Msz\u0105 \u015bw. o godz. 17:00 zapraszamy na nabo\u017ce\u0144stwo wynagradzaj\u0105ce Niepokalanemu Sercu Maryi za zniewagi grzesznik\u00f3w. Tego dnia zmiana tajemnic dla \u017bywego R\u00f3\u017ca\u0144ca.<\/p>\n<p>&nbsp;<\/p>\n<p>7. Z racji pierwszego pi\u0105tku kap\u0142ani udadz\u0105 si\u0119 do chorych 5 kwietnia br.<\/p>\n<p>&nbsp;<\/p>\n<p>8. Wraz z rozpocz\u0119tym w \u015arod\u0119 Popielcow\u0105 Wielkim Postem, ruszy\u0142y zapisy na Ekstremaln\u0105 Drog\u0119 Krzy\u017cow\u0105. W Elbl\u0105gu rusza ona 12 kwietnia ju\u017c po raz piaty. Jak co roku nocne w\u0119drowanie rozpocznie si\u0119 Msz\u0105 \u015bw. o godz. 20:00 w parafii \u015bw. Brata Alberta. Zach\u0119camy do wyj\u015bcia ze swojej strefy komfortu i wyruszenia na jeden z czterech proponowanych szlak\u00f3w, Zapis\u00f3w mo\u017cna dokonywa\u0107 mailowo (elblag.edk@gmail.com) oraz przez stron\u0119 www.edk.org.pl. W razie jakichkolwiek pyta\u0144 jeste\u015bmy otwarci na udzielenie wi\u0119kszej ilo\u015bci potrzebnych informacji. Dane kontaktowe: Katarzyna Grabowska 696-442-982<br \/>\nNIE WARTO \u017bY\u0106 NORMALNIE, WARTO \u017bY\u0106 EKSTREMALNIE!!! 12-13 kwietnia 2019 r. &#8211; Ekstremalna Droga Krzy\u017cowa w Elbl\u0105gu<\/p>\n<p>&nbsp;<\/p>\n<p>9. Caritas Parafialna przed ko\u015bcio\u0142em rozprowadza \u015bwieczki na st\u00f3\u0142 WIELKANOCNY w cenie 10 z\u0142 oraz bia\u0142e Paschaliki w cenie 8 i 10 z\u0142.<\/p>\n<p>&nbsp;<br \/>\n10. Przed ko\u015bcio\u0142em mo\u017cna naby\u0107 pras\u0119 katolick\u0105: \u201eGo\u015b\u0107 Niedzielny\u201d w cenie 5 z\u0142.<\/p>\n<p>&nbsp;<\/p>\n<p>&nbsp;<\/p>\n","protected":false},"excerpt":{"rendered":"<p>&nbsp; 1. W dniu dzisiejszym rozpoczynamy Rekolekcje Wielkopostne dla doros\u0142ych, kt\u00f3re poprowadzi ks. Arkadiusz Grabowski &#8211; Salezjanin nasz parafianin\uf04a. Serdecznie witamy Go w naszej wsp\u00f3lnocie. Pro\u015bmy o \u015bwiat\u0142o Ducha \u015awi\u0119tego dla Niego oraz dla ca\u0142ej parafii, aby s\u0142owa wypowiedziane w czasie tych dni, przemieni\u0142y nasze serca i przygotowa\u0142y na rado\u015b\u0107 \u015awi\u0105t Wielkanocnych. Program rekolekcji znajdziemy [&hellip;]<\/p>\n","protected":false},"author":1,"featured_media":2530,"comment_status":"closed","ping_status":"closed","sticky":false,"template":"","format":"standard","meta":{"ngg_post_thumbnail":0,"footnotes":""},"categories":[11,8,3],"tags":[],"class_list":["post-3337","post","type-post","status-publish","format-standard","has-post-thumbnail","hentry","category-aktualnosci","category-blog","category-ogloszenia"],"_links":{"self":[{"href":"https:\/\/rafalk-elblag.pl\/index.php?rest_route=\/wp\/v2\/posts\/3337","targetHints":{"allow":["GET"]}}],"collection":[{"href":"https:\/\/rafalk-elblag.pl\/index.php?rest_route=\/wp\/v2\/posts"}],"about":[{"href":"https:\/\/rafalk-elblag.pl\/index.php?rest_route=\/wp\/v2\/types\/post"}],"author":[{"embeddable":true,"href":"https:\/\/rafalk-elblag.pl\/index.php?rest_route=\/wp\/v2\/users\/1"}],"replies":[{"embeddable":true,"href":"https:\/\/rafalk-elblag.pl\/index.php?rest_route=%2Fwp%2Fv2%2Fcomments&post=3337"}],"version-history":[{"count":1,"href":"https:\/\/rafalk-elblag.pl\/index.php?rest_route=\/wp\/v2\/posts\/3337\/revisions"}],"predecessor-version":[{"id":3338,"href":"https:\/\/rafalk-elblag.pl\/index.php?rest_route=\/wp\/v2\/posts\/3337\/revisions\/3338"}],"wp:featuredmedia":[{"embeddable":true,"href":"https:\/\/rafalk-elblag.pl\/index.php?rest_route=\/wp\/v2\/media\/2530"}],"wp:attachment":[{"href":"https:\/\/rafalk-elblag.pl\/index.php?rest_route=%2Fwp%2Fv2%2Fmedia&parent=3337"}],"wp:term":[{"taxonomy":"category","embeddable":true,"href":"https:\/\/rafalk-elblag.pl\/index.php?rest_route=%2Fwp%2Fv2%2Fcategories&post=3337"},{"taxonomy":"post_tag","embeddable":true,"href":"https:\/\/rafalk-elblag.pl\/index.php?rest_route=%2Fwp%2Fv2%2Ftags&post=3337"}],"curies":[{"name":"wp","href":"https:\/\/api.w.org\/{rel}","templated":true}]}}