{"id":3334,"date":"2019-03-26T09:52:26","date_gmt":"2019-03-26T09:52:26","guid":{"rendered":"http:\/\/rafalk-elblag.pl\/?p=3334"},"modified":"2019-03-26T09:52:26","modified_gmt":"2019-03-26T09:52:26","slug":"intencje-mszalne-iii-tydzien-wielkiego-postu-25-31-03-2019","status":"publish","type":"post","link":"https:\/\/rafalk-elblag.pl\/?p=3334","title":{"rendered":"INTENCJE MSZALNE \u2013 III TYDZIE\u0143 WIELKIEGO POSTU (25 \u2013 31. 03. 2019)"},"content":{"rendered":"<p><a href=\"http:\/\/rafalk-elblag.pl\/wp-content\/uploads\/2016\/12\/shutterstock_49643152-1000.jpg\"><img loading=\"lazy\" decoding=\"async\" class=\"alignnone size-full wp-image-2526\" src=\"http:\/\/rafalk-elblag.pl\/wp-content\/uploads\/2016\/12\/shutterstock_49643152-1000.jpg\" alt=\"\" width=\"1000\" height=\"665\" srcset=\"https:\/\/rafalk-elblag.pl\/wp-content\/uploads\/2016\/12\/shutterstock_49643152-1000.jpg 1000w, https:\/\/rafalk-elblag.pl\/wp-content\/uploads\/2016\/12\/shutterstock_49643152-1000-300x200.jpg 300w, https:\/\/rafalk-elblag.pl\/wp-content\/uploads\/2016\/12\/shutterstock_49643152-1000-768x511.jpg 768w\" sizes=\"auto, (max-width: 1000px) 100vw, 1000px\" \/><\/a><\/p>\n<p>&nbsp;<\/p>\n<h3><span style=\"color: #ff6600;\"><strong>25 marca PONIEDZIA\u0141EK<\/strong><\/span><br \/>\n<span style=\"color: #ff6600;\"><strong>Uroczysto\u015b\u0107 Zwiastowania Pa\u0144skiego (\u0141k 1, 26-38)<\/strong><\/span><\/h3>\n<p>8:00 \u015ap. Antoni Rogalski, Ma\u0142gorzata Rogalska<\/p>\n<p>18:00 \u015ap. Weronika Czy\u017cyk (30 dz.p.p.)<br \/>\n18:00 \u015ap. Krzysztof Zgliczy\u0144ski (27 greg)<\/p>\n<p>&nbsp;<\/p>\n<p><span style=\"color: #800080;\"><strong>26 marca WTOREK (Mt 18, 21- 35)<\/strong><\/span><\/p>\n<p>8:00 \u015ap. Krzysztof Zgliczy\u0144ski (28 greg)<\/p>\n<p>18:00 \u015ap. Robert, Waldemar, Henryk Pawliccy i zm. z rodziny<br \/>\n18.00 \u015ap. Irena i Jan Wysoccy, Marianna i W\u0142adys\u0142aw Le\u015bniak<\/p>\n<p>&nbsp;<\/p>\n<p><strong><span style=\"color: #800080;\">27 marca \u015aRODA<\/span><\/strong><br \/>\n<strong><span style=\"color: #800080;\">Rekolekcje dla dzieci i m\u0142odzie\u017cy (Mt 5, 17-19)<\/span><\/strong><\/p>\n<p>8:00 \u015ap. Janina Chmielewska (10 rocz. \u015bm), Tomasz Chmielewski (31 rocz. \u015bm), Stanis\u0142awa i Edward Szumi\u0142o<\/p>\n<p><em>17:30 Nabo\u017ce\u0144stwo ku czci Matki Bo\u017cej Nieustaj\u0105cej Pomocy<\/em><\/p>\n<p>18:00 \u015ap. Janusz G\u0142owacki (8 rocz. \u015bm) i zm. rodzice z obojga stron<br \/>\n18:00 \u015ap. Krzysztof Zgliczy\u0144ski (29 greg)<br \/>\n18:00 \u015ap. Zofia Dr\u0105gowska (1 rocz. \u015bm), Genowefa i Edward, Halina i Jerzy Dr\u0105gowscy, Waldemar, Weronika, Kazimierz \u015amigowscy<\/p>\n<p>&nbsp;<\/p>\n<p><strong><span style=\"color: #800080;\">28 marca CZWARTEK<\/span><\/strong><br \/>\n<strong><span style=\"color: #800080;\">Rekolekcje dla dzieci i m\u0142odzie\u017cy (\u0141k 11, 14-23)<\/span><\/strong><\/p>\n<p>8:00 \u015ap. Barbara i Ryszard Czarneccy<\/p>\n<p>18:00 \u015ap. Krzysztof Zgliczy\u0144ski (30 greg)<br \/>\n18:00 O zdrowie, Bo\u017ce b\u0142ogos\u0142awie\u0144stwo i potrzebne \u0142aski dla Heleny<\/p>\n<p>&nbsp;<\/p>\n<p><span style=\"color: #800080;\"><strong>29 marca PI\u0104TEK<\/strong><\/span><br \/>\n<span style=\"color: #800080;\"><strong>Rekolekcje dla dzieci i m\u0142odzie\u017cy (Mk 12, 28b-34)<\/strong><\/span><\/p>\n<p>8:30 Msza \u015bw dla uczni\u00f3w SP klas 0-IV<\/p>\n<p>10:00 Msza \u015bw dla uczni\u00f3w SP klas V-VII<\/p>\n<p>11:30 Msza \u015bw dla uczni\u00f3w SP klas VIII i kl. III Gimnazjum<\/p>\n<p>18:00 \u015ap. Adela Demska (1 greg)<br \/>\n18:00 \u015ap. J\u00f3zef Mackiel (3 rocz. \u015bm)<\/p>\n<p>&nbsp;<\/p>\n<p><strong><span style=\"color: #800080;\">30 marca SOBOTA (\u0141k 18, 9-14)<\/span><\/strong><\/p>\n<p>8:00 \u015ap. Andrzej Bara\u0144ski (6 rocz. \u015bm) i zm. z rodziny<\/p>\n<p>18:00 \u015ap. Jan Tabor (3 rocz. \u015bm)<br \/>\n18:00 \u015ap. Adela Demska (2 greg)<\/p>\n<p>&nbsp;<\/p>\n<h3><span style=\"color: #800080;\"><strong>31 marca CZWARTA NIEDZIELA WIELKIEGO POSTU (\u0141k 15, 1-3.11-32)<\/strong><\/span><\/h3>\n<p>7:00 \u015ap. Adela Demska (3 greg)<\/p>\n<p>9:00 \u015ap. Stanis\u0142aw Hry\u0144 (13 rocz. \u015bm), Emila Hry\u0144<br \/>\n9:00 \u015ap. Janina, Jan, Jadwiga, Iwona, Ryszard, Stefan, Zdzis\u0142aw i zmarli z rodzin: D\u0105browskich, Kujawskich, Jasi\u0144skich, Nike<\/p>\n<p>10:30 \u015ap. Zygmunt \u017baczek (20 rocz. \u015bm), Andrzej Marsza\u0142 (15 rocz. \u015bm)<\/p>\n<p><strong><span style=\"color: #800080;\">12:00 Za parafian<\/span><\/strong><\/p>\n<p>15:00 \u015ap. Czes\u0142aw Przygoda (20 rocz. \u015bm)<\/p>\n<p>18:00 \u015ap. Wiktor Idzikowski z okazji urodzin<\/p>\n<p>&nbsp;<\/p>\n<p>&nbsp;<\/p>\n","protected":false},"excerpt":{"rendered":"<p>&nbsp; 25 marca PONIEDZIA\u0141EK Uroczysto\u015b\u0107 Zwiastowania Pa\u0144skiego (\u0141k 1, 26-38) 8:00 \u015ap. Antoni Rogalski, Ma\u0142gorzata Rogalska 18:00 \u015ap. Weronika Czy\u017cyk (30 dz.p.p.) 18:00 \u015ap. Krzysztof Zgliczy\u0144ski (27 greg) &nbsp; 26 marca WTOREK (Mt 18, 21- 35) 8:00 \u015ap. Krzysztof Zgliczy\u0144ski (28 greg) 18:00 \u015ap. Robert, Waldemar, Henryk Pawliccy i zm. z rodziny 18.00 \u015ap. Irena [&hellip;]<\/p>\n","protected":false},"author":1,"featured_media":2526,"comment_status":"closed","ping_status":"closed","sticky":false,"template":"","format":"standard","meta":{"ngg_post_thumbnail":0,"footnotes":""},"categories":[11,8,4],"tags":[],"class_list":["post-3334","post","type-post","status-publish","format-standard","has-post-thumbnail","hentry","category-aktualnosci","category-blog","category-intencje"],"_links":{"self":[{"href":"https:\/\/rafalk-elblag.pl\/index.php?rest_route=\/wp\/v2\/posts\/3334","targetHints":{"allow":["GET"]}}],"collection":[{"href":"https:\/\/rafalk-elblag.pl\/index.php?rest_route=\/wp\/v2\/posts"}],"about":[{"href":"https:\/\/rafalk-elblag.pl\/index.php?rest_route=\/wp\/v2\/types\/post"}],"author":[{"embeddable":true,"href":"https:\/\/rafalk-elblag.pl\/index.php?rest_route=\/wp\/v2\/users\/1"}],"replies":[{"embeddable":true,"href":"https:\/\/rafalk-elblag.pl\/index.php?rest_route=%2Fwp%2Fv2%2Fcomments&post=3334"}],"version-history":[{"count":1,"href":"https:\/\/rafalk-elblag.pl\/index.php?rest_route=\/wp\/v2\/posts\/3334\/revisions"}],"predecessor-version":[{"id":3335,"href":"https:\/\/rafalk-elblag.pl\/index.php?rest_route=\/wp\/v2\/posts\/3334\/revisions\/3335"}],"wp:featuredmedia":[{"embeddable":true,"href":"https:\/\/rafalk-elblag.pl\/index.php?rest_route=\/wp\/v2\/media\/2526"}],"wp:attachment":[{"href":"https:\/\/rafalk-elblag.pl\/index.php?rest_route=%2Fwp%2Fv2%2Fmedia&parent=3334"}],"wp:term":[{"taxonomy":"category","embeddable":true,"href":"https:\/\/rafalk-elblag.pl\/index.php?rest_route=%2Fwp%2Fv2%2Fcategories&post=3334"},{"taxonomy":"post_tag","embeddable":true,"href":"https:\/\/rafalk-elblag.pl\/index.php?rest_route=%2Fwp%2Fv2%2Ftags&post=3334"}],"curies":[{"name":"wp","href":"https:\/\/api.w.org\/{rel}","templated":true}]}}