{"id":3332,"date":"2019-03-26T09:48:25","date_gmt":"2019-03-26T09:48:25","guid":{"rendered":"http:\/\/rafalk-elblag.pl\/?p=3332"},"modified":"2019-03-26T09:48:25","modified_gmt":"2019-03-26T09:48:25","slug":"ogloszenia-parafialne-iii-niedziela-wielkiego-postu-24-03-2019","status":"publish","type":"post","link":"https:\/\/rafalk-elblag.pl\/?p=3332","title":{"rendered":"OG\u0141OSZENIA PARAFIALNE \u2013 III NIEDZIELA WIELKIEGO POSTU 24.03.2019"},"content":{"rendered":"<p><a href=\"http:\/\/rafalk-elblag.pl\/wp-content\/uploads\/2016\/12\/pulpit.jpg\"><img loading=\"lazy\" decoding=\"async\" class=\"alignnone size-large wp-image-2530\" src=\"http:\/\/rafalk-elblag.pl\/wp-content\/uploads\/2016\/12\/pulpit-1024x682.jpg\" alt=\"\" width=\"900\" height=\"599\" srcset=\"https:\/\/rafalk-elblag.pl\/wp-content\/uploads\/2016\/12\/pulpit-1024x682.jpg 1024w, https:\/\/rafalk-elblag.pl\/wp-content\/uploads\/2016\/12\/pulpit-300x200.jpg 300w, https:\/\/rafalk-elblag.pl\/wp-content\/uploads\/2016\/12\/pulpit-768x512.jpg 768w, https:\/\/rafalk-elblag.pl\/wp-content\/uploads\/2016\/12\/pulpit.jpg 1698w\" sizes=\"auto, (max-width: 900px) 100vw, 900px\" \/><\/a><\/p>\n<p>&nbsp;<\/p>\n<p>1. Jutro 25 marca br. przypada 27 rocznica powstania DIECEZJI ELBL\u0104SKIEJ. Zach\u0119camy do modlitwy za nasz\u0105 diecezj\u0119 i trwaj\u0105cy I Synod Diecezji Elbl\u0105skiej. Pami\u0119tajmy, \u017ce Uroczysto\u015b\u0107 Zwiastowania Pa\u0144skiego to DZIE\u0143 \u015aWI\u0118TO\u015aCI \u017bYCIA.<br \/>\nMsze \u015bw. w naszej parafii o godz. 8:00 i godz. 18:00. Przy Biuletynie znajdziemy kartki dla os\u00f3b pragn\u0105cych w\u0142\u0105czy\u0107 si\u0119 w to wielkie dzie\u0142o modlitewne &#8211; obrony \u017cycia.<\/p>\n<p>&nbsp;<\/p>\n<p>2. Wykorzystajmy czas WIELKIEGO POSTU dla naszego wzrostu duchowego poprzez gorliwy i owocny udzia\u0142u w Liturgii Wielkopostnej i w Nabo\u017ce\u0144stwach Pokutnych. Zapraszamy w ka\u017cd\u0105 niedziel\u0119 o godz. 17:15 na Gorzkie \u017bale z kazaniem pasyjnym, a w ka\u017cdy pi\u0105tek Wielkiego Postu na Drog\u0119 Krzy\u017cow\u0105: godz. 16:30 dla dzieci; godz. 17:15 dla doros\u0142ych; godz. 19:00 dla m\u0142odzie\u017cy. PAMI\u0118TAJMY: \u017ce Wielki Post jest tak zwanym \u201eczasem zakazanym\u201d dla wszelkich hucznych wesel, zabaw i dyskotek !!!<\/p>\n<p>&nbsp;<\/p>\n<p>3. W czasie Wielkiego Postu po raz kolejny zapraszamy na Drog\u0119 Krzy\u017cow\u0105 w formie biegu.&nbsp;Temat rozwa\u017ca\u0144: \u201eOWOCE DUCHA \u015aWI\u0118TEGO\u201d. Spotykamy si\u0119 w soboty o 8:00 w Ba\u017cantarni przy muszli koncertowej, po kr\u00f3tkim wprowadzeniu do tematu,<br \/>\nbiegniemy w ciszy spokojnym tempem do kolejnej stacji. Dystans ok. 2 km. Zapraszamy: 30 marca, 6 kwietnia. Przybiegnij, czekamy na Ciebie.<\/p>\n<p>&nbsp;<\/p>\n<p>4. Pami\u0119tajmy o Skarbonce na Ja\u0142mu\u017cn\u0119 Wielkopostn\u0105 2019. W ten spos\u00f3b w\u0142\u0105czamy si\u0119 w og\u00f3lnopolsk\u0105 akcj\u0119 \u201eDAR JUNIORA DLA SENIORA\u201d.<\/p>\n<p>&nbsp;<\/p>\n<p>5. W przysz\u0142\u0105 niedziel\u0119 spotkanie Apostolatu Bo\u017cego Mi\u0142osierdzia oraz Woluntariuszy Caritas po Mszy \u015bw. o godz. 15:00 na plebanii. Obecno\u015b\u0107 wszystkich cz\u0142onk\u00f3w mile widziana.<\/p>\n<p>&nbsp;<\/p>\n<p>6. Za tydzie\u0144 rozpoczniemy Rekolekcje Wielkopostne dla doros\u0142ych tj. od 31 marca. Natomiast dzieci i m\u0142odzie\u017c rekolekcje maj\u0105 w tym tygodniu w dniach 27 \u2013 28 &#8211; 29 marca br. Poprowadzi je ks. Arkadiusz Grabowski &#8211; Salezjanin nasz parafianin. Dok\u0142adny program znajdziemy w Biuletynie. Prosimy rodzic\u00f3w o zainteresowanie i przypilnowanie dzieci, by w pe\u0142ni skorzysta\u0142y z REKOLEKCJI. Pro\u015bmy o potrzebne dary Ducha \u015awi\u0119tego dla ksi\u0119dza Rekolekcjonisty i dla nas, by\u015bmy byli otwarci na g\u0142oszone S\u0142owo.<\/p>\n<p>&nbsp;<\/p>\n<p>7. Wraz z rozpocz\u0119tym w \u015arod\u0119 Popielcow\u0105 Wielkim Postem, ruszy\u0142y zapisy na Ekstremaln\u0105 Drog\u0119 Krzy\u017cow\u0105. W Elbl\u0105gu rusza ona 12 kwietnia ju\u017c po raz piaty. Jak co roku nocne w\u0119drowanie rozpocznie si\u0119 Msz\u0105 \u015bw. o godz. 20:00 w parafii \u015bw. Brata Alberta. Zach\u0119camy do wyj\u015bcia ze swojej strefy komfortu i wyruszenia na jeden z czterech proponowanych szlak\u00f3w, Zapis\u00f3w mo\u017cna dokonywa\u0107 mailowo (elblag.edk@gmail.com) oraz przez stron\u0119 www.edk.org.pl. W razie jakichkolwiek pyta\u0144 jeste\u015bmy otwarci na udzielenie wi\u0119kszej ilo\u015bci potrzebnych informacji. Dane kontaktowe: Katarzyna Grabowska 696-442-982 NIE WARTO \u017bY\u0106 NORMALNIE, WARTO \u017bY\u0106 EKSTREMALNIE!!! 12-13 kwietnia 2019 r. &#8211; Ekstremalna Droga Krzy\u017cowa w Elbl\u0105gu<\/p>\n<p>&nbsp;<\/p>\n<p>8. Caritas Parafialna za tydzie\u0144 b\u0119dzie rozprowadza \u015bwieczki na st\u00f3\u0142 WIELKANOCNY oraz bia\u0142e Paschaliki.<\/p>\n<p>&nbsp;<\/p>\n<p>9. Przed ko\u015bcio\u0142em mo\u017cna naby\u0107 pras\u0119 katolick\u0105: \u201eGo\u015b\u0107 Niedzielny\u201d w cenie 5 z\u0142.<\/p>\n<p>&nbsp;<\/p>\n<p>10. Pan powo\u0142a\u0142 do wieczno\u015bci: \u015bp. Kazimierza Standarskiego lat 79 z ul. Myliusa; \u015bp. Iren\u0119 W\u00f3jcik lat 53 z ul. Broniewskiego. Wieczny odpoczynek racz im da\u0107 Panie&#8230;<\/p>\n<p>&nbsp;<\/p>\n<p>&nbsp;<\/p>\n<p>&nbsp;<\/p>\n","protected":false},"excerpt":{"rendered":"<p>&nbsp; 1. Jutro 25 marca br. przypada 27 rocznica powstania DIECEZJI ELBL\u0104SKIEJ. Zach\u0119camy do modlitwy za nasz\u0105 diecezj\u0119 i trwaj\u0105cy I Synod Diecezji Elbl\u0105skiej. Pami\u0119tajmy, \u017ce Uroczysto\u015b\u0107 Zwiastowania Pa\u0144skiego to DZIE\u0143 \u015aWI\u0118TO\u015aCI \u017bYCIA. Msze \u015bw. w naszej parafii o godz. 8:00 i godz. 18:00. Przy Biuletynie znajdziemy kartki dla os\u00f3b pragn\u0105cych w\u0142\u0105czy\u0107 si\u0119 w to [&hellip;]<\/p>\n","protected":false},"author":1,"featured_media":2530,"comment_status":"closed","ping_status":"closed","sticky":false,"template":"","format":"standard","meta":{"ngg_post_thumbnail":0,"footnotes":""},"categories":[11,8,3],"tags":[],"class_list":["post-3332","post","type-post","status-publish","format-standard","has-post-thumbnail","hentry","category-aktualnosci","category-blog","category-ogloszenia"],"_links":{"self":[{"href":"https:\/\/rafalk-elblag.pl\/index.php?rest_route=\/wp\/v2\/posts\/3332","targetHints":{"allow":["GET"]}}],"collection":[{"href":"https:\/\/rafalk-elblag.pl\/index.php?rest_route=\/wp\/v2\/posts"}],"about":[{"href":"https:\/\/rafalk-elblag.pl\/index.php?rest_route=\/wp\/v2\/types\/post"}],"author":[{"embeddable":true,"href":"https:\/\/rafalk-elblag.pl\/index.php?rest_route=\/wp\/v2\/users\/1"}],"replies":[{"embeddable":true,"href":"https:\/\/rafalk-elblag.pl\/index.php?rest_route=%2Fwp%2Fv2%2Fcomments&post=3332"}],"version-history":[{"count":1,"href":"https:\/\/rafalk-elblag.pl\/index.php?rest_route=\/wp\/v2\/posts\/3332\/revisions"}],"predecessor-version":[{"id":3333,"href":"https:\/\/rafalk-elblag.pl\/index.php?rest_route=\/wp\/v2\/posts\/3332\/revisions\/3333"}],"wp:featuredmedia":[{"embeddable":true,"href":"https:\/\/rafalk-elblag.pl\/index.php?rest_route=\/wp\/v2\/media\/2530"}],"wp:attachment":[{"href":"https:\/\/rafalk-elblag.pl\/index.php?rest_route=%2Fwp%2Fv2%2Fmedia&parent=3332"}],"wp:term":[{"taxonomy":"category","embeddable":true,"href":"https:\/\/rafalk-elblag.pl\/index.php?rest_route=%2Fwp%2Fv2%2Fcategories&post=3332"},{"taxonomy":"post_tag","embeddable":true,"href":"https:\/\/rafalk-elblag.pl\/index.php?rest_route=%2Fwp%2Fv2%2Ftags&post=3332"}],"curies":[{"name":"wp","href":"https:\/\/api.w.org\/{rel}","templated":true}]}}