{"id":3328,"date":"2019-03-14T12:41:24","date_gmt":"2019-03-14T12:41:24","guid":{"rendered":"http:\/\/rafalk-elblag.pl\/?p=3328"},"modified":"2019-03-14T12:41:24","modified_gmt":"2019-03-14T12:41:24","slug":"intencje-mszalne-ii-tydzien-wielkiego-postu-18-24-03-2019","status":"publish","type":"post","link":"https:\/\/rafalk-elblag.pl\/?p=3328","title":{"rendered":"INTENCJE MSZALNE \u2013 II TYDZIE\u0143 WIELKIEGO POSTU (18 &#8211; 24. 03. 2019)"},"content":{"rendered":"<p><a href=\"http:\/\/rafalk-elblag.pl\/wp-content\/uploads\/2016\/12\/shutterstock_49643152-1000.jpg\"><img loading=\"lazy\" decoding=\"async\" class=\"alignnone size-full wp-image-2526\" src=\"http:\/\/rafalk-elblag.pl\/wp-content\/uploads\/2016\/12\/shutterstock_49643152-1000.jpg\" alt=\"\" width=\"1000\" height=\"665\" srcset=\"https:\/\/rafalk-elblag.pl\/wp-content\/uploads\/2016\/12\/shutterstock_49643152-1000.jpg 1000w, https:\/\/rafalk-elblag.pl\/wp-content\/uploads\/2016\/12\/shutterstock_49643152-1000-300x200.jpg 300w, https:\/\/rafalk-elblag.pl\/wp-content\/uploads\/2016\/12\/shutterstock_49643152-1000-768x511.jpg 768w\" sizes=\"auto, (max-width: 1000px) 100vw, 1000px\" \/><\/a><\/p>\n<p>&nbsp;<\/p>\n<p><span style=\"color: #800080;\"><strong>18 marca PONIEDZIA\u0141EK&nbsp;<\/strong><\/span> &nbsp; &nbsp; &nbsp; &nbsp; &nbsp; &nbsp; &nbsp; &nbsp; &nbsp; &nbsp; &nbsp; &nbsp; &nbsp; &nbsp; &nbsp; &nbsp; &nbsp; &nbsp; &nbsp;\u0141k 6, 36-38<\/p>\n<p>8:00 \u015ap. J\u00f3zef M\u0142ynarski, Marianna, Zbigniew, S\u0142awomir, Anna Nadolska<\/p>\n<p>18:00 \u015ap. J\u00f3zef Wr\u00f3bel (z okazji imienin)<\/p>\n<p>18:00 \u015ap. Krzysztof Zgliczy\u0144ski (20 greg)<\/p>\n<p>&nbsp;<\/p>\n<h4><span style=\"color: #ff6600;\"><strong>19 marca WTOREK<\/strong><\/span><br \/>\n<span style=\"color: #ff6600;\"><strong>Uroczysto\u015b\u0107 \u015bw. J\u00f3zefa, Oblubie\u0144ca NMP&nbsp; &nbsp;<\/strong><\/span> &nbsp; &nbsp; &nbsp; &nbsp; Mt 1, 16. 18-21. 24a<\/h4>\n<p>8:00 \u015ap. Krzysztof Zgliczy\u0144ski (21 greg)<\/p>\n<p>18:00 \u015ap. J\u00f3zef Kwiatosz z okazji imienin i zm. rodzic\u00f3w z obojga stron<\/p>\n<p>18.00 \u015ap. Wanda (1 rocz. \u015bm) i Bogdan (8 miesi\u0105c po \u015bm) B\u0119tlewscy<\/p>\n<p>18.00 Dzi\u0119kczynna z okazji imienin J\u00f3zefa Brz\u00f3zki z pro\u015bb\u0105 o Bo\u017ce b\u0142ogos\u0142awie\u0144stwo, dary Ducha \u015bw. i opiek\u0119 Matki Bo\u017cej R\u00f3\u017ca\u0144cowej &#8211; intencja od R\u00f3\u017c r\u00f3\u017ca\u0144cowych<\/p>\n<p>&nbsp;<\/p>\n<p><span style=\"color: #800080;\"><strong>20 marca \u015aRODA&nbsp; &nbsp;<\/strong><\/span> &nbsp; &nbsp; &nbsp; &nbsp; &nbsp; &nbsp; &nbsp; &nbsp; &nbsp; &nbsp; &nbsp; &nbsp; &nbsp; &nbsp; &nbsp; &nbsp; &nbsp; &nbsp; &nbsp; &nbsp; &nbsp; &nbsp; &nbsp; &nbsp; &nbsp; &nbsp; &nbsp;Mt 20, 17-28<\/p>\n<p>8:00 \u015ap. Kazimierz Kotowski (20 rocz. \u015bm)<\/p>\n<p><em>17:30 Nabo\u017ce\u0144stwo ku czci Matki Bo\u017cej Nieustaj\u0105cej Pomocy<\/em><\/p>\n<p>18:00 \u015ap. Franciszka i Walerian Kope\u0107 i zm. dziadk\u00f3w z obojga stron<\/p>\n<p>18:00 \u015ap. Krzysztof Zgliczy\u0144ski (22 greg)<\/p>\n<p>&nbsp;<\/p>\n<p><span style=\"color: #993366;\"><strong>21 marca CZWARTEK&nbsp;<\/strong><\/span> &nbsp; &nbsp; &nbsp; &nbsp; &nbsp; &nbsp; &nbsp; &nbsp; &nbsp; &nbsp; &nbsp; &nbsp; &nbsp; &nbsp; &nbsp; &nbsp; &nbsp; &nbsp; &nbsp; &nbsp; &nbsp; &nbsp; &nbsp; &nbsp;\u0141k 16, 19-31<\/p>\n<p>8:00 \u015ap. Barbara Jo\u0144ska (3 rocz. \u015bm)<\/p>\n<p>18:00 \u015ap. Krzysztof Zgliczy\u0144ski (23 greg)<\/p>\n<p>18:00 \u015ap. Stefan Bomowiecki (32 rocz. \u015bm) i zmarli: Genowefa, Jadwiga, Kazimierz, Robert, Stanis\u0142aw<\/p>\n<p>&nbsp;<\/p>\n<p><span style=\"color: #800080;\"><strong>22 marca PI\u0104TEK&nbsp; &nbsp;<\/strong><\/span> &nbsp; &nbsp; &nbsp; &nbsp; &nbsp; &nbsp; &nbsp; &nbsp; &nbsp; &nbsp; &nbsp; &nbsp; &nbsp; &nbsp; &nbsp; &nbsp; &nbsp; &nbsp; &nbsp; &nbsp; &nbsp; &nbsp; &nbsp; &nbsp; &nbsp; &nbsp; &nbsp; Mt 21, 33- 43. 45-46<\/p>\n<p>8:00 \u015ap. Jan Zieli\u0144ski (10 rocz. \u015bm)<\/p>\n<p>18:00 \u015ap. Leon Jurgielewicz (9 rocz. \u015bm)<\/p>\n<p>18:00 \u015ap. Krzysztof Zgliczy\u0144ski (24 greg)<\/p>\n<p>&nbsp;<\/p>\n<p><span style=\"color: #993366;\"><strong>23 marca SOBOTA&nbsp; &nbsp; &nbsp;<\/strong> <\/span>&nbsp; &nbsp; &nbsp; &nbsp; &nbsp; &nbsp; &nbsp; &nbsp; &nbsp; &nbsp; &nbsp; &nbsp; &nbsp; &nbsp; &nbsp; &nbsp; &nbsp; &nbsp; &nbsp; &nbsp; &nbsp; &nbsp; &nbsp; &nbsp; &nbsp; &nbsp; \u0141k 15, 1-3.11-32<\/p>\n<p>8:00 \u015ap. Krzysztof Zgliczy\u0144ski (25 greg)<\/p>\n<p>18:00 \u015ap. Krystyna, J\u00f3zef z rodziny Barto\u015b<\/p>\n<p>18:00 \u015ap. J\u00f3zefa Songin<\/p>\n<p>&nbsp;<\/p>\n<h4><span style=\"color: #800080;\"><strong>24 marca TRZECIA NIEDZIELA WIELKIEGO POSTU&nbsp; &nbsp; \u0141k 13, 1-9<\/strong><\/span><\/h4>\n<p>7:00 \u015ap. Kazimierz Kulma (7 rocz. \u015bm)<\/p>\n<p>9:00 \u015ap. Janina, Edwarda, zmar\u0142ych rodzic\u00f3w z obojga stron<\/p>\n<p>9:00 \u015ap. Regina Kowalska (8 rocz. \u015bm)<\/p>\n<p>10:30 \u015ap. Krzysztof Zgliczy\u0144ski (26 greg)<\/p>\n<p><span style=\"color: #800080;\"><strong>12:00 Za parafian<\/strong><\/span><\/p>\n<p>15:00 \u015ap. Micha\u0142 Kata (34 rocz. \u015bm), Edward D\u0105bkowski (11 rocz. \u015bm)<\/p>\n<p>18:00 \u015ap. Jadwiga Or\u0142owska (1 miesi\u0105c po \u015bmierci)<\/p>\n<p>&nbsp;<\/p>\n<p>&nbsp;<\/p>\n","protected":false},"excerpt":{"rendered":"<p>&nbsp; 18 marca PONIEDZIA\u0141EK&nbsp; &nbsp; &nbsp; &nbsp; &nbsp; &nbsp; &nbsp; &nbsp; &nbsp; &nbsp; &nbsp; &nbsp; &nbsp; &nbsp; &nbsp; &nbsp; &nbsp; &nbsp; &nbsp; &nbsp;\u0141k 6, 36-38 8:00 \u015ap. J\u00f3zef M\u0142ynarski, Marianna, Zbigniew, S\u0142awomir, Anna Nadolska 18:00 \u015ap. J\u00f3zef Wr\u00f3bel (z okazji imienin) 18:00 \u015ap. Krzysztof Zgliczy\u0144ski (20 greg) &nbsp; 19 marca WTOREK Uroczysto\u015b\u0107 \u015bw. J\u00f3zefa, Oblubie\u0144ca [&hellip;]<\/p>\n","protected":false},"author":1,"featured_media":2526,"comment_status":"closed","ping_status":"closed","sticky":false,"template":"","format":"standard","meta":{"ngg_post_thumbnail":0,"footnotes":""},"categories":[11,8,4],"tags":[],"class_list":["post-3328","post","type-post","status-publish","format-standard","has-post-thumbnail","hentry","category-aktualnosci","category-blog","category-intencje"],"_links":{"self":[{"href":"https:\/\/rafalk-elblag.pl\/index.php?rest_route=\/wp\/v2\/posts\/3328","targetHints":{"allow":["GET"]}}],"collection":[{"href":"https:\/\/rafalk-elblag.pl\/index.php?rest_route=\/wp\/v2\/posts"}],"about":[{"href":"https:\/\/rafalk-elblag.pl\/index.php?rest_route=\/wp\/v2\/types\/post"}],"author":[{"embeddable":true,"href":"https:\/\/rafalk-elblag.pl\/index.php?rest_route=\/wp\/v2\/users\/1"}],"replies":[{"embeddable":true,"href":"https:\/\/rafalk-elblag.pl\/index.php?rest_route=%2Fwp%2Fv2%2Fcomments&post=3328"}],"version-history":[{"count":1,"href":"https:\/\/rafalk-elblag.pl\/index.php?rest_route=\/wp\/v2\/posts\/3328\/revisions"}],"predecessor-version":[{"id":3329,"href":"https:\/\/rafalk-elblag.pl\/index.php?rest_route=\/wp\/v2\/posts\/3328\/revisions\/3329"}],"wp:featuredmedia":[{"embeddable":true,"href":"https:\/\/rafalk-elblag.pl\/index.php?rest_route=\/wp\/v2\/media\/2526"}],"wp:attachment":[{"href":"https:\/\/rafalk-elblag.pl\/index.php?rest_route=%2Fwp%2Fv2%2Fmedia&parent=3328"}],"wp:term":[{"taxonomy":"category","embeddable":true,"href":"https:\/\/rafalk-elblag.pl\/index.php?rest_route=%2Fwp%2Fv2%2Fcategories&post=3328"},{"taxonomy":"post_tag","embeddable":true,"href":"https:\/\/rafalk-elblag.pl\/index.php?rest_route=%2Fwp%2Fv2%2Ftags&post=3328"}],"curies":[{"name":"wp","href":"https:\/\/api.w.org\/{rel}","templated":true}]}}