{"id":3326,"date":"2019-03-14T12:35:20","date_gmt":"2019-03-14T12:35:20","guid":{"rendered":"http:\/\/rafalk-elblag.pl\/?p=3326"},"modified":"2019-03-14T12:35:46","modified_gmt":"2019-03-14T12:35:46","slug":"ogloszenia-parafialne-ii-niedziela-wielkiego-postu-17-03-2019","status":"publish","type":"post","link":"https:\/\/rafalk-elblag.pl\/?p=3326","title":{"rendered":"OG\u0141OSZENIA PARAFIALNE \u2013 II NIEDZIELA WIELKIEGO POSTU 17.03.2019"},"content":{"rendered":"<p><a href=\"http:\/\/rafalk-elblag.pl\/wp-content\/uploads\/2016\/12\/pulpit.jpg\"><img loading=\"lazy\" decoding=\"async\" class=\"alignnone size-large wp-image-2530\" src=\"http:\/\/rafalk-elblag.pl\/wp-content\/uploads\/2016\/12\/pulpit-1024x682.jpg\" alt=\"\" width=\"900\" height=\"599\" srcset=\"https:\/\/rafalk-elblag.pl\/wp-content\/uploads\/2016\/12\/pulpit-1024x682.jpg 1024w, https:\/\/rafalk-elblag.pl\/wp-content\/uploads\/2016\/12\/pulpit-300x200.jpg 300w, https:\/\/rafalk-elblag.pl\/wp-content\/uploads\/2016\/12\/pulpit-768x512.jpg 768w, https:\/\/rafalk-elblag.pl\/wp-content\/uploads\/2016\/12\/pulpit.jpg 1698w\" sizes=\"auto, (max-width: 900px) 100vw, 900px\" \/><\/a><\/p>\n<p>&nbsp;<\/p>\n<p>&nbsp;<\/p>\n<p>1. Wykorzystajmy czas WIELKIEGO POSTU dla naszego wzrostu duchowego poprzez gorliwy i owocny udzia\u0142u w Liturgii Wielkopostnej i w Nabo\u017ce\u0144stwach Pokutnych. Zapraszamy w ka\u017cd\u0105 niedziel\u0119 o godz. 17:15 na Gorzkie \u017bale z kazaniem pasyjnym, a w ka\u017cdy pi\u0105tek Wielkiego Postu na Drog\u0119 Krzy\u017cow\u0105: godz. 16:30 dla dzieci; godz. 17:15 dla doros\u0142ych: godz. 19:00 dla m\u0142odzie\u017cy. PAMI\u0118TAJMY, \u017ce Wielki Post jest tak zwanym \u201eczasem zakazanym\u201d dla wszelkich hucznych wesel, zabaw i dyskotek !!!<\/p>\n<p>&nbsp;<\/p>\n<p>2. Spotkanie dla rodzic\u00f3w dzieci klas IV przygotowuj\u0105cych si\u0119 do ROCZNICY KOMUNII \u015aWI\u0118TEJ odb\u0119dzie si\u0119 na plebanii o godz. 19:00.<\/p>\n<p>\uf0b7 w poniedzia\u0142ek 18 marca br. &#8211; klasy IV a i IV b.<\/p>\n<p>\uf0b7 we wtorek 19 marca br. &#8211; klasa IV c i IV d oraz dzieci z innych szk\u00f3\u0142.<\/p>\n<p>Obecno\u015b\u0107 rodzic\u00f3w obowi\u0105zkowa!<br \/>\n3. W czasie Wielkiego Postu po raz kolejny zapraszamy na Drog\u0119 Krzy\u017cow\u0105 w formie biegu.&nbsp;Temat rozwa\u017ca\u0144: \u201eOWOCE DUCHA \u015aWI\u0118TEGO\u201d. Spotykamy si\u0119 w soboty o 8:00 w Ba\u017cantarni przy muszli koncertowej, po kr\u00f3tkim wprowadzeniu do tematu,<br \/>\nbiegniemy w ciszy spokojnym tempem do kolejnej stacji. Dystans ok. 2 km. Zapraszamy: 23 marca, 30 marca, 6 kwietnia. Przybiegnij, czekamy na Ciebie.<br \/>\n4. We wtorek (19 marca) Uroczysto\u015b\u0107 \u015awi\u0119tego J\u00f3zefa a jednocze\u015bnie dzie\u0144 imienin ks. Biskupa J\u00f3zefa Wysockiego \u2013 Seniora. Pami\u0119tajmy w modlitwach o dostojnym solenizancie. Niech Pan Mu b\u0142ogos\u0142awi i umacnia w dalszej pos\u0142udze dla naszej diecezji. W tym dniu zapraszamy, szczeg\u00f3lnie m\u0119\u017cczyzn naszej parafii, na Msze \u015bw. o godz. 8:00 i 18:00. Po Mszy \u015bw. wieczorowej nabo\u017ce\u0144stwo ku czci \u015bw. J\u00f3zefa. Zapraszamy.<br \/>\n5. IDZIEMY DO KINA na film: \u201eNAJWI\u0118KSZY DAR\u201d Jest to najbardziej oczekiwany film z katolickimi warto\u015bciami ostatnich lat. Jego dystrybucja odbywa si\u0119 ju\u017c w 40 krajach \u015bwiata. W tej hiszpa\u0144sko &#8211; polskiej produkcji zobaczymy najbardziej nieprawdopodobne i po ludzku niemo\u017cliwe historie pojednania i przebaczenia. \u201eNAJWI\u0118KSZY DAR\u201d to ogromna dawka<br \/>\nwzruszenia, ciep\u0142ych emocji i \u2026 du\u017ca porcja humoru. To film z gatunku tych, kt\u00f3re naprawd\u0119 potrafi\u0105 zmieni\u0107 \u017cycie. Gor\u0105co zach\u0119camy do wsp\u00f3lnego wyj\u015bcia jako parafia do Multikina 21 marca br. (czwartek &#8211; pierwszy dzie\u0144 wiosny) na godz. 19:30. Cena biletu 12 z\u0142. Tradycyjnie p\u0142acimy przy wej\u015bciu do kina.<br \/>\n6. Osoby, kt\u00f3re \u015bpiewa\u0142y w minionych latach w czasie Triduum Paschalnego oraz wszystkich ch\u0119tnych prosimy o kontakt z p. Piotrem \u2013 organist\u0105.<br \/>\n7. Pami\u0119tajmy o Skarbonce na Ja\u0142mu\u017cn\u0119 Wielkopostn\u0105 2019. W ten spos\u00f3b w\u0142\u0105czamy si\u0119 w og\u00f3lnopolsk\u0105 akcj\u0119 \u201eDAR JUNIORA DLA SENIORA\u201d.<br \/>\n8. Serdecznie zapraszamy na spotkania Elbl\u0105skiej Szko\u0142y Biblijnej w I p\u00f3\u0142roczu 2019 r. W najbli\u017cszym czasie omawiane b\u0119d\u0105 m.in. biblijne redakcje i interpretacja Dekalogu, Dzieje Apostolskie oraz tematy monograficzne. Spotkania maj\u0105 charakter otwarty i odbywaj\u0105 si\u0119 w wybrane soboty w godz. 9:00-12:00 w auli Wy\u017cszego Seminarium Duchownego w Elbl\u0105gu. Udzia\u0142 w szkole jest bezp\u0142atny. Najbli\u017csze terminy spotka\u0144: 23.03.; 13.04.; 11.05.; 8.06. Zaprasza ks. Marek Karczewski, koordynator szko\u0142y.<br \/>\n9. Tegoroczne Rekolekcje Wielkopostne dla doros\u0142ych rozpoczn\u0105 si\u0119 w IV Niedziel\u0119 Wielkiego Postu tj. 31 marca br. Dzieci i m\u0142odzie\u017c swoje rekolekcje rozpoczynaj\u0105 od \u015brody 27 marca br. Poprowadzi je ks. Arkadiusz Grabowski &#8211; Salezjanin nasz parafianin. Przypominamy, \u017ce w czasie Rekolekcji Msze \u015awi\u0119te z naukami dla doros\u0142ych o godz. 8:00, 11:00, 18;00, 20:00. Uczy\u0144my wszystko, aby wzi\u0105\u0107 w nich udzia\u0142. Pro\u015bmy o potrzebne dary Ducha \u015awi\u0119tego dla ksi\u0119dza Rekolekcjonisty i dla nas, by\u015bmy byli otwarci na g\u0142oszone S\u0142owo.<\/p>\n<p>&nbsp;<\/p>\n<p>10. Przed ko\u015bcio\u0142em mo\u017cna naby\u0107 pras\u0119 katolick\u0105: \u201eGo\u015b\u0107 Niedzielny\u201d w cenie 5 z\u0142.<\/p>\n<p>&nbsp;<\/p>\n<p>&nbsp;<\/p>\n","protected":false},"excerpt":{"rendered":"<p>&nbsp; &nbsp; 1. Wykorzystajmy czas WIELKIEGO POSTU dla naszego wzrostu duchowego poprzez gorliwy i owocny udzia\u0142u w Liturgii Wielkopostnej i w Nabo\u017ce\u0144stwach Pokutnych. Zapraszamy w ka\u017cd\u0105 niedziel\u0119 o godz. 17:15 na Gorzkie \u017bale z kazaniem pasyjnym, a w ka\u017cdy pi\u0105tek Wielkiego Postu na Drog\u0119 Krzy\u017cow\u0105: godz. 16:30 dla dzieci; godz. 17:15 dla doros\u0142ych: godz. 19:00 [&hellip;]<\/p>\n","protected":false},"author":1,"featured_media":2530,"comment_status":"closed","ping_status":"closed","sticky":false,"template":"","format":"standard","meta":{"ngg_post_thumbnail":0,"footnotes":""},"categories":[11,8,3],"tags":[],"class_list":["post-3326","post","type-post","status-publish","format-standard","has-post-thumbnail","hentry","category-aktualnosci","category-blog","category-ogloszenia"],"_links":{"self":[{"href":"https:\/\/rafalk-elblag.pl\/index.php?rest_route=\/wp\/v2\/posts\/3326","targetHints":{"allow":["GET"]}}],"collection":[{"href":"https:\/\/rafalk-elblag.pl\/index.php?rest_route=\/wp\/v2\/posts"}],"about":[{"href":"https:\/\/rafalk-elblag.pl\/index.php?rest_route=\/wp\/v2\/types\/post"}],"author":[{"embeddable":true,"href":"https:\/\/rafalk-elblag.pl\/index.php?rest_route=\/wp\/v2\/users\/1"}],"replies":[{"embeddable":true,"href":"https:\/\/rafalk-elblag.pl\/index.php?rest_route=%2Fwp%2Fv2%2Fcomments&post=3326"}],"version-history":[{"count":1,"href":"https:\/\/rafalk-elblag.pl\/index.php?rest_route=\/wp\/v2\/posts\/3326\/revisions"}],"predecessor-version":[{"id":3327,"href":"https:\/\/rafalk-elblag.pl\/index.php?rest_route=\/wp\/v2\/posts\/3326\/revisions\/3327"}],"wp:featuredmedia":[{"embeddable":true,"href":"https:\/\/rafalk-elblag.pl\/index.php?rest_route=\/wp\/v2\/media\/2530"}],"wp:attachment":[{"href":"https:\/\/rafalk-elblag.pl\/index.php?rest_route=%2Fwp%2Fv2%2Fmedia&parent=3326"}],"wp:term":[{"taxonomy":"category","embeddable":true,"href":"https:\/\/rafalk-elblag.pl\/index.php?rest_route=%2Fwp%2Fv2%2Fcategories&post=3326"},{"taxonomy":"post_tag","embeddable":true,"href":"https:\/\/rafalk-elblag.pl\/index.php?rest_route=%2Fwp%2Fv2%2Ftags&post=3326"}],"curies":[{"name":"wp","href":"https:\/\/api.w.org\/{rel}","templated":true}]}}