{"id":3323,"date":"2019-03-09T12:44:22","date_gmt":"2019-03-09T12:44:22","guid":{"rendered":"http:\/\/rafalk-elblag.pl\/?p=3323"},"modified":"2019-03-09T12:44:22","modified_gmt":"2019-03-09T12:44:22","slug":"intencje-mszalne-i-tydzien-wielkiego-postu-11-17-03-2019","status":"publish","type":"post","link":"https:\/\/rafalk-elblag.pl\/?p=3323","title":{"rendered":"INTENCJE MSZALNE \u2013 I TYDZIE\u0143 WIELKIEGO POSTU (11-17.03. 2019)"},"content":{"rendered":"<p><a href=\"http:\/\/rafalk-elblag.pl\/wp-content\/uploads\/2016\/12\/shutterstock_49643152-1000.jpg\"><img loading=\"lazy\" decoding=\"async\" class=\"alignnone size-full wp-image-2526\" src=\"http:\/\/rafalk-elblag.pl\/wp-content\/uploads\/2016\/12\/shutterstock_49643152-1000.jpg\" alt=\"\" width=\"1000\" height=\"665\" srcset=\"https:\/\/rafalk-elblag.pl\/wp-content\/uploads\/2016\/12\/shutterstock_49643152-1000.jpg 1000w, https:\/\/rafalk-elblag.pl\/wp-content\/uploads\/2016\/12\/shutterstock_49643152-1000-300x200.jpg 300w, https:\/\/rafalk-elblag.pl\/wp-content\/uploads\/2016\/12\/shutterstock_49643152-1000-768x511.jpg 768w\" sizes=\"auto, (max-width: 1000px) 100vw, 1000px\" \/><\/a><\/p>\n<p>&nbsp;<\/p>\n<p><strong><span style=\"color: #800080;\">11 marca PONIEDZIA\u0141EK<\/span><\/strong>&nbsp; &nbsp; &nbsp; &nbsp; &nbsp; &nbsp; &nbsp; &nbsp; &nbsp; &nbsp; &nbsp; &nbsp; &nbsp; &nbsp; &nbsp; &nbsp; &nbsp; &nbsp; &nbsp; &nbsp; &nbsp; Mt 25, 31-46<\/p>\n<p>8:00 \u015ap. El\u017cbieta Kisielewska<\/p>\n<p>18:00 \u015ap. Klemens Jurkiewicz<\/p>\n<p>18:00 \u015ap. Krzysztof Zgliczy\u0144ski (13 greg)<\/p>\n<p>18:00 \u015ap. Halina Kostkiewicz (1 rocz. \u015bm)<\/p>\n<p>&nbsp;<\/p>\n<p><strong><span style=\"color: #800080;\">12 marca WTOREK<\/span><\/strong>&nbsp; &nbsp; &nbsp; &nbsp; &nbsp; &nbsp; &nbsp; &nbsp; &nbsp; &nbsp; &nbsp; &nbsp; &nbsp; &nbsp; &nbsp; &nbsp; &nbsp; &nbsp; &nbsp; &nbsp; &nbsp; &nbsp; &nbsp; &nbsp; &nbsp; &nbsp; &nbsp;Mt 6, 7-15<\/p>\n<p>8:00 \u015ap. Krzysztof Zgliczy\u0144ski (14 greg)<\/p>\n<p>18:00 \u015ap. Sabina Sonnak, Stanis\u0142aw (3 rocz. \u015bm), zmar\u0142ych dziadk\u00f3w z obojga stron<\/p>\n<p>18.00 W intencji siostry zakonnej Matei Ku\u015bniewskiej z pro\u015bb\u0105 o Bo\u017ce b\u0142ogos\u0142awie\u0144stwo, potrzebne \u0142aski i opiek\u0119 Matki Bo\u017cej dla niej i wsp\u00f3lnoty zakonnej w kt\u00f3rej pos\u0142uguje<\/p>\n<p>&nbsp;<\/p>\n<p><strong><span style=\"color: #800080;\">13 marca \u015aRODA<\/span><\/strong>&nbsp; &nbsp; &nbsp; &nbsp; &nbsp; &nbsp; &nbsp; &nbsp; &nbsp; &nbsp; &nbsp; &nbsp; &nbsp; &nbsp; &nbsp; &nbsp; &nbsp; &nbsp; &nbsp; &nbsp; &nbsp; &nbsp; &nbsp; &nbsp; &nbsp; &nbsp; &nbsp; &nbsp; &nbsp;\u0141k 11, 29-32<\/p>\n<p>8:00 \u015ap. Krystyna Durma<\/p>\n<p><em>17:30 Nabo\u017ce\u0144stwo ku czci Matki Bo\u017cej Nieustaj\u0105cej Pomocy<\/em><\/p>\n<p>18:00 \u015ap. Jolanta Kowalczyk, Danuta i Zygmunt Janiak<\/p>\n<p>18:00 \u015ap. Krzysztof Zgliczy\u0144ski (15 greg)<\/p>\n<p>&nbsp;<\/p>\n<p><strong><span style=\"color: #800080;\">14 marca CZWARTEK<\/span><\/strong>&nbsp; &nbsp; &nbsp; &nbsp; &nbsp; &nbsp; &nbsp; &nbsp; &nbsp; &nbsp; &nbsp; &nbsp; &nbsp; &nbsp; &nbsp; &nbsp; &nbsp; &nbsp; &nbsp; &nbsp; &nbsp; &nbsp; &nbsp; &nbsp; &nbsp;Mt 7, 7-12<\/p>\n<p>8:00 \u015ap. Krzysztof Zgliczy\u0144ski (16 greg)<\/p>\n<p>18:00 \u015ap. Hubert Sartanowicz (2 miesi\u0105c po pogrzebie)<\/p>\n<p>18:00 Dzi\u0119kczynna za szcz\u0119\u015bliwe urodzenie c\u00f3reczki Hani z pro\u015bb\u0105 o Bo\u017ce b\u0142ogos\u0142awie\u0144stwo, wszelkie \u0142aski i opiek\u0119 Matki Bo\u017cej dla ca\u0142ej rodziny<\/p>\n<p>&nbsp;<\/p>\n<p><strong><span style=\"color: #800080;\">15 marca PI\u0104TEK&nbsp; &nbsp;<\/span> <\/strong>&nbsp; &nbsp; &nbsp; &nbsp; &nbsp; &nbsp; &nbsp; &nbsp; &nbsp; &nbsp; &nbsp; &nbsp; &nbsp; &nbsp; &nbsp; &nbsp; &nbsp; &nbsp; &nbsp; &nbsp; &nbsp; &nbsp; &nbsp; &nbsp; &nbsp; &nbsp; &nbsp;Mt 5, 20-26<\/p>\n<p>8:00 Dzi\u0119kczynna za 65 lat \u017cycia Danuty Rogalskiej z pro\u015bb\u0105 o Bo\u017ce b\u0142ogos\u0142awie\u0144stwo, zdrowie i opiek\u0119 Matki Bo\u017cej<\/p>\n<p>18:00 \u015ap. Franciszek Sie\u0144kowski, Franciszka i Kazimierz Smolicz oraz zm. z rodziny Janeckich<\/p>\n<p>18:00 \u015ap. Krzysztof Zgliczy\u0144ski (17 greg)<\/p>\n<p>&nbsp;<\/p>\n<p><strong><span style=\"color: #800080;\">16 marca SOBOTA&nbsp;<\/span><\/strong> &nbsp; &nbsp; &nbsp; &nbsp; &nbsp; &nbsp; &nbsp; &nbsp; &nbsp; &nbsp; &nbsp; &nbsp; &nbsp; &nbsp; &nbsp; &nbsp; &nbsp; &nbsp; &nbsp; &nbsp; &nbsp; &nbsp; &nbsp; &nbsp; &nbsp; &nbsp; &nbsp;Mt 5, 43-48<\/p>\n<p>8:00 \u015ap. \u015ap. Krzysztof Zgliczy\u0144ski (18 greg)<\/p>\n<p>18:00 \u015ap. Jerzy, Natalia, Stefania, Bazyli<\/p>\n<p>18:00 W intencji Rodziny Karmelita\u0144skiej i Bractwa Szkaplerznego<\/p>\n<p>&nbsp;<\/p>\n<p>&nbsp;<\/p>\n<h3><strong><span style=\"color: #800080;\">17 marca DRUGA NIEDZIELA WIELKIEGO POSTU<\/span><\/strong> \u0141k 9, 28b-36<\/h3>\n<p>7:00 \u015ap. Cyryla i Stanis\u0142aw Kieza<\/p>\n<p>9:00 \u015ap. Jan i Weronika Kijuc w kolejn\u0105 rocznic\u0119 \u015bmierci<\/p>\n<p>9:00 \u015ap. Mieczys\u0142aw Kr\u00f3lak (3 rocz. \u015bm)<\/p>\n<p>10:30 Dzi\u0119kczynna w 7 urodziny Adasia z pro\u015bb\u0105 o zdrowie, Bo\u017ce b\u0142ogos\u0142awie\u0144stwo i potrzebne \u0142aski oraz opiek\u0119 Matki Bo\u017cej<\/p>\n<p><strong><span style=\"color: #800080;\">12:00 Za parafian<\/span><\/strong><\/p>\n<p>15:00 \u015ap. Janina Wielesik (1 rocz. \u015bm)<\/p>\n<p>18:00 \u015ap. Krzysztof Zgliczy\u0144ski (19 greg)<\/p>\n<p>&nbsp;<\/p>\n<p>&nbsp;<\/p>\n<p>&nbsp;<\/p>\n","protected":false},"excerpt":{"rendered":"<p>&nbsp; 11 marca PONIEDZIA\u0141EK&nbsp; &nbsp; &nbsp; &nbsp; &nbsp; &nbsp; &nbsp; &nbsp; &nbsp; &nbsp; &nbsp; &nbsp; &nbsp; &nbsp; &nbsp; &nbsp; &nbsp; &nbsp; &nbsp; &nbsp; &nbsp; Mt 25, 31-46 8:00 \u015ap. El\u017cbieta Kisielewska 18:00 \u015ap. Klemens Jurkiewicz 18:00 \u015ap. Krzysztof Zgliczy\u0144ski (13 greg) 18:00 \u015ap. Halina Kostkiewicz (1 rocz. \u015bm) &nbsp; 12 marca WTOREK&nbsp; &nbsp; &nbsp; &nbsp; [&hellip;]<\/p>\n","protected":false},"author":1,"featured_media":2526,"comment_status":"closed","ping_status":"closed","sticky":false,"template":"","format":"standard","meta":{"ngg_post_thumbnail":0,"footnotes":""},"categories":[11,8,4],"tags":[],"class_list":["post-3323","post","type-post","status-publish","format-standard","has-post-thumbnail","hentry","category-aktualnosci","category-blog","category-intencje"],"_links":{"self":[{"href":"https:\/\/rafalk-elblag.pl\/index.php?rest_route=\/wp\/v2\/posts\/3323","targetHints":{"allow":["GET"]}}],"collection":[{"href":"https:\/\/rafalk-elblag.pl\/index.php?rest_route=\/wp\/v2\/posts"}],"about":[{"href":"https:\/\/rafalk-elblag.pl\/index.php?rest_route=\/wp\/v2\/types\/post"}],"author":[{"embeddable":true,"href":"https:\/\/rafalk-elblag.pl\/index.php?rest_route=\/wp\/v2\/users\/1"}],"replies":[{"embeddable":true,"href":"https:\/\/rafalk-elblag.pl\/index.php?rest_route=%2Fwp%2Fv2%2Fcomments&post=3323"}],"version-history":[{"count":1,"href":"https:\/\/rafalk-elblag.pl\/index.php?rest_route=\/wp\/v2\/posts\/3323\/revisions"}],"predecessor-version":[{"id":3324,"href":"https:\/\/rafalk-elblag.pl\/index.php?rest_route=\/wp\/v2\/posts\/3323\/revisions\/3324"}],"wp:featuredmedia":[{"embeddable":true,"href":"https:\/\/rafalk-elblag.pl\/index.php?rest_route=\/wp\/v2\/media\/2526"}],"wp:attachment":[{"href":"https:\/\/rafalk-elblag.pl\/index.php?rest_route=%2Fwp%2Fv2%2Fmedia&parent=3323"}],"wp:term":[{"taxonomy":"category","embeddable":true,"href":"https:\/\/rafalk-elblag.pl\/index.php?rest_route=%2Fwp%2Fv2%2Fcategories&post=3323"},{"taxonomy":"post_tag","embeddable":true,"href":"https:\/\/rafalk-elblag.pl\/index.php?rest_route=%2Fwp%2Fv2%2Ftags&post=3323"}],"curies":[{"name":"wp","href":"https:\/\/api.w.org\/{rel}","templated":true}]}}