{"id":3321,"date":"2019-03-09T12:38:24","date_gmt":"2019-03-09T12:38:24","guid":{"rendered":"http:\/\/rafalk-elblag.pl\/?p=3321"},"modified":"2019-03-09T12:38:24","modified_gmt":"2019-03-09T12:38:24","slug":"ogloszenia-parafialne-i-niedziela-wielkiego-postu-10-03-2019","status":"publish","type":"post","link":"https:\/\/rafalk-elblag.pl\/?p=3321","title":{"rendered":"OG\u0141OSZENIA PARAFIALNE \u2013 I NIEDZIELA WIELKIEGO POSTU 10.03.2019"},"content":{"rendered":"<p><a href=\"http:\/\/rafalk-elblag.pl\/wp-content\/uploads\/2016\/12\/pulpit.jpg\"><img loading=\"lazy\" decoding=\"async\" class=\"alignnone size-large wp-image-2530\" src=\"http:\/\/rafalk-elblag.pl\/wp-content\/uploads\/2016\/12\/pulpit-1024x682.jpg\" alt=\"\" width=\"900\" height=\"599\" srcset=\"https:\/\/rafalk-elblag.pl\/wp-content\/uploads\/2016\/12\/pulpit-1024x682.jpg 1024w, https:\/\/rafalk-elblag.pl\/wp-content\/uploads\/2016\/12\/pulpit-300x200.jpg 300w, https:\/\/rafalk-elblag.pl\/wp-content\/uploads\/2016\/12\/pulpit-768x512.jpg 768w, https:\/\/rafalk-elblag.pl\/wp-content\/uploads\/2016\/12\/pulpit.jpg 1698w\" sizes=\"auto, (max-width: 900px) 100vw, 900px\" \/><\/a><\/p>\n<p>&nbsp;<\/p>\n<p>1. Dzisiaj w Biuletynie Parafialnym znajdziemy Skarbonk\u0119 na Ja\u0142mu\u017cn\u0119 Wielkopostn\u0105 2019. W ten spos\u00f3b w\u0142\u0105czamy si\u0119 w og\u00f3lnopolsk\u0105 akcj\u0119 \u201eDAR JUNIORA DLA SENIORA\u201d. Zrezygnuj w Wielkim Po\u015bcie z jakie\u015b przyjemno\u015bci i z\u0142\u00f3\u017c ofiar\u0119 do skarbonki. Tw\u00f3j dar pomo\u017ce osobom starszym. Akcja ta wszystkich nas uczy ofiarno\u015bci tj. dzieci, m\u0142odzie\u017c i doros\u0142ych. Ja\u0142mu\u017cn\u0119 wielkopostn\u0105 przyniesiemy do ko\u015bcio\u0142a w Niedziel\u0119 Bo\u017cego Mi\u0142osierdzia, tj. 28 kwietnia 2019 r<\/p>\n<p>&nbsp;<\/p>\n<p>2. Wykorzystajmy czas WIELKIEGO POSTU dla naszego wzrostu duchowego poprzez gorliwy i owocny udzia\u0142u w Liturgii Wielkopostnej i w Nabo\u017ce\u0144stwach Pokutnych. Zapraszamy w ka\u017cd\u0105 niedziel\u0119 o godz. 17:15 na Gorzkie \u017bale z kazaniem pasyjnym, a w ka\u017cdy pi\u0105tek Wielkiego Postu na Drog\u0119 Krzy\u017cow\u0105: godz. 16:30 dla dzieci; godz. 17:15 dla doros\u0142ych; godz. 19:00 dla m\u0142odzie\u017cy. PAMI\u0118TAJMY, \u017ce Wielki Post jest tak zwanym \u201eczasem zakazanym\u201d dla wszelkich hucznych wesel, zabaw i<br \/>\ndyskotek !!!<\/p>\n<p>&nbsp;<\/p>\n<p>3. W Wielkim Po\u015bcie zapraszamy parafian w ka\u017cd\u0105 niedziel\u0119 o godz. 8:40 na \u015bpiewanie GODZINEK KU CZCI M\u0118KI PA\u0143SKIEJ.<\/p>\n<p>&nbsp;<\/p>\n<p>4. Wsp\u00f3lnota Arka Rodzin dzisiaj przed Msz\u0105 \u015bw. o godz. 10:30 zbiera u\u017cywane ksi\u0105\u017cki dla dzieci. Zostan\u0105 one przekazane do szpitala na oddzia\u0142 dzieci\u0119cy.<\/p>\n<p>&nbsp;<\/p>\n<p>5. W czasie Wielkiego Postu po raz kolejny zapraszamy na Drog\u0119 Krzy\u017cow\u0105 w formie biegu.&nbsp;Temat rozwa\u017ca\u0144: \u201eOWOCE DUCHA \u015aWI\u0118TEGO\u201d. Spotykamy si\u0119 w soboty o 8:00 w Ba\u017cantarni przy muszli koncertowej, po kr\u00f3tkim wprowadzeniu do tematu,<br \/>\nbiegniemy w ciszy spokojnym tempem do kolejnej stacji. Dystans ok. 2 km. Zapraszamy: 16 marca, 23 marca, 30 marca, 6 kwietnia. Przybiegnij, czekamy na Ciebie.<\/p>\n<p>&nbsp;<\/p>\n<p>6. PRZYPOMINAMY!!! Spotkania Kr\u0119gu Biblijnego odbywaj\u0105 si\u0119 w ka\u017cd\u0105 II i IV \u015brod\u0119 miesi\u0105ca. Najbli\u017csze spotkanie ju\u017c w \u015brod\u0119 \u2013 13 marca o godz. 19:00 w salce na plebanii. Ks. dr \u0141ukasz Garbacki serdecznie zaprasza.<\/p>\n<p>&nbsp;<\/p>\n<p>7. W najbli\u017csz\u0105 sobot\u0119 16 marca br. w naszej parafii odb\u0119dzie si\u0119 Czuwanie M\u0142odzie\u017cy Diecezji Elbl\u0105skiej. Czuwanie rozpocznie si\u0119 o godz. 20:00 i potrwa do oko\u0142o godz. 24:00. Zwracamy si\u0119 z pro\u015bb\u0105 o pomoc w przygotowaniu posi\u0142ku w czasie czuwania. Osoby pragn\u0105ce w\u0142\u0105czy\u0107 si\u0119 w to dzie\u0142o prosimy o kontakt z ks. Marcinem (mile widziane ciasta, sa\u0142atki, kanapki). Zapraszamy na to wydarzenie wszystkich kandydat\u00f3w do bierzmowania.<\/p>\n<p>&nbsp;<\/p>\n<p>8. Osoby doros\u0142e, kt\u00f3re pragn\u0105 przygotowa\u0107 si\u0119 do Sakramentu Bierzmowania prosimy o kontakt z ks. Marcinem.<\/p>\n<p>&nbsp;<\/p>\n<p>9. Osoby, kt\u00f3re \u015bpiewa\u0142y w minionych latach w czasie Triduum Paschalnego oraz wszystkich ch\u0119tnych prosimy o kontakt z p. Piotrem \u2013 organist\u0105.<\/p>\n<p>&nbsp;<\/p>\n<p>10. Domowy Ko\u015bci\u00f3\u0142 zaprasza na Rejonowy Dzie\u0144 Wsp\u00f3lnoty 16 marca br. do parafii Tr\u00f3jcy \u015awi\u0119tej w Elbl\u0105gu ul. Kielecka. Rozpoczynamy o godz. 15:00.<\/p>\n<p>&nbsp;<\/p>\n<p>11. W sobot\u0119 16 marca dzie\u0144 modlitw za RODZINY KARMELITA\u0143SKIEJ czyli os\u00f3b nosz\u0105cych Szkaplerz \u015awi\u0119ty. Zapraszamy wszystkich na Msz\u0119 \u015bw. o godz. 18:00 z kolejn\u0105 katechez\u0105 o \u015bw. J\u00f3zefie, a szczeg\u00f3lnie pragn\u0105cych w\u0142\u0105czy\u0107 si\u0119 do tej wsp\u00f3lnoty.<br \/>\n12. Tegoroczne Rekolekcje Wielkopostne dla doros\u0142ych rozpoczn\u0105 si\u0119 w IV Niedziel\u0119 Wielkiego Postu tj. 31 marca br. Dzieci i m\u0142odzie\u017c swoje rekolekcje rozpoczynaj\u0105 od \u015brody 27 marca br. Poprowadzi je ks. Arkadiusz Grabowski &#8211; Salezjanin nasz parafianin. Przypominamy, \u017ce w poniedzia\u0142ek, wtorek i w \u015brod\u0119 Msze \u015awi\u0119te z naukami dla doros\u0142ych o godz. 8:00, 11:00, 18;00, 20:00. Uczy\u0144my wszystko, aby wzi\u0105\u0107 w nich udzia\u0142. Pro\u015bmy o potrzebne dary Ducha \u015awi\u0119tego dla ksi\u0119dza Rekolekcjonisty i dla nas, by\u015bmy byli otwarci na g\u0142oszone S\u0142owo.<\/p>\n<p>&nbsp;<\/p>\n<p>13. Przed ko\u015bcio\u0142em mo\u017cna naby\u0107 pras\u0119 katolick\u0105: \u201eGo\u015b\u0107 Niedzielny\u201d w cenie 5 z\u0142.<\/p>\n<p>&nbsp;<\/p>\n<p>&nbsp;<\/p>\n","protected":false},"excerpt":{"rendered":"<p>&nbsp; 1. Dzisiaj w Biuletynie Parafialnym znajdziemy Skarbonk\u0119 na Ja\u0142mu\u017cn\u0119 Wielkopostn\u0105 2019. W ten spos\u00f3b w\u0142\u0105czamy si\u0119 w og\u00f3lnopolsk\u0105 akcj\u0119 \u201eDAR JUNIORA DLA SENIORA\u201d. Zrezygnuj w Wielkim Po\u015bcie z jakie\u015b przyjemno\u015bci i z\u0142\u00f3\u017c ofiar\u0119 do skarbonki. Tw\u00f3j dar pomo\u017ce osobom starszym. Akcja ta wszystkich nas uczy ofiarno\u015bci tj. dzieci, m\u0142odzie\u017c i doros\u0142ych. Ja\u0142mu\u017cn\u0119 wielkopostn\u0105 przyniesiemy [&hellip;]<\/p>\n","protected":false},"author":1,"featured_media":2530,"comment_status":"closed","ping_status":"closed","sticky":false,"template":"","format":"standard","meta":{"ngg_post_thumbnail":0,"footnotes":""},"categories":[11,8,3],"tags":[],"class_list":["post-3321","post","type-post","status-publish","format-standard","has-post-thumbnail","hentry","category-aktualnosci","category-blog","category-ogloszenia"],"_links":{"self":[{"href":"https:\/\/rafalk-elblag.pl\/index.php?rest_route=\/wp\/v2\/posts\/3321","targetHints":{"allow":["GET"]}}],"collection":[{"href":"https:\/\/rafalk-elblag.pl\/index.php?rest_route=\/wp\/v2\/posts"}],"about":[{"href":"https:\/\/rafalk-elblag.pl\/index.php?rest_route=\/wp\/v2\/types\/post"}],"author":[{"embeddable":true,"href":"https:\/\/rafalk-elblag.pl\/index.php?rest_route=\/wp\/v2\/users\/1"}],"replies":[{"embeddable":true,"href":"https:\/\/rafalk-elblag.pl\/index.php?rest_route=%2Fwp%2Fv2%2Fcomments&post=3321"}],"version-history":[{"count":1,"href":"https:\/\/rafalk-elblag.pl\/index.php?rest_route=\/wp\/v2\/posts\/3321\/revisions"}],"predecessor-version":[{"id":3322,"href":"https:\/\/rafalk-elblag.pl\/index.php?rest_route=\/wp\/v2\/posts\/3321\/revisions\/3322"}],"wp:featuredmedia":[{"embeddable":true,"href":"https:\/\/rafalk-elblag.pl\/index.php?rest_route=\/wp\/v2\/media\/2530"}],"wp:attachment":[{"href":"https:\/\/rafalk-elblag.pl\/index.php?rest_route=%2Fwp%2Fv2%2Fmedia&parent=3321"}],"wp:term":[{"taxonomy":"category","embeddable":true,"href":"https:\/\/rafalk-elblag.pl\/index.php?rest_route=%2Fwp%2Fv2%2Fcategories&post=3321"},{"taxonomy":"post_tag","embeddable":true,"href":"https:\/\/rafalk-elblag.pl\/index.php?rest_route=%2Fwp%2Fv2%2Ftags&post=3321"}],"curies":[{"name":"wp","href":"https:\/\/api.w.org\/{rel}","templated":true}]}}