{"id":3319,"date":"2019-03-02T21:35:51","date_gmt":"2019-03-02T21:35:51","guid":{"rendered":"http:\/\/rafalk-elblag.pl\/?p=3319"},"modified":"2019-03-02T21:35:51","modified_gmt":"2019-03-02T21:35:51","slug":"intencje-mszalne-viii-tydzien-zwykly-4-10-03-2019","status":"publish","type":"post","link":"https:\/\/rafalk-elblag.pl\/?p=3319","title":{"rendered":"INTENCJE MSZALNE \u2013 VIII TYDZIE\u0143 ZWYK\u0141Y (4-10.03. 2019)"},"content":{"rendered":"<p><a href=\"http:\/\/rafalk-elblag.pl\/wp-content\/uploads\/2016\/12\/shutterstock_49643152-1000.jpg\"><img loading=\"lazy\" decoding=\"async\" class=\"alignnone size-full wp-image-2526\" src=\"http:\/\/rafalk-elblag.pl\/wp-content\/uploads\/2016\/12\/shutterstock_49643152-1000.jpg\" alt=\"\" width=\"1000\" height=\"665\" srcset=\"https:\/\/rafalk-elblag.pl\/wp-content\/uploads\/2016\/12\/shutterstock_49643152-1000.jpg 1000w, https:\/\/rafalk-elblag.pl\/wp-content\/uploads\/2016\/12\/shutterstock_49643152-1000-300x200.jpg 300w, https:\/\/rafalk-elblag.pl\/wp-content\/uploads\/2016\/12\/shutterstock_49643152-1000-768x511.jpg 768w\" sizes=\"auto, (max-width: 1000px) 100vw, 1000px\" \/><\/a><\/p>\n<p>&nbsp;<\/p>\n<p><span style=\"color: #800080;\"><strong>4 marca PONIEDZIA\u0141EK<\/strong><\/span><br \/>\n<span style=\"color: #800080;\"><strong>\u015awi\u0119to \u015bw. Kazimierza, kr\u00f3lewicza&nbsp;<\/strong> <\/span>&nbsp; &nbsp; &nbsp; &nbsp; &nbsp; &nbsp; &nbsp; &nbsp; &nbsp; &nbsp; &nbsp; &nbsp; &nbsp; &nbsp; &nbsp; &nbsp;J 15, 9-17<\/p>\n<p>8:00 \u015ap. Kazimiera Zembrzycka w dniu imienin<\/p>\n<p>18:00 \u015ap. Kazimiera Waszak w dniu imienin, W\u0142adys\u0142aw Waszak w dniu urodzin<\/p>\n<p>18:00 \u015ap. Krzysztof Zgliczy\u0144ski (6 greg)<\/p>\n<p>&nbsp;<\/p>\n<p><span style=\"color: #008000;\"><span style=\"color: #ff6600;\"><strong>5 marca WTOREK&nbsp;<\/strong> <\/span>&nbsp; &nbsp;<\/span> &nbsp; &nbsp; &nbsp; &nbsp; &nbsp; &nbsp; &nbsp; &nbsp; &nbsp; &nbsp; &nbsp; &nbsp; &nbsp; &nbsp; &nbsp; &nbsp; &nbsp; &nbsp; &nbsp; &nbsp; &nbsp; &nbsp; &nbsp; &nbsp; &nbsp; &nbsp; &nbsp; &nbsp; &nbsp;Mk 10, 28-31<\/p>\n<p>8:00 \u015ap. Krzysztof Zgliczy\u0144ski (7 greg)<\/p>\n<p>18:00 \u015ap. Rodzic\u00f3w: Bronis\u0142awa (16 rocz. \u015bm) i Wac\u0142aw (36 rocz. \u015bm) G\u0105sior, Kazimierz<\/p>\n<p>18.00 Dzi\u0119kczynna za prze\u017cyte 70 lat Anny Komuda z pro\u015bb\u0105 o Bo\u017ce b\u0142ogos\u0142awie\u0144stwo, potrzebne \u0142aski i opiek\u0119 Matki Bo\u017cej na kolejne lata<\/p>\n<p>&nbsp;<\/p>\n<p><span style=\"color: #800080;\"><strong>6 marca \u015aRODA<\/strong><\/span><br \/>\n<span style=\"color: #800080;\"><strong>\u015aroda popielcowa&nbsp;<\/strong><\/span> &nbsp; &nbsp; &nbsp; &nbsp; &nbsp; &nbsp; &nbsp; &nbsp; &nbsp; &nbsp; &nbsp; &nbsp; &nbsp; &nbsp; &nbsp; &nbsp; &nbsp; &nbsp; &nbsp; &nbsp; &nbsp; &nbsp; &nbsp; &nbsp; &nbsp; &nbsp; &nbsp; &nbsp; &nbsp; &nbsp; Mt 6, 1-6. 16-18<\/p>\n<p>8:00 \u015ap. Andrzej Jankowski (1 rocz. \u015bm)<\/p>\n<p>11:00 Dzi\u0119kczynna za ksi\u0119dza Rekolekcjonist\u0119, z pro\u015bb\u0105 o Bo\u017ce b\u0142ogos\u0142awie\u0144stwo, wszelkie \u0142aski, \u015bwiat\u0142o Ducha \u015bwi\u0119tego w ewangelizacji i g\u0142oszenia S\u0142owa Bo\u017cego<\/p>\n<p>16.30 \u015ap. Marek Piechowicz (30 dz.p.p.)<\/p>\n<p>18:00 \u015ap. Jan Walendowski (20 rocz. \u015bm) i zm. z rodz. Walendowskich, Bachorskich i Niecieckich, Falent\u00f3w<\/p>\n<p>18:00 \u015ap. Krzysztof Zgliczy\u0144ski (8 greg)<\/p>\n<p>20.00 Za rodzic\u00f3w: J\u00f3zef (21 rocz. \u015bm) i Weronika Druszkowscy, Ks. Robert Druszkowski (1 rocz. \u015bm)<\/p>\n<p>&nbsp;<\/p>\n<p><span style=\"color: #ff6600;\"><strong>7 marca CZWARTEK<\/strong><\/span><br \/>\n<span style=\"color: #ff6600;\"><strong>Pierwszy czwartek miesi\u0105ca&nbsp; &nbsp; &nbsp; &nbsp; &nbsp; &nbsp; &nbsp; &nbsp; &nbsp; &nbsp; &nbsp; &nbsp; &nbsp; &nbsp; &nbsp; &nbsp; &nbsp; &nbsp; &nbsp; &nbsp; &nbsp; &nbsp;<\/strong><span style=\"color: #000000;\"> \u0141k 9, 22-25<\/span><\/span><\/p>\n<p>8:00 \u015ap. Henryk<\/p>\n<p>18:00 \u015ap. Krzysztof Zgliczy\u0144ski (9 greg)<br \/>\n18:00 \u015ap. Teresa Wikli\u0144ska (1 rocz. \u015bm)<\/p>\n<p><span style=\"color: #ff6600;\"><em>19.00 Godzina \u015bwi\u0119ta w intencji powo\u0142a\u0144<\/em><\/span><\/p>\n<p>&nbsp;<\/p>\n<p><span style=\"color: #800080;\"><strong>8 marca PI\u0104TEK&nbsp;<\/strong> <\/span>&nbsp; &nbsp; &nbsp; &nbsp; &nbsp; &nbsp; &nbsp; &nbsp; &nbsp; &nbsp; &nbsp; &nbsp; &nbsp; &nbsp; &nbsp; &nbsp; &nbsp; &nbsp; &nbsp; &nbsp; &nbsp; &nbsp; &nbsp; &nbsp; &nbsp; &nbsp; &nbsp; &nbsp; &nbsp; &nbsp; &nbsp; Mt 9, 14-15<\/p>\n<p>8:00 \u015ap. J\u00f3zef (20 rocz. \u015bm) i Kazimiera (9 rocz. \u015bm) Jaworscy<\/p>\n<p>18:00 \u015ap. Wiktor Wrona (1 rocz. \u015bm)<br \/>\n18:00 \u015ap. Krzysztof Zgliczy\u0144ski (10 greg)<\/p>\n<p>&nbsp;<\/p>\n<p><span style=\"color: #ff6600;\"><strong>9 marca SOBOTA<\/strong><\/span>&nbsp; &nbsp; &nbsp; &nbsp; &nbsp; &nbsp; &nbsp; &nbsp; &nbsp; &nbsp; &nbsp; &nbsp; &nbsp; &nbsp; &nbsp; &nbsp; &nbsp; &nbsp; &nbsp; &nbsp; &nbsp; &nbsp; &nbsp; &nbsp; &nbsp; &nbsp; &nbsp; &nbsp; &nbsp; &nbsp; &nbsp; \u0141k 5, 27-32<\/p>\n<p>8:00 \u015ap. \u015ap. Krzysztof Zgliczy\u0144ski (11 greg)<\/p>\n<p>18:00 \u015ap. Henryk Szczepkowski (4 rocz. \u015bm)<br \/>\n18:00 Intencja wolna<\/p>\n<p>&nbsp;<\/p>\n<p><span style=\"color: #800080;\"><strong>10 marca PIERWSZA NIEDZIELA WIELKIEGO POSTU<\/strong><\/span> \u0141k 4, 1-13<\/p>\n<p>7:00 O Bo\u017ce b\u0142ogos\u0142awi\u0144stwo, otwarto\u015b\u0107 i si\u0142\u0119 we wprowadzeniu w \u017cycie wszelkich \u0142ask dla Nikodema i jego rodziny, Agnieszki i ca\u0142ej rodziny zakonnej oraz Magdaleny i Macieja<\/p>\n<p>9:00 \u015ap. Bronis\u0142aw (18 rocz. \u015bm), Wiktoria Janicka,Wiktoria, Jan, Halina Szcz\u0119snych, Marta i Antoni Janiccy, Hermenegilda Molga<\/p>\n<p>9:00 Dzi\u0119kczynna z okazji 98 roczmicy urodzin Ewy Furowicz z pro\u015bb\u0105 o Bo\u017ce b\u0142ogos\u0142awie\u0144stwo, zdrowie i opiek\u0119 Matki Bo\u017cej<\/p>\n<p>10:30 \u015ap. Emilia Hry\u0144, Stanis\u0142awa Hry\u0144<\/p>\n<p><span style=\"color: #800080;\">12:00 Za parafian<\/span><\/p>\n<p>15:00 Dzi\u0119kczynna z okazji 40 urodzin c\u00f3rki Anety z pro\u015bb\u0105 o Bo\u017ce b\u0142ogos\u0142awie\u0144stwo, wszelkie \u0142aski, uzdrowienie z choroby nowotworowej i opiek\u0119 Marki Bo\u017cej na ka\u017cdy dzie\u0144<\/p>\n<p>18:00 \u015ap. Krzysztof Zgliczy\u0144ski (12 greg)<\/p>\n<p>&nbsp;<\/p>\n<p>&nbsp;<\/p>\n<p>&nbsp;<\/p>\n<p>&nbsp;<\/p>\n","protected":false},"excerpt":{"rendered":"<p>&nbsp; 4 marca PONIEDZIA\u0141EK \u015awi\u0119to \u015bw. Kazimierza, kr\u00f3lewicza&nbsp; &nbsp; &nbsp; &nbsp; &nbsp; &nbsp; &nbsp; &nbsp; &nbsp; &nbsp; &nbsp; &nbsp; &nbsp; &nbsp; &nbsp; &nbsp; &nbsp;J 15, 9-17 8:00 \u015ap. Kazimiera Zembrzycka w dniu imienin 18:00 \u015ap. Kazimiera Waszak w dniu imienin, W\u0142adys\u0142aw Waszak w dniu urodzin 18:00 \u015ap. Krzysztof Zgliczy\u0144ski (6 greg) &nbsp; 5 marca WTOREK&nbsp; [&hellip;]<\/p>\n","protected":false},"author":1,"featured_media":2526,"comment_status":"closed","ping_status":"closed","sticky":false,"template":"","format":"standard","meta":{"ngg_post_thumbnail":0,"footnotes":""},"categories":[11,8,4],"tags":[],"class_list":["post-3319","post","type-post","status-publish","format-standard","has-post-thumbnail","hentry","category-aktualnosci","category-blog","category-intencje"],"_links":{"self":[{"href":"https:\/\/rafalk-elblag.pl\/index.php?rest_route=\/wp\/v2\/posts\/3319","targetHints":{"allow":["GET"]}}],"collection":[{"href":"https:\/\/rafalk-elblag.pl\/index.php?rest_route=\/wp\/v2\/posts"}],"about":[{"href":"https:\/\/rafalk-elblag.pl\/index.php?rest_route=\/wp\/v2\/types\/post"}],"author":[{"embeddable":true,"href":"https:\/\/rafalk-elblag.pl\/index.php?rest_route=\/wp\/v2\/users\/1"}],"replies":[{"embeddable":true,"href":"https:\/\/rafalk-elblag.pl\/index.php?rest_route=%2Fwp%2Fv2%2Fcomments&post=3319"}],"version-history":[{"count":1,"href":"https:\/\/rafalk-elblag.pl\/index.php?rest_route=\/wp\/v2\/posts\/3319\/revisions"}],"predecessor-version":[{"id":3320,"href":"https:\/\/rafalk-elblag.pl\/index.php?rest_route=\/wp\/v2\/posts\/3319\/revisions\/3320"}],"wp:featuredmedia":[{"embeddable":true,"href":"https:\/\/rafalk-elblag.pl\/index.php?rest_route=\/wp\/v2\/media\/2526"}],"wp:attachment":[{"href":"https:\/\/rafalk-elblag.pl\/index.php?rest_route=%2Fwp%2Fv2%2Fmedia&parent=3319"}],"wp:term":[{"taxonomy":"category","embeddable":true,"href":"https:\/\/rafalk-elblag.pl\/index.php?rest_route=%2Fwp%2Fv2%2Fcategories&post=3319"},{"taxonomy":"post_tag","embeddable":true,"href":"https:\/\/rafalk-elblag.pl\/index.php?rest_route=%2Fwp%2Fv2%2Ftags&post=3319"}],"curies":[{"name":"wp","href":"https:\/\/api.w.org\/{rel}","templated":true}]}}