{"id":3317,"date":"2019-03-02T21:26:53","date_gmt":"2019-03-02T21:26:53","guid":{"rendered":"http:\/\/rafalk-elblag.pl\/?p=3317"},"modified":"2019-03-02T21:26:53","modified_gmt":"2019-03-02T21:26:53","slug":"ogloszenia-parafialne-viii-niedziela-zwykla-3-03-2019","status":"publish","type":"post","link":"https:\/\/rafalk-elblag.pl\/?p=3317","title":{"rendered":"OG\u0141OSZENIA PARAFIALNE \u2013 VIII NIEDZIELA ZWYK\u0141A 3.03.2019"},"content":{"rendered":"<p><a href=\"http:\/\/rafalk-elblag.pl\/wp-content\/uploads\/2016\/12\/pulpit.jpg\"><img loading=\"lazy\" decoding=\"async\" class=\"alignnone size-large wp-image-2530\" src=\"http:\/\/rafalk-elblag.pl\/wp-content\/uploads\/2016\/12\/pulpit-1024x682.jpg\" alt=\"\" width=\"900\" height=\"599\" srcset=\"https:\/\/rafalk-elblag.pl\/wp-content\/uploads\/2016\/12\/pulpit-1024x682.jpg 1024w, https:\/\/rafalk-elblag.pl\/wp-content\/uploads\/2016\/12\/pulpit-300x200.jpg 300w, https:\/\/rafalk-elblag.pl\/wp-content\/uploads\/2016\/12\/pulpit-768x512.jpg 768w, https:\/\/rafalk-elblag.pl\/wp-content\/uploads\/2016\/12\/pulpit.jpg 1698w\" sizes=\"auto, (max-width: 900px) 100vw, 900px\" \/><\/a><\/p>\n<p>&nbsp;<\/p>\n<p>1. Zapraszamy dzisiaj na Adoracj\u0119 Naj\u015bwi\u0119tszego Sakramentu od 16:00 do 18:00.<\/p>\n<p>&nbsp;<\/p>\n<p>2. Ofiary z\u0142o\u017cone dzisiaj na tac\u0119 przeznaczona s\u0105 na kolejne \u0142awki do naszej \u015bwi\u0105tyni. Dzi\u0119kujemy za wszelk\u0105 okazan\u0105 \u017cyczliwo\u015b\u0107 i wsparcie.<\/p>\n<p>&nbsp;<\/p>\n<p>3. Rozpoczynamy 52. Tydzie\u0144 Modlitw o Trze\u017awo\u015b\u0107 Narodu. B\u0119dzie on prze\u017cywany pod has\u0142em: \u201eM\u0141ODZI TRZE\u0179WI I WOLNI\u201d. Zach\u0119camy do podj\u0119cia modlitwy o trze\u017awo\u015b\u0107 w naszych rodzinach i udzia\u0142u w Drodze Krzy\u017cowej w pi\u0105tek 8 MARCA o godz. 17:15. W naszej parafii dzia\u0142a Al\u2013Anon, kt\u00f3ry spotyka si\u0119 w ka\u017cdy czwartek o godz. 17:00 na plebanii. W najbli\u017cszy czwartek (7 marca) zapraszamy na mityng otwarty z okazji 28 lat istnienia kt\u00f3ry rozpocznie si\u0119 o godz. 17:00.<\/p>\n<p>&nbsp;<\/p>\n<p>4. Z dniem 6 marca &#8211; \u015arod\u0105 Popielcow\u0105 &#8211; rozpoczynamy WIELKI POST. Przed nami 40 dni przygotowania si\u0119 do Wielkiej Nocy. Zapraszamy w tym dniu na Msze \u015bw. o godzinie 8:00, 11:00, 16:30 (z udzia\u0142em dzieci), 18:00 i 20:00 (z udzia\u0142em<br \/>\nm\u0142odzie\u017cy). Wykorzystajmy ten czas do gorliwego i owocnego udzia\u0142u w Liturgii Wielkopostnej i Nabo\u017ce\u0144stwach Pokutnych. Zapraszamy w ka\u017cd\u0105 niedziel\u0119 o godz. 17:15 na Gorzkie \u017bale z kazaniem pasyjnym, a w tym tygodniu na<br \/>\nDrog\u0119 Krzy\u017cow\u0105: godz. 16:30 dla dzieci, o godz. 17:15 dla doros\u0142ych i godz. 19:00 dla m\u0142odzie\u017cy<\/p>\n<p>&nbsp;<\/p>\n<p>5. Przypominamy, \u017ce w \u015arod\u0119 Popielcow\u0105 obowi\u0105zuje nas post \u015bcis\u0142y. Oznacza to wstrzemi\u0119\u017aliwo\u015b\u0107 od potraw mi\u0119snych i obowi\u0105zuje wszystkich od 14 roku \u017cycia, bez g\u00f3rnej granicy wieku; natomiast post ilo\u015bciowy obowi\u0105zuje od 18 do 60 roku<br \/>\n\u017cycia. W ci\u0105gu dnia mo\u017cemy spo\u017cy\u0107 wy\u0142\u0105cznie jeden posi\u0142ek do syta, a pozosta\u0142e dwa niepe\u0142ne. Obowi\u0105zek ten nie dotyczy os\u00f3b chorych.<\/p>\n<p>&nbsp;<\/p>\n<p>6. UWAGA!!! Kancelaria parafialna w \u015arod\u0119 Popielcow\u0105 nieczynna. Zapraszamy w sobot\u0119 od godz. 10:30 do 12:00.<\/p>\n<p>&nbsp;<\/p>\n<p>7. W tym tygodniu przypada pierwszy czwartek miesi\u0105ca. Zapraszamy na Msz\u0119 \u015bw. o godz. 18:00 o nowe powo\u0142ania kap\u0142a\u0144skie a po niej na ,,Godzin\u0119 \u015awi\u0119t\u0105\u201d, czyli na ADORACJ\u0118 przed Naj\u015bwi\u0119tszym Sakramentem w powy\u017cszych intencjach.<\/p>\n<p>&nbsp;<\/p>\n<p>8. Z okazji Dnia Kobiet wszystkim paniom sk\u0142adamy najserdeczniejsze \u017cyczenia wielu \u0142ask Bo\u017cych oraz opieki Matki Naj\u015bwi\u0119tszej. Niech ten dzie\u0144 b\u0119dzie wyrazem wdzi\u0119czno\u015bci za wielk\u0105 mi\u0142o\u015b\u0107 i dobro\u0107, jak\u0105 wnosz\u0105 w nasze rodziny niewiasty.<\/p>\n<p>&nbsp;<\/p>\n<p>9. W przysz\u0142\u0105 niedziel\u0119 tj. 10 marca br. Wsp\u00f3lnota Arka Rodzin, przed Msza \u015bw. o godz. 10:30, b\u0119dzie zbiera\u0142a u\u017cywane ksi\u0105\u017cki dla dzieci. Zostan\u0105 one przekazane do szpitala na oddzia\u0142 dzieci\u0119cy. Dzi\u0119kujemy za w\u0142\u0105czenie si\u0119 w powy\u017csz\u0105 inicjatyw\u0119 dobrych serc.<\/p>\n<p>&nbsp;<\/p>\n<p>10. Informujemy o mo\u017cliwo\u015bci rezerwacji i zamawiania Mszy \u015bw. na ca\u0142y bie\u017c\u0105cy rok. Niech Eucharystia stanie si\u0119 dzi\u0119kczynieniem za prze\u017cyte lata, rocznice sakramentu ma\u0142\u017ce\u0144stwa, imienin itp. Msza \u015bw. jest najpi\u0119kniejszym darem, w<br \/>\nkt\u00f3rym mo\u017cemy tu na ziemi uczestniczy\u0107.<\/p>\n<p>&nbsp;<\/p>\n<p>11. Przed ko\u015bcio\u0142em mo\u017cna naby\u0107 pras\u0119 katolick\u0105: \u201eGo\u015b\u0107 Niedzielny\u201d w cenie 5 z\u0142.<\/p>\n<p>&nbsp;<\/p>\n<p>&nbsp;<\/p>\n<p>&nbsp;<\/p>\n","protected":false},"excerpt":{"rendered":"<p>&nbsp; 1. Zapraszamy dzisiaj na Adoracj\u0119 Naj\u015bwi\u0119tszego Sakramentu od 16:00 do 18:00. &nbsp; 2. Ofiary z\u0142o\u017cone dzisiaj na tac\u0119 przeznaczona s\u0105 na kolejne \u0142awki do naszej \u015bwi\u0105tyni. Dzi\u0119kujemy za wszelk\u0105 okazan\u0105 \u017cyczliwo\u015b\u0107 i wsparcie. &nbsp; 3. Rozpoczynamy 52. Tydzie\u0144 Modlitw o Trze\u017awo\u015b\u0107 Narodu. B\u0119dzie on prze\u017cywany pod has\u0142em: \u201eM\u0141ODZI TRZE\u0179WI I WOLNI\u201d. Zach\u0119camy do podj\u0119cia [&hellip;]<\/p>\n","protected":false},"author":1,"featured_media":2530,"comment_status":"closed","ping_status":"closed","sticky":false,"template":"","format":"standard","meta":{"ngg_post_thumbnail":0,"footnotes":""},"categories":[11,8,3],"tags":[],"class_list":["post-3317","post","type-post","status-publish","format-standard","has-post-thumbnail","hentry","category-aktualnosci","category-blog","category-ogloszenia"],"_links":{"self":[{"href":"https:\/\/rafalk-elblag.pl\/index.php?rest_route=\/wp\/v2\/posts\/3317","targetHints":{"allow":["GET"]}}],"collection":[{"href":"https:\/\/rafalk-elblag.pl\/index.php?rest_route=\/wp\/v2\/posts"}],"about":[{"href":"https:\/\/rafalk-elblag.pl\/index.php?rest_route=\/wp\/v2\/types\/post"}],"author":[{"embeddable":true,"href":"https:\/\/rafalk-elblag.pl\/index.php?rest_route=\/wp\/v2\/users\/1"}],"replies":[{"embeddable":true,"href":"https:\/\/rafalk-elblag.pl\/index.php?rest_route=%2Fwp%2Fv2%2Fcomments&post=3317"}],"version-history":[{"count":1,"href":"https:\/\/rafalk-elblag.pl\/index.php?rest_route=\/wp\/v2\/posts\/3317\/revisions"}],"predecessor-version":[{"id":3318,"href":"https:\/\/rafalk-elblag.pl\/index.php?rest_route=\/wp\/v2\/posts\/3317\/revisions\/3318"}],"wp:featuredmedia":[{"embeddable":true,"href":"https:\/\/rafalk-elblag.pl\/index.php?rest_route=\/wp\/v2\/media\/2530"}],"wp:attachment":[{"href":"https:\/\/rafalk-elblag.pl\/index.php?rest_route=%2Fwp%2Fv2%2Fmedia&parent=3317"}],"wp:term":[{"taxonomy":"category","embeddable":true,"href":"https:\/\/rafalk-elblag.pl\/index.php?rest_route=%2Fwp%2Fv2%2Fcategories&post=3317"},{"taxonomy":"post_tag","embeddable":true,"href":"https:\/\/rafalk-elblag.pl\/index.php?rest_route=%2Fwp%2Fv2%2Ftags&post=3317"}],"curies":[{"name":"wp","href":"https:\/\/api.w.org\/{rel}","templated":true}]}}