{"id":3314,"date":"2019-02-22T13:07:00","date_gmt":"2019-02-22T13:07:00","guid":{"rendered":"http:\/\/rafalk-elblag.pl\/?p=3314"},"modified":"2019-02-22T13:07:00","modified_gmt":"2019-02-22T13:07:00","slug":"intencje-mszalne-vii-tydzien-zwykly-25-02-3-03-2019","status":"publish","type":"post","link":"https:\/\/rafalk-elblag.pl\/?p=3314","title":{"rendered":"INTENCJE MSZALNE \u2013 VII TYDZIE\u0143 ZWYK\u0141Y (25.02. &#8211; 3.03. 2019)"},"content":{"rendered":"<p><a href=\"http:\/\/rafalk-elblag.pl\/wp-content\/uploads\/2016\/12\/shutterstock_49643152-1000.jpg\"><img loading=\"lazy\" decoding=\"async\" class=\"size-full wp-image-2526 aligncenter\" src=\"http:\/\/rafalk-elblag.pl\/wp-content\/uploads\/2016\/12\/shutterstock_49643152-1000.jpg\" alt=\"\" width=\"1000\" height=\"665\" srcset=\"https:\/\/rafalk-elblag.pl\/wp-content\/uploads\/2016\/12\/shutterstock_49643152-1000.jpg 1000w, https:\/\/rafalk-elblag.pl\/wp-content\/uploads\/2016\/12\/shutterstock_49643152-1000-300x200.jpg 300w, https:\/\/rafalk-elblag.pl\/wp-content\/uploads\/2016\/12\/shutterstock_49643152-1000-768x511.jpg 768w\" sizes=\"auto, (max-width: 1000px) 100vw, 1000px\" \/><\/a><\/p>\n<p>&nbsp;<\/p>\n<p>&nbsp;<\/p>\n<p><strong><span style=\"color: #000080;\">25 lutego PONIEDZIA\u0141EK<\/span><\/strong>&nbsp; &nbsp; &nbsp; &nbsp; &nbsp; &nbsp; &nbsp; &nbsp; &nbsp; &nbsp; &nbsp; &nbsp;Mk 9, 14-29<\/p>\n<p>8:00 \u015ap. Genowefa Kuczy\u0144ska (29 greg)<\/p>\n<p>18:00 Rezerwacja<br \/>\n18:00 \u015ap. Halina i Franciszek Kre\u0144scy<\/p>\n<p>&nbsp;<\/p>\n<p><span style=\"color: #000080;\"><strong>26 lutego WTOREK<\/strong><\/span>&nbsp; &nbsp; &nbsp; &nbsp; &nbsp; &nbsp; &nbsp; &nbsp; &nbsp; &nbsp; &nbsp; &nbsp; &nbsp; &nbsp; &nbsp; &nbsp; &nbsp; &nbsp; Mk 9, 30-37<\/p>\n<p>8:00 \u015ap. Helena \u015aredzi\u0144ska, Aleksander \u015aredzi\u0144ski, Bronis\u0142aw Fry\u015bna<\/p>\n<p>18:00 \u015ap. Adela Demska &#8211; intencja od s\u0105siad\u00f3w<br \/>\n18.00 \u015ap. Genowefa Kuczy\u0144ska (30 greg)<\/p>\n<p>&nbsp;<\/p>\n<p><strong><span style=\"color: #000080;\">27 lutego \u015aRODA&nbsp; &nbsp; &nbsp; &nbsp; &nbsp; &nbsp; &nbsp; &nbsp; &nbsp; &nbsp; &nbsp; &nbsp; &nbsp; &nbsp; &nbsp; &nbsp; &nbsp; &nbsp; &nbsp; &nbsp; &nbsp;<\/span><\/strong><span style=\"color: #000000;\">Mk 9,<\/span> 38-40<\/p>\n<p>8:00 \u015ap. Wac\u0142aw (22 rocz. \u015bm), Wiktoria i Bogdan<\/p>\n<p><span style=\"color: #000080;\"><em>17:30 Nabo\u017ce\u0144stwo ku czci Matki Bo\u017cej Nieustaj\u0105cej Pomocy<\/em><\/span><\/p>\n<p>18:00 \u015ap. Krzysztof Zgliczy\u0144ski (1 greg)<br \/>\n18:00 \u015ap. Piotr (17 rocz. \u015bm)<\/p>\n<p>&nbsp;<\/p>\n<p><strong><span style=\"color: #000080;\">28 lutego CZWARTEK<\/span><\/strong>&nbsp; &nbsp; &nbsp; &nbsp; &nbsp; &nbsp; &nbsp; &nbsp; &nbsp; &nbsp; &nbsp; &nbsp; &nbsp; &nbsp; &nbsp; &nbsp;Mk 9, 41-43.45. 47-50<\/p>\n<p>8:00 \u015ap. Krzysztof Zgliczy\u0144ski (2 greg)<\/p>\n<p>18:00 \u015ap. Roman Kami\u0144ski w dniu imienin<br \/>\n18:00 \u015ap. Ewa W\u00f3jcicka (1 rocz. \u015bm)<\/p>\n<p>&nbsp;<\/p>\n<p><strong><span style=\"color: #000080;\">1 marca PI\u0104TEK<\/span><\/strong><br \/>\n<strong><span style=\"color: #000080;\">Pierwszy pi\u0105tek miesi\u0105ca<\/span><\/strong>&nbsp; &nbsp; &nbsp; &nbsp; &nbsp; &nbsp; &nbsp; &nbsp; &nbsp; &nbsp; &nbsp; &nbsp; &nbsp; Mk 10, 1-12<\/p>\n<p>8:00 \u015ap. Jan Markowicz (15 rocz. \u015bm)<\/p>\n<p>16:30 \u015ap. Pelagia (7 rocz. \u015bm) i zmar\u0142ych z rodzin: Herman, K\u0119dzierskich i Soleckich<\/p>\n<p>18:00 \u015ap. Krzysztof Zgliczy\u0144ski (3 greg)<\/p>\n<p>&nbsp;<\/p>\n<p><span style=\"color: #000080;\"><strong>2 marca SOBOTA<\/strong><\/span><br \/>\n<span style=\"color: #000080;\"><strong>Pierwsza sobota miesi\u0105ca<\/strong><\/span>&nbsp; &nbsp; &nbsp; &nbsp; &nbsp; &nbsp; &nbsp; &nbsp; &nbsp; &nbsp; &nbsp; &nbsp; &nbsp; &nbsp;Mk 10, 13-16<\/p>\n<p>8:00 \u015ap. Henryk Pawlicki (1 rocz. \u015bm)<\/p>\n<p>18:00 \u015ap. Krzysztof Zgliczy\u0144ski (4 greg)<br \/>\n18:00 Dzi\u0119kczynna za 70 lat \u017cycia Kazimierza z pro\u015bb\u0105 o Bo\u017ce b\u0142ogos\u0142awie\u0144stwo, dary Ducha \u015awi\u0119tego, opiek\u0119 Matki Bo\u017cej i wszelkie potrzebne \u0142aski na ka\u017cdy dzie\u0144<\/p>\n<p>&nbsp;<\/p>\n<h2><span style=\"color: #008000;\"><strong>3 marca \u00d3SMA NIEDZIELA ZWYK\u0141A<\/strong><\/span> \u0141k 6, 39-45<\/h2>\n<p>7:00 Dzi\u0119kczynna z okazji 35 rocznicy \u015blubu Agnieszki i Adama z pro\u015bb\u0105 o Bo\u017ce b\u0142ogos\u0142awie\u0144stwo, wszelkie \u0142aski i opiek\u0119 Matki Bo\u017cej na dalsze d\u0142ugie lata \u017cycia<\/p>\n<p>9:00 \u015ap. Teresa Gurzy\u0144ska oraz Stafania i Edmund J\u00f3zefowicz<\/p>\n<p>9:00 \u015ap. Henryk Woli\u0144ski (10 rocz. \u015bm), Anna, Jan, Napoleon i zmarli z rodziny<\/p>\n<p>10:30 Dzi\u0119kczynna o Bo\u017ce b\u0142ogos\u0142awie\u0144stwo z okazji roczku Jasia Milanowskiego z pro\u015bb\u0105 o potrzebne \u0142aski dla ca\u0142ej rodziny<\/p>\n<p><strong><span style=\"color: #008000;\">12:00 Za parafian<\/span><\/strong><\/p>\n<p>15:00 \u015ap. Jan (1 rocz. \u015bm) i Kazimiera Usikowie<\/p>\n<p>18:00 \u015ap. Krzysztof Zgliczy\u0144ski (5 greg)<\/p>\n<p>&nbsp;<\/p>\n<p>&nbsp;<\/p>\n","protected":false},"excerpt":{"rendered":"<p>&nbsp; &nbsp; 25 lutego PONIEDZIA\u0141EK&nbsp; &nbsp; &nbsp; &nbsp; &nbsp; &nbsp; &nbsp; &nbsp; &nbsp; &nbsp; &nbsp; &nbsp;Mk 9, 14-29 8:00 \u015ap. Genowefa Kuczy\u0144ska (29 greg) 18:00 Rezerwacja 18:00 \u015ap. Halina i Franciszek Kre\u0144scy &nbsp; 26 lutego WTOREK&nbsp; &nbsp; &nbsp; &nbsp; &nbsp; &nbsp; &nbsp; &nbsp; &nbsp; &nbsp; &nbsp; &nbsp; &nbsp; &nbsp; &nbsp; &nbsp; &nbsp; &nbsp; Mk 9, [&hellip;]<\/p>\n","protected":false},"author":1,"featured_media":2526,"comment_status":"closed","ping_status":"closed","sticky":false,"template":"","format":"standard","meta":{"ngg_post_thumbnail":0,"footnotes":""},"categories":[11,8,4],"tags":[],"class_list":["post-3314","post","type-post","status-publish","format-standard","has-post-thumbnail","hentry","category-aktualnosci","category-blog","category-intencje"],"_links":{"self":[{"href":"https:\/\/rafalk-elblag.pl\/index.php?rest_route=\/wp\/v2\/posts\/3314","targetHints":{"allow":["GET"]}}],"collection":[{"href":"https:\/\/rafalk-elblag.pl\/index.php?rest_route=\/wp\/v2\/posts"}],"about":[{"href":"https:\/\/rafalk-elblag.pl\/index.php?rest_route=\/wp\/v2\/types\/post"}],"author":[{"embeddable":true,"href":"https:\/\/rafalk-elblag.pl\/index.php?rest_route=\/wp\/v2\/users\/1"}],"replies":[{"embeddable":true,"href":"https:\/\/rafalk-elblag.pl\/index.php?rest_route=%2Fwp%2Fv2%2Fcomments&post=3314"}],"version-history":[{"count":1,"href":"https:\/\/rafalk-elblag.pl\/index.php?rest_route=\/wp\/v2\/posts\/3314\/revisions"}],"predecessor-version":[{"id":3315,"href":"https:\/\/rafalk-elblag.pl\/index.php?rest_route=\/wp\/v2\/posts\/3314\/revisions\/3315"}],"wp:featuredmedia":[{"embeddable":true,"href":"https:\/\/rafalk-elblag.pl\/index.php?rest_route=\/wp\/v2\/media\/2526"}],"wp:attachment":[{"href":"https:\/\/rafalk-elblag.pl\/index.php?rest_route=%2Fwp%2Fv2%2Fmedia&parent=3314"}],"wp:term":[{"taxonomy":"category","embeddable":true,"href":"https:\/\/rafalk-elblag.pl\/index.php?rest_route=%2Fwp%2Fv2%2Fcategories&post=3314"},{"taxonomy":"post_tag","embeddable":true,"href":"https:\/\/rafalk-elblag.pl\/index.php?rest_route=%2Fwp%2Fv2%2Ftags&post=3314"}],"curies":[{"name":"wp","href":"https:\/\/api.w.org\/{rel}","templated":true}]}}