{"id":3312,"date":"2019-02-22T13:00:30","date_gmt":"2019-02-22T13:00:30","guid":{"rendered":"http:\/\/rafalk-elblag.pl\/?p=3312"},"modified":"2019-02-22T13:00:30","modified_gmt":"2019-02-22T13:00:30","slug":"ogloszenia-parafialne-vii-niedziela-zwykla-24-02-2019","status":"publish","type":"post","link":"https:\/\/rafalk-elblag.pl\/?p=3312","title":{"rendered":"OG\u0141OSZENIA PARAFIALNE \u2013 VII NIEDZIELA ZWYK\u0141A 24.02.2019"},"content":{"rendered":"<p><a href=\"http:\/\/rafalk-elblag.pl\/wp-content\/uploads\/2016\/12\/pulpit.jpg\"><img loading=\"lazy\" decoding=\"async\" class=\"size-large wp-image-2530 aligncenter\" src=\"http:\/\/rafalk-elblag.pl\/wp-content\/uploads\/2016\/12\/pulpit-1024x682.jpg\" alt=\"\" width=\"900\" height=\"599\" srcset=\"https:\/\/rafalk-elblag.pl\/wp-content\/uploads\/2016\/12\/pulpit-1024x682.jpg 1024w, https:\/\/rafalk-elblag.pl\/wp-content\/uploads\/2016\/12\/pulpit-300x200.jpg 300w, https:\/\/rafalk-elblag.pl\/wp-content\/uploads\/2016\/12\/pulpit-768x512.jpg 768w, https:\/\/rafalk-elblag.pl\/wp-content\/uploads\/2016\/12\/pulpit.jpg 1698w\" sizes=\"auto, (max-width: 900px) 100vw, 900px\" \/><\/a><\/p>\n<p>&nbsp;<\/p>\n<p>1. Wolontariusze Caritas zbieraj\u0105 ofiary do puszki dla os\u00f3b potrzebuj\u0105cych pomocy. Dzi\u0119kujemy za zrozumienie. Zapraszam dzisiaj na spotkanie formacyjne dla Apostolatu Bo\u017cego Mi\u0142osierdzia i Wolontariuszy Caritas po Mszy \u015bw. o godz. 15:00.<\/p>\n<p>&nbsp;<\/p>\n<p>2. W \u015brod\u0119 27 lutego br. spotkanie Kr\u0119gu Biblijnego o godz. 19:00. Ksi\u0105dz \u0141ukasz przypomina, \u017ce spotkania KR\u0118GU BIBLIJNEGO odbywaj\u0105 si\u0119 w II i IV \u015brod\u0119 miesi\u0105ca. Serdecznie zapraszamy.<\/p>\n<p>&nbsp;<\/p>\n<p>3. Ks. Marcin zaprasza m\u0142odzie\u017c na spotkanie Katolickiego Stowarzyszenia M\u0142odzie\u017cy \u201eBoanerges\u201d w ka\u017cd\u0105 \u015brod\u0119 na godz. 19:00 do sali na plebanii.<\/p>\n<p>&nbsp;<\/p>\n<p>4. M\u0142odzie\u017c przygotowuj\u0105c\u0105 si\u0119 drugi rok do SAKRAMENTU BIERZMOWANIA zapraszamy w poniedzia\u0142ek (25 lutego) na godz. 18:00. Rok pierwszy zapraszamy 26 lutego br., grup\u0119 B na godz. 16:00, a grup\u0119 A na o godz.19:00. Ks. Marcin liczy na 100% obecno\u015b\u0107.<\/p>\n<p>&nbsp;<\/p>\n<p>5. W tym tygodniu przypada pierwszy, pi\u0105tek i sobota miesi\u0105ca.<\/p>\n<p>\uf0b7 w pierwszy pi\u0105tek spowied\u017a dla dzieci w tygodniu od godz. 17:30, oraz w pi\u0105tek od godz. 16:00 a Msza \u015bw. o godz. 16:30, natomiast dla m\u0142odzie\u017cy i doros\u0142ych spowied\u017a od godz. 17:30, a Msza \u015bw. Wotywna o NSPJ o godz.18:00.<\/p>\n<p>\uf0b7 w pierwsz\u0105 sobot\u0119 przed Msz\u0105 \u015aw. o godz. 17:00 zapraszamy na nabo\u017ce\u0144stwo wynagradzaj\u0105ce Niepokalanemu Sercu Maryi za zniewagi grzesznik\u00f3w. Tego dnia zmiana tajemnic dla \u017bywego R\u00f3\u017ca\u0144ca.<\/p>\n<p>&nbsp;<\/p>\n<p>6. Z racji pierwszego pi\u0105tku ksi\u0105dz Proboszcz uda si\u0119 do chorych 1 marca od godz. 9:30, natomiast ks. Marcin od godz. 8:00, a ks. \u0141ukasz od godz. 11:00.<\/p>\n<p>&nbsp;<\/p>\n<p>7. SZKO\u0141A PODSTAWOWA NR 11 im. Kornela Makuszy\u0144skiego przy ul. Korczaka 34 zaprasza na Drzwi Otwarte dnia 28.02.2019 r. od godz. 17:00 do godz. 19:00. Zapraszamy serdecznie wszystkich rodzic\u00f3w i uczni\u00f3w przysz\u0142ych klas pierwszych i \u201ezer\u00f3wek\u201d.<\/p>\n<p>&nbsp;<\/p>\n<p>8. Bezp\u0142atna Katolicka Szko\u0142a Podstawowa SPSK z oddzia\u0142ami przedszkolnymi zaprasza na Dni Otwarte 25.02.2019 r. w godzinach 14.00 &#8211; 18.00, ul. Saper\u00f3w 14c (obok Szko\u0142y Medyk). Zapewniamy indywidualizacj\u0119 pracy z dzieckiem w ma\u0142ych zespo\u0142ach klasowych.<\/p>\n<p>&nbsp;<\/p>\n<p>9. Grupa rodzinna Al-Anon \u015amieszki zaprasza na mityng otwarty z okazji 28 lat istnienia, kt\u00f3ry odb\u0119dzie si\u0119 7 marca (czwartek) 2019 r. o godz. 17:00 w salce na plebanii.<\/p>\n<p>&nbsp;<\/p>\n<p>10. Za tydzie\u0144 taca przeznaczona b\u0119dzie na kolejne \u0142awki do naszej \u015bwi\u0105tyni. Dzi\u0119kujemy za wszelk\u0105 okazan\u0105 \u017cyczliwo\u015b\u0107 i wsparcie.<\/p>\n<p>&nbsp;<\/p>\n<p>11. Przed ko\u015bcio\u0142em mo\u017cna naby\u0107 pras\u0119 katolick\u0105: \u201eGo\u015b\u0107 Niedzielny\u201d w cenie 5 z\u0142.<\/p>\n<p>&nbsp;<\/p>\n<p>12. Pos\u0142uga w konfesjonale w tygodniu: rano od 7:45 a wieczorem od 17:30. Zapraszamy. Przyjd\u017a wcze\u015bniej i skorzystaj z Sakramentu Pokuty.<\/p>\n<p>&nbsp;<\/p>\n<p>13. Kancelaria Parafialna czynna: w \u015brody od godz. 16:00 do godz. 17:30 oraz w sobot\u0119 od godz. 10:30 do 12:00. Zapraszamy.<\/p>\n<p>&nbsp;<\/p>\n<p>&nbsp;<\/p>\n<p>&nbsp;<\/p>\n","protected":false},"excerpt":{"rendered":"<p>&nbsp; 1. Wolontariusze Caritas zbieraj\u0105 ofiary do puszki dla os\u00f3b potrzebuj\u0105cych pomocy. Dzi\u0119kujemy za zrozumienie. Zapraszam dzisiaj na spotkanie formacyjne dla Apostolatu Bo\u017cego Mi\u0142osierdzia i Wolontariuszy Caritas po Mszy \u015bw. o godz. 15:00. &nbsp; 2. W \u015brod\u0119 27 lutego br. spotkanie Kr\u0119gu Biblijnego o godz. 19:00. Ksi\u0105dz \u0141ukasz przypomina, \u017ce spotkania KR\u0118GU BIBLIJNEGO odbywaj\u0105 si\u0119 [&hellip;]<\/p>\n","protected":false},"author":1,"featured_media":2530,"comment_status":"closed","ping_status":"closed","sticky":false,"template":"","format":"standard","meta":{"ngg_post_thumbnail":0,"footnotes":""},"categories":[11,8,3],"tags":[],"class_list":["post-3312","post","type-post","status-publish","format-standard","has-post-thumbnail","hentry","category-aktualnosci","category-blog","category-ogloszenia"],"_links":{"self":[{"href":"https:\/\/rafalk-elblag.pl\/index.php?rest_route=\/wp\/v2\/posts\/3312","targetHints":{"allow":["GET"]}}],"collection":[{"href":"https:\/\/rafalk-elblag.pl\/index.php?rest_route=\/wp\/v2\/posts"}],"about":[{"href":"https:\/\/rafalk-elblag.pl\/index.php?rest_route=\/wp\/v2\/types\/post"}],"author":[{"embeddable":true,"href":"https:\/\/rafalk-elblag.pl\/index.php?rest_route=\/wp\/v2\/users\/1"}],"replies":[{"embeddable":true,"href":"https:\/\/rafalk-elblag.pl\/index.php?rest_route=%2Fwp%2Fv2%2Fcomments&post=3312"}],"version-history":[{"count":1,"href":"https:\/\/rafalk-elblag.pl\/index.php?rest_route=\/wp\/v2\/posts\/3312\/revisions"}],"predecessor-version":[{"id":3313,"href":"https:\/\/rafalk-elblag.pl\/index.php?rest_route=\/wp\/v2\/posts\/3312\/revisions\/3313"}],"wp:featuredmedia":[{"embeddable":true,"href":"https:\/\/rafalk-elblag.pl\/index.php?rest_route=\/wp\/v2\/media\/2530"}],"wp:attachment":[{"href":"https:\/\/rafalk-elblag.pl\/index.php?rest_route=%2Fwp%2Fv2%2Fmedia&parent=3312"}],"wp:term":[{"taxonomy":"category","embeddable":true,"href":"https:\/\/rafalk-elblag.pl\/index.php?rest_route=%2Fwp%2Fv2%2Fcategories&post=3312"},{"taxonomy":"post_tag","embeddable":true,"href":"https:\/\/rafalk-elblag.pl\/index.php?rest_route=%2Fwp%2Fv2%2Ftags&post=3312"}],"curies":[{"name":"wp","href":"https:\/\/api.w.org\/{rel}","templated":true}]}}