{"id":3309,"date":"2019-02-14T12:35:52","date_gmt":"2019-02-14T12:35:52","guid":{"rendered":"http:\/\/rafalk-elblag.pl\/?p=3309"},"modified":"2019-02-14T12:35:52","modified_gmt":"2019-02-14T12:35:52","slug":"intencje-mszalne-vi-tydzien-zwykly-18-24-02-2019","status":"publish","type":"post","link":"https:\/\/rafalk-elblag.pl\/?p=3309","title":{"rendered":"INTENCJE MSZALNE \u2013 VI TYDZIE\u0143 ZWYK\u0141Y (18-24.02.2019)"},"content":{"rendered":"<p><a href=\"http:\/\/rafalk-elblag.pl\/wp-content\/uploads\/2016\/12\/shutterstock_49643152-1000.jpg\"><img loading=\"lazy\" decoding=\"async\" class=\"size-full wp-image-2526 aligncenter\" src=\"http:\/\/rafalk-elblag.pl\/wp-content\/uploads\/2016\/12\/shutterstock_49643152-1000.jpg\" alt=\"\" width=\"1000\" height=\"665\" srcset=\"https:\/\/rafalk-elblag.pl\/wp-content\/uploads\/2016\/12\/shutterstock_49643152-1000.jpg 1000w, https:\/\/rafalk-elblag.pl\/wp-content\/uploads\/2016\/12\/shutterstock_49643152-1000-300x200.jpg 300w, https:\/\/rafalk-elblag.pl\/wp-content\/uploads\/2016\/12\/shutterstock_49643152-1000-768x511.jpg 768w\" sizes=\"auto, (max-width: 1000px) 100vw, 1000px\" \/><\/a><\/p>\n<p>&nbsp;<\/p>\n<p>&nbsp;<\/p>\n<p><span style=\"color: #003366;\"><strong>18 lutego PONIEDZIA\u0141EK<\/strong><\/span>&nbsp; &nbsp; &nbsp; &nbsp; &nbsp; &nbsp; &nbsp; &nbsp; &nbsp; &nbsp; &nbsp; &nbsp; &nbsp; &nbsp; &nbsp; &nbsp; &nbsp; &nbsp; &nbsp; &nbsp; &nbsp; &nbsp; &nbsp; &nbsp; &nbsp; &nbsp; &nbsp;Mk 8, 11-13<\/p>\n<p>8:00 \u015ap. Genowefa Kuczy\u0144ska (22 greg)<\/p>\n<p>18:00 \u015ap. Hubert Sertanowicz (30.dz.p.p.)<br \/>\n18:00 \u015ap. Janina Szczerska i zmar\u0142ych z rodziny: Miko\u0142ap oraz Cydejko<\/p>\n<p>&nbsp;<\/p>\n<p><strong><span style=\"color: #003366;\">19 lutego WTOREK&nbsp; &nbsp; &nbsp; &nbsp; &nbsp; &nbsp; &nbsp; &nbsp; &nbsp; &nbsp; &nbsp; &nbsp; &nbsp; &nbsp; &nbsp; &nbsp; &nbsp; &nbsp; &nbsp; &nbsp; &nbsp; &nbsp; &nbsp; &nbsp; &nbsp; &nbsp; &nbsp; &nbsp; &nbsp; &nbsp; &nbsp; &nbsp; &nbsp;&nbsp;<\/span><\/strong> Mk 8, 14-21<\/p>\n<p>8:00 \u015ap. Genowefa Kuczy\u0144ska (23 greg)<\/p>\n<p>18:00 \u015ap. Boles\u0142aw Malinowski (30.dz.p.p)<br \/>\n18.00 W intencji Panu Bogu wiadomej<\/p>\n<p>&nbsp;<\/p>\n<p><strong><span style=\"color: #003366;\">20 lutego \u015aRODA&nbsp; &nbsp;<\/span> <\/strong>&nbsp; &nbsp; &nbsp; &nbsp; &nbsp; &nbsp; &nbsp; &nbsp; &nbsp; &nbsp; &nbsp; &nbsp; &nbsp; &nbsp; &nbsp; &nbsp; &nbsp; &nbsp; &nbsp; &nbsp; &nbsp; &nbsp; &nbsp; &nbsp; &nbsp; &nbsp; &nbsp; &nbsp; &nbsp; &nbsp; &nbsp; &nbsp; &nbsp; &nbsp;Mk 8, 22-26<\/p>\n<p>8:00 \u015ap. Genowefa Kuczy\u0144ska (24 greg)<\/p>\n<p>17:30 Nabo\u017ce\u0144stwo ku czci Matki Bo\u017cej Nieustaj\u0105cej Pomocy<\/p>\n<p>18:00 \u015ap. Barbara (7 rocz. \u015bm) i Andrzej Zieli\u0144scy<br \/>\n18:00 \u015ap. Gerhard Bendinger (2 rocz. \u015bm), Olga Bendinger<\/p>\n<p>&nbsp;<\/p>\n<p><strong><span style=\"color: #003366;\">21 lutego CZWARTEK&nbsp;<\/span><\/strong>&nbsp; &nbsp; &nbsp; &nbsp; &nbsp; &nbsp; &nbsp; &nbsp; &nbsp; &nbsp; &nbsp; &nbsp; &nbsp; &nbsp; &nbsp; &nbsp; &nbsp; &nbsp; &nbsp; &nbsp; &nbsp; &nbsp; &nbsp; &nbsp; &nbsp; &nbsp; &nbsp; &nbsp; &nbsp; &nbsp; &nbsp; &nbsp; &nbsp;Mk 8, 27-33<\/p>\n<p>8:00 \u015ap. Genowefa Kuczy\u0144ska (25 greg)<\/p>\n<p>18:00 \u015ap. Jan Zaj\u0105c (2 rocz. \u015bm)<br \/>\n18:00 \u015ap. Mieczys\u0142aw Marcinczuk, Aleksander, Czes\u0142awa, Kazimiera, J\u00f3zef<\/p>\n<p>&nbsp;<\/p>\n<p><span style=\"color: #003366;\"><strong>22 lutego PI\u0104TEK<\/strong><\/span><br \/>\n<span style=\"color: #003366;\"><strong>\u015awi\u0119to katedry \u015bw. Piotra Aposto\u0142a<\/strong><\/span>&nbsp; &nbsp; &nbsp; &nbsp; &nbsp; &nbsp; &nbsp; &nbsp; &nbsp; &nbsp; &nbsp; &nbsp; &nbsp; &nbsp; &nbsp; &nbsp; &nbsp; &nbsp; &nbsp; &nbsp; &nbsp; &nbsp; Mt 16, 13-19<\/p>\n<p>8:00 W intencji Panu Bogu wiadomej<\/p>\n<p>18:00 \u015ap. Genowefa Kuczy\u0144ska (26 greg)<br \/>\n18:00 \u015ap. Zofia Doma\u0144ska (41 rocz . \u015bm), Franciszka Urba\u0144ska (16 rocz. \u015bm)<\/p>\n<p>&nbsp;<\/p>\n<p><strong><span style=\"color: #003366;\">23 lutego SOBOTA<\/span><\/strong><br \/>\n<strong><span style=\"color: #003366;\">Wspomnienie \u015bw. Polikarpa, biskupa i m\u0119czennika<\/span><\/strong>&nbsp; &nbsp; &nbsp; &nbsp; &nbsp; &nbsp; &nbsp; &nbsp; &nbsp; Mk 9, 2-13<\/p>\n<p>8:00 \u015ap. Genowefa Kuczy\u0144ska (27 greg)<\/p>\n<p>18:00 \u015ap. Krystyna (6 rocz. \u015bm) i Robert Bogdanowicz<br \/>\n18:00 \u015ap. Zenobia \u0141ubnicka (1 rocz. \u015bm)<\/p>\n<p>&nbsp;<\/p>\n<p><span style=\"color: #008000;\"><strong>24 lutego SI\u00d3DMA NIEDZIELA ZWYK\u0141A&nbsp; &nbsp; &nbsp;<\/strong><\/span> &nbsp; &nbsp; &nbsp; &nbsp; &nbsp; &nbsp; &nbsp; &nbsp; &nbsp; &nbsp; &nbsp; &nbsp; &nbsp; &nbsp; &nbsp; &nbsp;\u0141k 6, 27-38<\/p>\n<p>7:00 \u015ap. Emilia i Wac\u0142aw Czeszejko-Sochaccy<\/p>\n<p>9:00 \u015ap. Genowefa Kuczy\u0144ska (28 greg)<br \/>\n9:00 \u015ap. Maciej<\/p>\n<p>10:30 \u015ap. Leszek Flaszy\u0144ski (8 rocz. \u015bm), J\u00f3zef Flaszy\u0144ski (19 rocz. \u015bm)<\/p>\n<p>12:00 Dzi\u0119kczynna z okazji 45 rocznicy \u015blubu Barbary i Henryka Jackiewicz z pro\u015bb\u0105 o Bo\u017ce b\u0142ogos\u0142awie\u0144stwo, potrzebne \u0142aski dla Jubilat\u00f3w i ca\u0142ej rodziny<\/p>\n<p>15:00 \u015ap. Teresa Cesarska (10 rocz. \u015bm), zmar\u0142i rodzice, brat i m\u0105\u017c Zygfryd Dobrzeniecki<\/p>\n<p>18:00 \u015ap. Wac\u0142aw, Janusz, Beata z rodz. Hryniewickich, Jadwiga, Stanis\u0142aw, Tadeusz z rodz. Sokolnickich<\/p>\n<p>&nbsp;<\/p>\n<p>&nbsp;<\/p>\n<p>&nbsp;<\/p>\n","protected":false},"excerpt":{"rendered":"<p>&nbsp; &nbsp; 18 lutego PONIEDZIA\u0141EK&nbsp; &nbsp; &nbsp; &nbsp; &nbsp; &nbsp; &nbsp; &nbsp; &nbsp; &nbsp; &nbsp; &nbsp; &nbsp; &nbsp; &nbsp; &nbsp; &nbsp; &nbsp; &nbsp; &nbsp; &nbsp; &nbsp; &nbsp; &nbsp; &nbsp; &nbsp; &nbsp;Mk 8, 11-13 8:00 \u015ap. Genowefa Kuczy\u0144ska (22 greg) 18:00 \u015ap. Hubert Sertanowicz (30.dz.p.p.) 18:00 \u015ap. Janina Szczerska i zmar\u0142ych z rodziny: Miko\u0142ap oraz Cydejko [&hellip;]<\/p>\n","protected":false},"author":1,"featured_media":2526,"comment_status":"closed","ping_status":"closed","sticky":false,"template":"","format":"standard","meta":{"ngg_post_thumbnail":0,"footnotes":""},"categories":[11,8,3],"tags":[],"class_list":["post-3309","post","type-post","status-publish","format-standard","has-post-thumbnail","hentry","category-aktualnosci","category-blog","category-ogloszenia"],"_links":{"self":[{"href":"https:\/\/rafalk-elblag.pl\/index.php?rest_route=\/wp\/v2\/posts\/3309","targetHints":{"allow":["GET"]}}],"collection":[{"href":"https:\/\/rafalk-elblag.pl\/index.php?rest_route=\/wp\/v2\/posts"}],"about":[{"href":"https:\/\/rafalk-elblag.pl\/index.php?rest_route=\/wp\/v2\/types\/post"}],"author":[{"embeddable":true,"href":"https:\/\/rafalk-elblag.pl\/index.php?rest_route=\/wp\/v2\/users\/1"}],"replies":[{"embeddable":true,"href":"https:\/\/rafalk-elblag.pl\/index.php?rest_route=%2Fwp%2Fv2%2Fcomments&post=3309"}],"version-history":[{"count":1,"href":"https:\/\/rafalk-elblag.pl\/index.php?rest_route=\/wp\/v2\/posts\/3309\/revisions"}],"predecessor-version":[{"id":3310,"href":"https:\/\/rafalk-elblag.pl\/index.php?rest_route=\/wp\/v2\/posts\/3309\/revisions\/3310"}],"wp:featuredmedia":[{"embeddable":true,"href":"https:\/\/rafalk-elblag.pl\/index.php?rest_route=\/wp\/v2\/media\/2526"}],"wp:attachment":[{"href":"https:\/\/rafalk-elblag.pl\/index.php?rest_route=%2Fwp%2Fv2%2Fmedia&parent=3309"}],"wp:term":[{"taxonomy":"category","embeddable":true,"href":"https:\/\/rafalk-elblag.pl\/index.php?rest_route=%2Fwp%2Fv2%2Fcategories&post=3309"},{"taxonomy":"post_tag","embeddable":true,"href":"https:\/\/rafalk-elblag.pl\/index.php?rest_route=%2Fwp%2Fv2%2Ftags&post=3309"}],"curies":[{"name":"wp","href":"https:\/\/api.w.org\/{rel}","templated":true}]}}