{"id":3307,"date":"2019-02-14T12:28:39","date_gmt":"2019-02-14T12:28:39","guid":{"rendered":"http:\/\/rafalk-elblag.pl\/?p=3307"},"modified":"2019-02-14T12:28:39","modified_gmt":"2019-02-14T12:28:39","slug":"ogloszenia-parafialne-vi-niedziela-zwykla-17-02-2019","status":"publish","type":"post","link":"https:\/\/rafalk-elblag.pl\/?p=3307","title":{"rendered":"OG\u0141OSZENIA PARAFIALNE \u2013 VI NIEDZIELA ZWYK\u0141A 17.02.2019"},"content":{"rendered":"<p><a href=\"http:\/\/rafalk-elblag.pl\/wp-content\/uploads\/2016\/12\/pulpit.jpg\"><img loading=\"lazy\" decoding=\"async\" class=\"size-large wp-image-2530 aligncenter\" src=\"http:\/\/rafalk-elblag.pl\/wp-content\/uploads\/2016\/12\/pulpit-1024x682.jpg\" alt=\"\" width=\"900\" height=\"599\" srcset=\"https:\/\/rafalk-elblag.pl\/wp-content\/uploads\/2016\/12\/pulpit-1024x682.jpg 1024w, https:\/\/rafalk-elblag.pl\/wp-content\/uploads\/2016\/12\/pulpit-300x200.jpg 300w, https:\/\/rafalk-elblag.pl\/wp-content\/uploads\/2016\/12\/pulpit-768x512.jpg 768w, https:\/\/rafalk-elblag.pl\/wp-content\/uploads\/2016\/12\/pulpit.jpg 1698w\" sizes=\"auto, (max-width: 900px) 100vw, 900px\" \/><\/a><\/p>\n<p>&nbsp;<\/p>\n<p>&nbsp;<\/p>\n<p>1. Wsp\u00f3lnota Odnowy w Duchu \u015awi\u0119tym Kana Galilejska zaprasza na swoje spotkanie we wtorek o godz. 19:00 do salki na plebanii.<\/p>\n<p>&nbsp;<\/p>\n<p>2. Za tydzie\u0144 Caritas parafialna b\u0119dzie zbiera\u0142a ofiary do puszki dla os\u00f3b potrzebuj\u0105cych pomocy. Dzi\u0119kujemy za zrozumienie. W tym dniu spotkanie formacyjne dla Apostolatu Bo\u017cego Mi\u0142osierdzia i Wolontariuszy Caritas po Mszy \u015bw. o godz. 15:00.<\/p>\n<p>&nbsp;<\/p>\n<p>3. SZKO\u0141A PODSTAWOWA NR 11 im. Kornela Makuszy\u0144skiego przy ul. Korczaka 34 zaprasza na Drzwi Otwarte dnia 28.02.2019 r. od godz. 17:00 do godz. 19:00. Zapraszamy serdecznie wszystkich rodzic\u00f3w i uczni\u00f3w przysz\u0142ych klas pierwszych i \u201ezer\u00f3wek\u201d.<\/p>\n<p>&nbsp;<\/p>\n<p>4. Centrum Nowej Ewangelizacji organizuje w najbli\u017cszym czasie kilka wydarze\u0144 ewangelizacyjnych i formacyjnych, kt\u00f3re przedstawiamy poni\u017cej.<\/p>\n<p>&nbsp;<\/p>\n<p>5. Wsp\u00f3lnota \u201eM\u0119\u017cczy\u017ani Boga\u201d organizuje sesj\u0119 pn.: \u201eO dojrza\u0142ej m\u0119sko\u015bci\u201d. Jest to sesja wyjazdowa, kt\u00f3ra odb\u0119dzie si\u0119 w Krynicy Morskiej. Sesja s\u0142u\u017cy przyjrzeniu si\u0119 swojej m\u0119sko\u015bci i jej weryfikacji, bior\u0105c za wz\u00f3r Jezusa Chrystusa, dojrza\u0142ego m\u0119\u017cczyzn\u0119, naszego Mistrza i Pana. Sesja jest podzielona na 2 cz\u0119\u015bci: pierwsza z nich odb\u0119dzie si\u0119 1-2 marca, a druga 29-30 marca br. Zg\u0142oszenia drog\u0105 telefoniczn\u0105 do Marka (kom. 601 849 393) do dnia 22 lutego br. Koszt ka\u017cdej z dw\u00f3ch sesji: 100 z\u0142 od osoby plus dojazd. Koszty pokrywaj\u0105 nocleg i wy\u017cywienie. Zaczynamy w pi\u0105tek o 18:00. Ko\u0144czymy w sobot\u0119 o 20:00. Niedziela dla rodziny. Zapraszamy.&nbsp;<\/p>\n<p>&nbsp;<\/p>\n<p>6. Centrum Nowej Ewangelizacji zaprasza na sesj\u0119 zatytu\u0142owan\u0105: Jak \u017cy\u0107 Bo\u017cym S\u0142owem ka\u017cdego dnia?&nbsp;Sesja odb\u0119dzie si\u0119 w dniach 8 \u2013 9 marca 2019 roku w ko\u015bciele Bo\u017cego Cia\u0142a przy ul. Robotniczej 29 w Elbl\u0105gu. Poprowadzi j\u0105 ks. Jaros\u0142aw Kie\u0142b.&nbsp;\u201eTwoje s\u0142owo jest lamp\u0105 dla moich st\u00f3p i \u015bwiat\u0142em na mojej drodze\u201d [Ps 119,105]. PROGRAM: pi\u0105tek &#8211; 8 marca 2019:&nbsp;recepcja od godz. 17:00 pocz\u0105tek sesji&nbsp;18:00: S\u0142owo Boga i nasza codzienno\u015b\u0107 sobota &#8211; 9 marca 2019 [od godz. 10.00 do 16.00] I \u2013 przygotowanie na spotkanie ze S\u0142owem, II \u2013 modlitwa S\u0142owem Bo\u017cym III \u2013 prze\u017cywanie S\u0142owa Bo\u017cego w wydarzeniach dnia, IV \u2013 spojrzenie na dzie\u0144 w \u015bwietle S\u0142owa Bo\u017cego. Przewidziane s\u0105 przerwy na kaw\u0119 i obiad. W zwi\u0105zku z tym prosimy o wp\u0142at\u0119 30 z\u0142 na pokrycie koszt\u00f3w organizacji sesji [wp\u0142ata przy rejestracji].Zg\u0142oszenia: telefonicznie: 606 181 748 [Asia]przez formularz, kt\u00f3ry znajduje si\u0119 na stronie www.cneelblag.pl&nbsp;lub na diecezja.elblag.pl, lub osobi\u015bcie w dniu rozpocz\u0119cia sesji od godz. 17.00 w recepcji KBC.<\/p>\n<p>&nbsp;<\/p>\n<p>7. Centrum Nowej Ewangelizacji w Elbl\u0105gu organizuje kolejny Kursu Alpha (V edycja). Jest to cykl 11 interaktywnych spotka\u0144, opartych na go\u015bcinno\u015bci, wymianie pogl\u0105d\u00f3w i modlitwie, w czasie kt\u00f3rych odkrywamy podstawy chrze\u015bcija\u0144skiej wiary. Ka\u017cde spotkanie obejmuje posi\u0142ek, wyk\u0142ad i dyskusj\u0119 w ma\u0142ych grupach. Alpha jest skierowana do os\u00f3b, kt\u00f3rzy chc\u0105 zaznajomi\u0107 si\u0119 z chrze\u015bcija\u0144stwem, lub tych, kt\u00f3rzy pragn\u0105 od\u015bwie\u017cy\u0107 sobie podstawy wiary. Pierwsze spotkanie odb\u0119dzie si\u0119 w ko\u015bciele Bo\u017cego Cia\u0142a dnia 11 marca br. o godz. 19:00. Bardzo prosz\u0119 o zamieszczenie w og\u0142oszeniach parafialnych informacji o tym kursie. Wi\u0119cej informacji znajduje si\u0119 na stronie www.cneelblag.pl&nbsp;oraz na Facebook @alphaelblag<\/p>\n<p>&nbsp;<\/p>\n<p>8. Grupa rodzinna Al-Anon \u015amieszki zaprasza na mityng otwarty z okazji 28 lat istnienia, kt\u00f3ry odb\u0119dzie si\u0119 7 marca (czwartek) 2019 r. o godz. 17:00 w salce na plebanii.<\/p>\n<p>&nbsp;<\/p>\n<p>9. Przed ko\u015bcio\u0142em mo\u017cna naby\u0107 pras\u0119 katolick\u0105: \u201eGo\u015b\u0107 Niedzielny\u201d w cenie 5 z\u0142.<\/p>\n<p>&nbsp;<\/p>\n<p>10. Pos\u0142uga w konfesjonale w tygodniu: rano od 7:45 a wieczorem od 17:30. Zapraszamy. Przyjd\u017a wcze\u015bniej i skorzystaj z Sakramentu Pokuty.<\/p>\n<p>&nbsp;<\/p>\n<p>11. Kancelaria Parafialna czynna: w \u015brody od godz. 16:00 do godz. 17:30 oraz w sobot\u0119 od godz. 10:30 do 12:00. Zapraszamy.<\/p>\n<p>&nbsp;<\/p>\n<p>&nbsp;<\/p>\n","protected":false},"excerpt":{"rendered":"<p>&nbsp; &nbsp; 1. Wsp\u00f3lnota Odnowy w Duchu \u015awi\u0119tym Kana Galilejska zaprasza na swoje spotkanie we wtorek o godz. 19:00 do salki na plebanii. &nbsp; 2. Za tydzie\u0144 Caritas parafialna b\u0119dzie zbiera\u0142a ofiary do puszki dla os\u00f3b potrzebuj\u0105cych pomocy. Dzi\u0119kujemy za zrozumienie. W tym dniu spotkanie formacyjne dla Apostolatu Bo\u017cego Mi\u0142osierdzia i Wolontariuszy Caritas po Mszy [&hellip;]<\/p>\n","protected":false},"author":1,"featured_media":2530,"comment_status":"closed","ping_status":"closed","sticky":false,"template":"","format":"standard","meta":{"ngg_post_thumbnail":0,"footnotes":""},"categories":[11,8,3],"tags":[],"class_list":["post-3307","post","type-post","status-publish","format-standard","has-post-thumbnail","hentry","category-aktualnosci","category-blog","category-ogloszenia"],"_links":{"self":[{"href":"https:\/\/rafalk-elblag.pl\/index.php?rest_route=\/wp\/v2\/posts\/3307","targetHints":{"allow":["GET"]}}],"collection":[{"href":"https:\/\/rafalk-elblag.pl\/index.php?rest_route=\/wp\/v2\/posts"}],"about":[{"href":"https:\/\/rafalk-elblag.pl\/index.php?rest_route=\/wp\/v2\/types\/post"}],"author":[{"embeddable":true,"href":"https:\/\/rafalk-elblag.pl\/index.php?rest_route=\/wp\/v2\/users\/1"}],"replies":[{"embeddable":true,"href":"https:\/\/rafalk-elblag.pl\/index.php?rest_route=%2Fwp%2Fv2%2Fcomments&post=3307"}],"version-history":[{"count":1,"href":"https:\/\/rafalk-elblag.pl\/index.php?rest_route=\/wp\/v2\/posts\/3307\/revisions"}],"predecessor-version":[{"id":3308,"href":"https:\/\/rafalk-elblag.pl\/index.php?rest_route=\/wp\/v2\/posts\/3307\/revisions\/3308"}],"wp:featuredmedia":[{"embeddable":true,"href":"https:\/\/rafalk-elblag.pl\/index.php?rest_route=\/wp\/v2\/media\/2530"}],"wp:attachment":[{"href":"https:\/\/rafalk-elblag.pl\/index.php?rest_route=%2Fwp%2Fv2%2Fmedia&parent=3307"}],"wp:term":[{"taxonomy":"category","embeddable":true,"href":"https:\/\/rafalk-elblag.pl\/index.php?rest_route=%2Fwp%2Fv2%2Fcategories&post=3307"},{"taxonomy":"post_tag","embeddable":true,"href":"https:\/\/rafalk-elblag.pl\/index.php?rest_route=%2Fwp%2Fv2%2Ftags&post=3307"}],"curies":[{"name":"wp","href":"https:\/\/api.w.org\/{rel}","templated":true}]}}