{"id":3304,"date":"2019-02-08T11:23:49","date_gmt":"2019-02-08T11:23:49","guid":{"rendered":"http:\/\/rafalk-elblag.pl\/?p=3304"},"modified":"2019-02-08T11:23:49","modified_gmt":"2019-02-08T11:23:49","slug":"intencje-mszalne-v-tydzien-zwykly-11-17-02-2019","status":"publish","type":"post","link":"https:\/\/rafalk-elblag.pl\/?p=3304","title":{"rendered":"INTENCJE MSZALNE \u2013 V TYDZIE\u0143 ZWYK\u0141Y (11-17.02.2019)"},"content":{"rendered":"<p><a href=\"http:\/\/rafalk-elblag.pl\/wp-content\/uploads\/2016\/12\/shutterstock_49643152-1000.jpg\"><img loading=\"lazy\" decoding=\"async\" class=\"alignnone size-full wp-image-2526\" src=\"http:\/\/rafalk-elblag.pl\/wp-content\/uploads\/2016\/12\/shutterstock_49643152-1000.jpg\" alt=\"\" width=\"1000\" height=\"665\" srcset=\"https:\/\/rafalk-elblag.pl\/wp-content\/uploads\/2016\/12\/shutterstock_49643152-1000.jpg 1000w, https:\/\/rafalk-elblag.pl\/wp-content\/uploads\/2016\/12\/shutterstock_49643152-1000-300x200.jpg 300w, https:\/\/rafalk-elblag.pl\/wp-content\/uploads\/2016\/12\/shutterstock_49643152-1000-768x511.jpg 768w\" sizes=\"auto, (max-width: 1000px) 100vw, 1000px\" \/><\/a><\/p>\n<p>&nbsp;<\/p>\n<p><strong><span style=\"color: #0000ff;\">11 lutego PONIEDZIA\u0141EK<\/span><\/strong><br \/>\n<strong><span style=\"color: #0000ff;\">Wspomnienie Naj\u015bwi\u0119tszej Maryi Panny z Lourdes<\/span><\/strong> Mk 6, 53-56<\/p>\n<p>8:00 \u015ap. Genowefa Kuczy\u0144ska (15 greg)<\/p>\n<p>11:00 W intencji chorych (sakrament namaszczenia chorych)<\/p>\n<p>18:00 \u015ap. Jan Derenda (4 rocz. \u015bm)<\/p>\n<p>&nbsp;<\/p>\n<p><strong><span style=\"color: #0000ff;\">12 lutego WTOREK<\/span><\/strong> Mk 7, 1-13<\/p>\n<p>8:00 Za parafian<\/p>\n<p>18:00 \u015ap. Euzebia i Zygmunt Romanowscy w 75 rocz. \u015blubu<br \/>\n18.00 \u015ap. Genowefa Kuczy\u0144ska (16 greg)<\/p>\n<p>&nbsp;<\/p>\n<p><strong><span style=\"color: #0000ff;\">13 lutego \u015aRODA<\/span><\/strong> Mk 7, 14-23<\/p>\n<p>8:00 \u015ap. Genowefa Kuczy\u0144ska (17 greg)<\/p>\n<p>17:30 Nabo\u017ce\u0144stwo ku czci Matki Bo\u017cej Nieustaj\u0105cej Pomocy<\/p>\n<p>18:00 \u015ap. Sabina Polonis (1 rocz. \u015bm)<br \/>\n18:00 Dzi\u0119kczynna z okazji 21 urodzin wnuka Szymona, o potrzebne \u0142aski i opiek\u0119 Matki Bo\u017cej<\/p>\n<p>&nbsp;<\/p>\n<p><strong><span style=\"color: #0000ff;\">14 lutego CZWARTEK<\/span><\/strong><br \/>\n<strong><span style=\"color: #0000ff;\">\u015awi\u0119to \u015bwi\u0119tych Cyryla, mnicha, i Metodego, biskupa &#8211; patron\u00f3w Europy<\/span><\/strong> \u0141k 10, 1-9<\/p>\n<p>8:00 Dzi\u0119kczynna w 15 rocz. chrztu Antoniego z pro\u015bb\u0105 o \u017cyw\u0105 wiar\u0119 i opiek\u0119 Matki Bo\u017cej<\/p>\n<p>18:00 \u015ap. Genowefa Kuczy\u0144ska (18 greg)<br \/>\n18:00 \u015ap. Adolfa w rocz. \u015bm. i zmar\u0142ych z rodziny Adamowicz<\/p>\n<p>&nbsp;<\/p>\n<p><strong><span style=\"color: #0000ff;\">15 lutego PI\u0104TEK<\/span><\/strong> Mk 7, 31-37<\/p>\n<p>8:00 \u015ap. Henryk Pawlicki<\/p>\n<p>18:00 \u015ap. Genowefa Kuczy\u0144ska (19 greg)<br \/>\n18:00 \u015ap. Weronika Czajkowska (21 rocz. \u015bm)<\/p>\n<p>&nbsp;<\/p>\n<p><strong><span style=\"color: #0000ff;\">16 lutego SOBOTA<\/span><\/strong> Mk 8, 1-10<\/p>\n<p>8:00 \u015ap. Genowefa Kuczy\u0144ska (20 greg)<\/p>\n<p>18:00 \u015ap. Jerzy Duda (1 rocz \u015bm)<br \/>\n18:00 W intencji Rodziny Karmeli\u0144skiej i Bractwa Szkaplerznego<\/p>\n<p>&nbsp;<\/p>\n<p><strong><span style=\"color: #008000;\">17 lutego SZ\u00d3STA NIEDZIELA ZWYK\u0141A<\/span><\/strong> \u0141k 6, 17.20-26<\/p>\n<p>7:00 \u015ap. Franciszek Bublewicz (1 rocz. \u015bm)<\/p>\n<p>9:00 \u015ap. Feliksa i Franciszek Gu\u017cierowicz<br \/>\n9:00 O Bo\u017ce b\u0142ogos\u0142awie\u0144stwo, wszelkie \u0142aski, zdrowiei opiek\u0119 Matki Bo\u017cej dla Agnieszki i Jadwigi<\/p>\n<p>10:30 \u015ap. Genowefa Kuczy\u0144ska (21 greg)<\/p>\n<p><span style=\"color: #008000;\"><strong>12:00 Za parafian<\/strong><\/span><\/p>\n<p>15:00 \u015ap. J\u00f3zef Lis<\/p>\n<p>18:00 Dzi\u0119kczynna z okazji 11 urodzin Piotra z pro\u015bb\u0105 o Bo\u017ce b\u0142ogos\u0142awie\u0144stwo i potrzebne \u0142aski na ka\u017cdy dzie\u0144<\/p>\n<p>&nbsp;<\/p>\n<p>&nbsp;<\/p>\n<p>&nbsp;<\/p>\n","protected":false},"excerpt":{"rendered":"<p>&nbsp; 11 lutego PONIEDZIA\u0141EK Wspomnienie Naj\u015bwi\u0119tszej Maryi Panny z Lourdes Mk 6, 53-56 8:00 \u015ap. Genowefa Kuczy\u0144ska (15 greg) 11:00 W intencji chorych (sakrament namaszczenia chorych) 18:00 \u015ap. Jan Derenda (4 rocz. \u015bm) &nbsp; 12 lutego WTOREK Mk 7, 1-13 8:00 Za parafian 18:00 \u015ap. Euzebia i Zygmunt Romanowscy w 75 rocz. \u015blubu 18.00 \u015ap. [&hellip;]<\/p>\n","protected":false},"author":1,"featured_media":2526,"comment_status":"closed","ping_status":"closed","sticky":false,"template":"","format":"standard","meta":{"ngg_post_thumbnail":0,"footnotes":""},"categories":[11,8,4],"tags":[],"class_list":["post-3304","post","type-post","status-publish","format-standard","has-post-thumbnail","hentry","category-aktualnosci","category-blog","category-intencje"],"_links":{"self":[{"href":"https:\/\/rafalk-elblag.pl\/index.php?rest_route=\/wp\/v2\/posts\/3304","targetHints":{"allow":["GET"]}}],"collection":[{"href":"https:\/\/rafalk-elblag.pl\/index.php?rest_route=\/wp\/v2\/posts"}],"about":[{"href":"https:\/\/rafalk-elblag.pl\/index.php?rest_route=\/wp\/v2\/types\/post"}],"author":[{"embeddable":true,"href":"https:\/\/rafalk-elblag.pl\/index.php?rest_route=\/wp\/v2\/users\/1"}],"replies":[{"embeddable":true,"href":"https:\/\/rafalk-elblag.pl\/index.php?rest_route=%2Fwp%2Fv2%2Fcomments&post=3304"}],"version-history":[{"count":1,"href":"https:\/\/rafalk-elblag.pl\/index.php?rest_route=\/wp\/v2\/posts\/3304\/revisions"}],"predecessor-version":[{"id":3305,"href":"https:\/\/rafalk-elblag.pl\/index.php?rest_route=\/wp\/v2\/posts\/3304\/revisions\/3305"}],"wp:featuredmedia":[{"embeddable":true,"href":"https:\/\/rafalk-elblag.pl\/index.php?rest_route=\/wp\/v2\/media\/2526"}],"wp:attachment":[{"href":"https:\/\/rafalk-elblag.pl\/index.php?rest_route=%2Fwp%2Fv2%2Fmedia&parent=3304"}],"wp:term":[{"taxonomy":"category","embeddable":true,"href":"https:\/\/rafalk-elblag.pl\/index.php?rest_route=%2Fwp%2Fv2%2Fcategories&post=3304"},{"taxonomy":"post_tag","embeddable":true,"href":"https:\/\/rafalk-elblag.pl\/index.php?rest_route=%2Fwp%2Fv2%2Ftags&post=3304"}],"curies":[{"name":"wp","href":"https:\/\/api.w.org\/{rel}","templated":true}]}}