{"id":3302,"date":"2019-02-08T11:19:43","date_gmt":"2019-02-08T11:19:43","guid":{"rendered":"http:\/\/rafalk-elblag.pl\/?p=3302"},"modified":"2019-02-08T11:19:43","modified_gmt":"2019-02-08T11:19:43","slug":"ogloszenia-parafialne-v-niedziela-zwykla-10-02-2019","status":"publish","type":"post","link":"https:\/\/rafalk-elblag.pl\/?p=3302","title":{"rendered":"OG\u0141OSZENIA PARAFIALNE \u2013 V NIEDZIELA ZWYK\u0141A 10.02.2019"},"content":{"rendered":"<p><a href=\"http:\/\/rafalk-elblag.pl\/wp-content\/uploads\/2016\/12\/pulpit.jpg\"><img loading=\"lazy\" decoding=\"async\" class=\"alignnone size-large wp-image-2530\" src=\"http:\/\/rafalk-elblag.pl\/wp-content\/uploads\/2016\/12\/pulpit-1024x682.jpg\" alt=\"\" width=\"900\" height=\"599\" srcset=\"https:\/\/rafalk-elblag.pl\/wp-content\/uploads\/2016\/12\/pulpit-1024x682.jpg 1024w, https:\/\/rafalk-elblag.pl\/wp-content\/uploads\/2016\/12\/pulpit-300x200.jpg 300w, https:\/\/rafalk-elblag.pl\/wp-content\/uploads\/2016\/12\/pulpit-768x512.jpg 768w, https:\/\/rafalk-elblag.pl\/wp-content\/uploads\/2016\/12\/pulpit.jpg 1698w\" sizes=\"auto, (max-width: 900px) 100vw, 900px\" \/><\/a><\/p>\n<p>&nbsp;<\/p>\n<p>1. W poniedzia\u0142ek 11 lutego przypada 161 rocznica Objawie\u0144 Matki Bo\u017cej z Lourdes, a zarazem jest to \u015aWIATOWY DZIE\u0143 CHOREGO. Chorych i ich opiekun\u00f3w zapraszamy szczeg\u00f3lnie na Msz\u0119 \u015bw. o godz. 11:00, w trakcie kt\u00f3rej zostanie<br \/>\nudzielony Sakrament Namaszczenia Chorych (jest to sakrament tylko dla tych, kt\u00f3rzy b\u0119d\u0105 w stanie \u0142aski u\u015bwi\u0119caj\u0105cej). Mo\u017cliwo\u015b\u0107 skorzystania z sakramentu spowiedzi przed Msz\u0105 \u015bw.. Zapraszamy.<\/p>\n<p>&nbsp;<\/p>\n<p>2. W \u015brod\u0119 13 lutego br. spotkanie Kr\u0119gu Biblijnego o godz. 19:00. Ksi\u0105dz \u0141ukasz przypomina, \u017ce spotkania KR\u0118GU BIBLIJNEGO odbywaj\u0105 si\u0119 w II i IV \u015brod\u0119 miesi\u0105ca. Serdecznie zapraszamy.<\/p>\n<p>&nbsp;<\/p>\n<p>3. Ks. Marcin zaprasza m\u0142odzie\u017c na spotkanie Katolickiego Stowarzyszenia M\u0142odzie\u017cy \u201eBoanerges\u201d w ka\u017cd\u0105 \u015brod\u0119 na godz. 19:00 do sali na plebanii.<\/p>\n<p>&nbsp;<\/p>\n<p>4. M\u0142odzie\u017c przygotowuj\u0105c\u0105 si\u0119 pierwszy rok (klasy III Gimnazjum) do SAKRAMENTU BIERZMOWANIA zapraszamy w pi\u0105tek (15 lutego) na godz. 19:00. Ks. Marcin liczy na 100% obecno\u015b\u0107.<\/p>\n<p>&nbsp;<\/p>\n<p>5. W sobot\u0119 16 lutego dzie\u0144 modlitw za Bractwo Szkaplerzne, a tak\u017ce za osoby nosz\u0105ce Szkaplerz \u015awi\u0119ty. Zapraszamy wszystkich nale\u017c\u0105cych i pragn\u0105cych w\u0142\u0105czy\u0107 si\u0119 do tej wsp\u00f3lnoty na Msz\u0119 \u015bw. o godz. 18:00 \u2013 dzi\u0119kczynnej w V<br \/>\nrocznic\u0119 nadania drugiego tytu\u0142u naszej \u015bwi\u0105tyni: MATKI BO\u017bEJ SZKAPLERZNEJ.<\/p>\n<p>&nbsp;<\/p>\n<p>6. Przypominamy o sta\u0142ych spotkaniach:<\/p>\n<p>\uf0b7 Dzieci ze Scholki Parafialnej \u2013 pi\u0105tek o godz. 17:00, niedziela godz. 10:00<\/p>\n<p>\uf0b7 Ministranci \u2013 sobota godz. 9:00<\/p>\n<p>\uf0b7 Zesp\u00f3\u0142 M\u0142odzie\u017cowy \u2013 niedziela, godz. 17:00<\/p>\n<p>&nbsp;<\/p>\n<p>7. Informujemy o mo\u017cliwo\u015bci rezerwacji i zamawiania Mszy \u015bw. na ca\u0142y bie\u017c\u0105cy rok. Niech Eucharystia stanie si\u0119 dzi\u0119kczynieniem za prze\u017cyte lata, rocznice sakramentu ma\u0142\u017ce\u0144stwa, imienin itp. Msza \u015bw. jest najpi\u0119kniejszym darem, w<br \/>\nkt\u00f3rym mo\u017cemy tu na ziemi uczestniczy\u0107.<\/p>\n<p>&nbsp;<\/p>\n<p>8. Przed ko\u015bcio\u0142em mo\u017cna naby\u0107 pras\u0119 katolick\u0105: \u201eGo\u015b\u0107 Niedzielny\u201d w cenie 5 z\u0142.<\/p>\n<p>&nbsp;<\/p>\n<p>9. Kancelaria Parafialna czynna: w \u015brody od godz. 16:00 do godz. 17:30 oraz w sobot\u0119 od godz. 10:30 do 12:00. Zapraszamy.<\/p>\n<p>&nbsp;<\/p>\n<p>&nbsp;<\/p>\n<p>&nbsp;<\/p>\n","protected":false},"excerpt":{"rendered":"<p>&nbsp; 1. W poniedzia\u0142ek 11 lutego przypada 161 rocznica Objawie\u0144 Matki Bo\u017cej z Lourdes, a zarazem jest to \u015aWIATOWY DZIE\u0143 CHOREGO. Chorych i ich opiekun\u00f3w zapraszamy szczeg\u00f3lnie na Msz\u0119 \u015bw. o godz. 11:00, w trakcie kt\u00f3rej zostanie udzielony Sakrament Namaszczenia Chorych (jest to sakrament tylko dla tych, kt\u00f3rzy b\u0119d\u0105 w stanie \u0142aski u\u015bwi\u0119caj\u0105cej). Mo\u017cliwo\u015b\u0107 skorzystania [&hellip;]<\/p>\n","protected":false},"author":1,"featured_media":2530,"comment_status":"closed","ping_status":"closed","sticky":false,"template":"","format":"standard","meta":{"ngg_post_thumbnail":0,"footnotes":""},"categories":[11,8,3],"tags":[],"class_list":["post-3302","post","type-post","status-publish","format-standard","has-post-thumbnail","hentry","category-aktualnosci","category-blog","category-ogloszenia"],"_links":{"self":[{"href":"https:\/\/rafalk-elblag.pl\/index.php?rest_route=\/wp\/v2\/posts\/3302","targetHints":{"allow":["GET"]}}],"collection":[{"href":"https:\/\/rafalk-elblag.pl\/index.php?rest_route=\/wp\/v2\/posts"}],"about":[{"href":"https:\/\/rafalk-elblag.pl\/index.php?rest_route=\/wp\/v2\/types\/post"}],"author":[{"embeddable":true,"href":"https:\/\/rafalk-elblag.pl\/index.php?rest_route=\/wp\/v2\/users\/1"}],"replies":[{"embeddable":true,"href":"https:\/\/rafalk-elblag.pl\/index.php?rest_route=%2Fwp%2Fv2%2Fcomments&post=3302"}],"version-history":[{"count":1,"href":"https:\/\/rafalk-elblag.pl\/index.php?rest_route=\/wp\/v2\/posts\/3302\/revisions"}],"predecessor-version":[{"id":3303,"href":"https:\/\/rafalk-elblag.pl\/index.php?rest_route=\/wp\/v2\/posts\/3302\/revisions\/3303"}],"wp:featuredmedia":[{"embeddable":true,"href":"https:\/\/rafalk-elblag.pl\/index.php?rest_route=\/wp\/v2\/media\/2530"}],"wp:attachment":[{"href":"https:\/\/rafalk-elblag.pl\/index.php?rest_route=%2Fwp%2Fv2%2Fmedia&parent=3302"}],"wp:term":[{"taxonomy":"category","embeddable":true,"href":"https:\/\/rafalk-elblag.pl\/index.php?rest_route=%2Fwp%2Fv2%2Fcategories&post=3302"},{"taxonomy":"post_tag","embeddable":true,"href":"https:\/\/rafalk-elblag.pl\/index.php?rest_route=%2Fwp%2Fv2%2Ftags&post=3302"}],"curies":[{"name":"wp","href":"https:\/\/api.w.org\/{rel}","templated":true}]}}