{"id":3300,"date":"2019-02-08T11:16:46","date_gmt":"2019-02-08T11:16:46","guid":{"rendered":"http:\/\/rafalk-elblag.pl\/?p=3300"},"modified":"2019-02-08T11:24:02","modified_gmt":"2019-02-08T11:24:02","slug":"intencje-mszalne-iii-tydzien-zwykly-4-10-02-2019","status":"publish","type":"post","link":"https:\/\/rafalk-elblag.pl\/?p=3300","title":{"rendered":"INTENCJE MSZALNE \u2013 IV TYDZIE\u0143 ZWYK\u0141Y (4-10.02.2019)"},"content":{"rendered":"<p><a href=\"http:\/\/rafalk-elblag.pl\/wp-content\/uploads\/2016\/12\/shutterstock_49643152-1000.jpg\"><img loading=\"lazy\" decoding=\"async\" class=\"alignnone size-full wp-image-2526\" src=\"http:\/\/rafalk-elblag.pl\/wp-content\/uploads\/2016\/12\/shutterstock_49643152-1000.jpg\" alt=\"\" width=\"1000\" height=\"665\" srcset=\"https:\/\/rafalk-elblag.pl\/wp-content\/uploads\/2016\/12\/shutterstock_49643152-1000.jpg 1000w, https:\/\/rafalk-elblag.pl\/wp-content\/uploads\/2016\/12\/shutterstock_49643152-1000-300x200.jpg 300w, https:\/\/rafalk-elblag.pl\/wp-content\/uploads\/2016\/12\/shutterstock_49643152-1000-768x511.jpg 768w\" sizes=\"auto, (max-width: 1000px) 100vw, 1000px\" \/><\/a><\/p>\n<p>&nbsp;<\/p>\n<p><span style=\"color: #800000;\"><strong>4 lutego PONIEDZIA\u0141EK<\/strong><\/span> Mk 5, 1-20<\/p>\n<p>8:00 \u015ap. Genowefa Kuczy\u0144ska (8 greg)<\/p>\n<p>18:00 \u015ap. Henryk Sinkiewicz (8 rocz. \u015bm), Stanis\u0142aw Sinkiewicz (2 rocz. \u015bm)<br \/>\n18:00 Sp. Walentyna Myszk (15 rocz. \u015bm)<\/p>\n<p>&nbsp;<\/p>\n<p><span style=\"color: #800000;\"><strong>5 lutego WTOREK<\/strong><\/span><br \/>\n<span style=\"color: #800000;\"><strong>Wspomnienie \u015bw. Agaty, dziewicy i m\u0119czennicy<\/strong><\/span> Mk 5, 21-43<\/p>\n<p>8:00 Rezerwacja<\/p>\n<p>18:00 \u015ap. Genowefa Kuczy\u0144ska (9 greg)<\/p>\n<p>&nbsp;<\/p>\n<p><strong><span style=\"color: #800000;\">6 lutego \u015aRODA<\/span><\/strong><br \/>\n<strong><span style=\"color: #800000;\">Wspomnienie \u015bw. Paw\u0142a Miki i Towarzyszy, m\u0119czennik\u00f3w<\/span><\/strong> Mk 6, 1-6<\/p>\n<p>8:00 \u015ap. Genowefa Kuczy\u0144ska (10 greg)<\/p>\n<p>17:30 Nabo\u017ce\u0144stwo ku czci Matki Bo\u017cej Nieustaj\u0105cej Pomocy<\/p>\n<p>18:00 \u015ap. Stanis\u0142aw (40 rocz. \u015bm), Marianna, Piotr, Kazimierz z rodziny Pa\u0142ka<br \/>\n18:00 \u015ap. Zenobia Antonowicz (3 rocz. \u015bm), Ryszard Antonowicz, Zuzanna, Lidia Szulc, Marianna Szulc<\/p>\n<p>&nbsp;<\/p>\n<p><span style=\"color: #800000;\"><strong>7 lutego CZWARTEK<\/strong><\/span><br \/>\n<span style=\"color: #800000;\"><strong>Pierwszy czwartek miesi\u0105ca<\/strong><\/span> Mk 6, 7-13<\/p>\n<p>8:00 \u015ap. Genowefa Kuczy\u0144ska (11 greg)<br \/>\n8:00 \u015ap. Zdzis\u0142aw Brdak (1 rocz. \u015bm)<\/p>\n<p>18:00 O nowe powo\u0142ania kap\u0142a\u0144skie, zakonne i misyjne<\/p>\n<p>19:00 Godzina \u015awi\u0119ta<\/p>\n<p>&nbsp;<\/p>\n<p><strong><span style=\"color: #800000;\">8 lutego PI\u0104TEK<\/span><\/strong> Mk 6, 14-29<\/p>\n<p>8:00 O Bo\u017ce b\u0142ogos\u0142awie\u0144stwo, otwarto\u015b\u0107 i si\u0142\u0119 we wprowadzeniu w \u017cycie wszelkich \u0142ask dla Nikodema i jego rodziny, Agnieszki i ca\u0142ej rodziny zakonnej oraz Magdaleny i Macieja<\/p>\n<p>18:00 \u015ap. Genowefa Kuczy\u0144ska (12 greg)<br \/>\n18:00 Dzi\u0119kczynna z okazji 5 urodzin Krzysztofa At\u0142as z pro\u015bb\u0105 o Bo\u017ce b\u0142ogos\u0142awie\u0144stwo dla ca\u0142ej rodziny<\/p>\n<p>&nbsp;<\/p>\n<p><strong><span style=\"color: #800000;\">9 lutego SOBOTA<\/span> <\/strong>Mk 6, 30-34<\/p>\n<p>8:00 \u015ap. Genowefa Kuczy\u0144ska (13 greg)<\/p>\n<p>18:00 \u015ap. Teodor i Marian Mongia\u0142a oraz zmar\u0142ych Polak\u00f3w zes\u0142anych na Sybir<br \/>\n18:00 Dzi\u0119kczynna za otrzymane \u0142aski z pro\u015bb\u0105 o dalsze i opiek\u0119 Matki Bo\u017cej dla rodzin: Ubranowskich i D\u0119bickich<\/p>\n<p>&nbsp;<\/p>\n<p><span style=\"color: #008000;\"><strong>10 lutego PI\u0104TA NIEDZIELA ZWYK\u0141A<\/strong><\/span> \u0141k 5, 1-11<\/p>\n<p>7:00 \u015ap. Boles\u0142awa Sulczyk (6 rocz. \u015bm), Bronis\u0142aw Sulczyk<\/p>\n<p>9:00 \u015ap. Genowefa Kuczy\u0144ska (14 greg)<\/p>\n<p>9:00 \u015ap. Stanis\u0142awa K\u0119pi\u0144ska (7 rocz. \u015bm), Antoni, Krystyna Przedwojewska<\/p>\n<p>10:30 \u015ap. Julian Hochleitner (4 rocz. \u015bm), Cecylia Lewandowska (8 rocz. \u015bm)<\/p>\n<p>12:00 Dzi\u0119kczynna z okazji 60 rocznicy \u015blubu Leonarda i Ryszard Gronostaj z pro\u015bb\u0105 o Bo\u017ce b\u0142ogos\u0142awie\u0144stwo i potrzebne \u0142aski dla Jubilat\u00f3w<\/p>\n<p>15:00 \u015ap. Maria S\u0142omi\u0144ska (7 rocz. \u015bm) i zmar\u0142ych z rodzin: S\u0142omi\u0144skich i Go\u0142y\u0144skich<\/p>\n<p>18:00 Dzi\u0119kczynna z okazji urodzin Martyny Sowijak z pro\u015bb\u0105 o Bo\u017ce b\u0142ogos\u0142awie\u0144stwo, wszelkie \u0142aski i opiek\u0119 Matki Bo\u017cej<\/p>\n<p>18:00 Dzi\u0119kczynna z okazji 18 urodzin Konrada Jakimowicza z pro\u015bb\u0105 o Dary Ducha \u015awi\u0119tego potrzebne w doros\u0142ym \u017cyciu<\/p>\n<p>&nbsp;<\/p>\n<p>&nbsp;<\/p>\n","protected":false},"excerpt":{"rendered":"<p>&nbsp; 4 lutego PONIEDZIA\u0141EK Mk 5, 1-20 8:00 \u015ap. Genowefa Kuczy\u0144ska (8 greg) 18:00 \u015ap. Henryk Sinkiewicz (8 rocz. \u015bm), Stanis\u0142aw Sinkiewicz (2 rocz. \u015bm) 18:00 Sp. Walentyna Myszk (15 rocz. \u015bm) &nbsp; 5 lutego WTOREK Wspomnienie \u015bw. Agaty, dziewicy i m\u0119czennicy Mk 5, 21-43 8:00 Rezerwacja 18:00 \u015ap. Genowefa Kuczy\u0144ska (9 greg) &nbsp; 6 [&hellip;]<\/p>\n","protected":false},"author":1,"featured_media":2526,"comment_status":"closed","ping_status":"closed","sticky":false,"template":"","format":"standard","meta":{"ngg_post_thumbnail":0,"footnotes":""},"categories":[11,8,4],"tags":[],"class_list":["post-3300","post","type-post","status-publish","format-standard","has-post-thumbnail","hentry","category-aktualnosci","category-blog","category-intencje"],"_links":{"self":[{"href":"https:\/\/rafalk-elblag.pl\/index.php?rest_route=\/wp\/v2\/posts\/3300","targetHints":{"allow":["GET"]}}],"collection":[{"href":"https:\/\/rafalk-elblag.pl\/index.php?rest_route=\/wp\/v2\/posts"}],"about":[{"href":"https:\/\/rafalk-elblag.pl\/index.php?rest_route=\/wp\/v2\/types\/post"}],"author":[{"embeddable":true,"href":"https:\/\/rafalk-elblag.pl\/index.php?rest_route=\/wp\/v2\/users\/1"}],"replies":[{"embeddable":true,"href":"https:\/\/rafalk-elblag.pl\/index.php?rest_route=%2Fwp%2Fv2%2Fcomments&post=3300"}],"version-history":[{"count":2,"href":"https:\/\/rafalk-elblag.pl\/index.php?rest_route=\/wp\/v2\/posts\/3300\/revisions"}],"predecessor-version":[{"id":3306,"href":"https:\/\/rafalk-elblag.pl\/index.php?rest_route=\/wp\/v2\/posts\/3300\/revisions\/3306"}],"wp:featuredmedia":[{"embeddable":true,"href":"https:\/\/rafalk-elblag.pl\/index.php?rest_route=\/wp\/v2\/media\/2526"}],"wp:attachment":[{"href":"https:\/\/rafalk-elblag.pl\/index.php?rest_route=%2Fwp%2Fv2%2Fmedia&parent=3300"}],"wp:term":[{"taxonomy":"category","embeddable":true,"href":"https:\/\/rafalk-elblag.pl\/index.php?rest_route=%2Fwp%2Fv2%2Fcategories&post=3300"},{"taxonomy":"post_tag","embeddable":true,"href":"https:\/\/rafalk-elblag.pl\/index.php?rest_route=%2Fwp%2Fv2%2Ftags&post=3300"}],"curies":[{"name":"wp","href":"https:\/\/api.w.org\/{rel}","templated":true}]}}