{"id":3296,"date":"2019-02-08T11:09:01","date_gmt":"2019-02-08T11:09:01","guid":{"rendered":"http:\/\/rafalk-elblag.pl\/?p=3296"},"modified":"2019-02-08T11:09:01","modified_gmt":"2019-02-08T11:09:01","slug":"intencje-mszalne-iii-tydzien-zwykly-28-01-3-02-2019","status":"publish","type":"post","link":"https:\/\/rafalk-elblag.pl\/?p=3296","title":{"rendered":"INTENCJE MSZALNE \u2013 III TYDZIE\u0143 ZWYK\u0141Y (28.01.-3.02.2019)"},"content":{"rendered":"<p><a href=\"http:\/\/rafalk-elblag.pl\/wp-content\/uploads\/2016\/12\/shutterstock_49643152-1000.jpg\"><img loading=\"lazy\" decoding=\"async\" class=\"alignnone size-full wp-image-2526\" src=\"http:\/\/rafalk-elblag.pl\/wp-content\/uploads\/2016\/12\/shutterstock_49643152-1000.jpg\" alt=\"\" width=\"1000\" height=\"665\" srcset=\"https:\/\/rafalk-elblag.pl\/wp-content\/uploads\/2016\/12\/shutterstock_49643152-1000.jpg 1000w, https:\/\/rafalk-elblag.pl\/wp-content\/uploads\/2016\/12\/shutterstock_49643152-1000-300x200.jpg 300w, https:\/\/rafalk-elblag.pl\/wp-content\/uploads\/2016\/12\/shutterstock_49643152-1000-768x511.jpg 768w\" sizes=\"auto, (max-width: 1000px) 100vw, 1000px\" \/><\/a><\/p>\n<p>&nbsp;<\/p>\n<p><span style=\"color: #ff6600;\"><strong>28 stycznia PONIEDZIA\u0141EK<\/strong><\/span><\/p>\n<p><span style=\"color: #ff6600;\"><strong>Wspomnienie \u015bw. Tomasza z Akwinu, prezbitera i doktora Ko\u015bcio\u0142a<\/strong><\/span> Mk 3, 22-30<\/p>\n<p>8:00 \u015ap. Danuta Radziszewska (28 greg)<\/p>\n<p>18:00 \u015ap. Genowefa Kuczy\u0144ska (1 greg)<\/p>\n<p>&nbsp;<\/p>\n<p><strong><span style=\"color: #ff6600;\">29 stycznia WTOREK<\/span><\/strong> Mk 3, 31-35<\/p>\n<p>8:00 \u015ap. Danuta Radziszewska (29 greg)<\/p>\n<p>18:00 \u015ap. Genowefa Kuczy\u0144ska (2 greg)<\/p>\n<p>&nbsp;<\/p>\n<p><strong><span style=\"color: #ff6600;\">30 stycznia \u015aRODA<\/span><\/strong> Mk 4, 1-20<\/p>\n<p>8:00 \u015ap. Genowefa Kuczy\u0144ska (3 greg)<\/p>\n<p><em>17:30 Nabo\u017ce\u0144stwo ku czci Matki Bo\u017cej Nieustaj\u0105cej Pomocy<\/em><\/p>\n<p>18:00 \u015ap. Danuta Radziszewska (30 greg)<\/p>\n<p>&nbsp;<\/p>\n<p><span style=\"color: #ff6600;\"><strong>31 stycznia CZWARTEK<\/strong><\/span><\/p>\n<p><strong><span style=\"color: #ff6600;\">Wspomnienie \u015bw. Jana Bosko, prezbitera<\/span><\/strong> Mk 4, 21-25<\/p>\n<p>8:00 \u015ap. Genowefa Kuczy\u0144ska (4 greg)<\/p>\n<p>18:00 \u015ap. Franciszka i Stanis\u0142aw Zaborowscy i zmarli rodzice<\/p>\n<p>18:00 \u015ap. Zofia Pniak (6 rocz. \u015bm)<\/p>\n<p>&nbsp;<\/p>\n<p><strong><span style=\"color: #ff6600;\">1 lutego PI\u0104TEK<\/span><\/strong><br \/>\n<strong><span style=\"color: #ff6600;\">Pierwszy pi\u0105tek miesi\u0105ca<\/span><\/strong> Mk 4, 26-34<\/p>\n<p>8:00 \u015ap. Genowefa Kuczy\u0144ska (5 greg)<\/p>\n<p>18:00 Dzi\u0119kczynna za uko\u0144czone 75 lat Edwarda (m) Hipsz, z pro\u015bb\u0105 o Bo\u017ce b\u0142ogos\u0142awi\u0144stwo i opiek\u0119 Matki Bo\u017cej<\/p>\n<p>&nbsp;<\/p>\n<p><strong><span style=\"color: #ff6600;\">2 lutego SOBOTA<\/span><\/strong><br \/>\n<strong><span style=\"color: #ff6600;\">\u015awi\u0119to ofiarowania Pa\u0144skiego &#8211; Matki Bo\u017cej Gromnicznej -pierwsza sobota miesi\u0105ca<\/span> <\/strong>\u0141k 2, 22-40<\/p>\n<p>8:00 \u015ap. Genowefa Kuczy\u0144ska (6 greg)<br \/>\n11:00 W intencji os\u00f3b konsekrowanych pos\u0142uguj\u0105cych w naszym mie\u015bcie, zakony kaluzurowe (karmelitanki, klaryski) z pro\u015bb\u0105 o nowe powo\u0142ania do swoich zakon\u00f3w<\/p>\n<p>18:00 \u015ap. J\u00f3zef Smolak (15 rocz. \u015bm)<\/p>\n<p>&nbsp;<\/p>\n<p><strong><span style=\"color: #008000;\">3 lutego CZWARTA NIEDZIELA ZWYK\u0141A<\/span><\/strong> \u0141k 4, 21-30<\/p>\n<p>7:00 \u015ap. Zmar\u0142ych z rodzin: Rend\u00f3w i Radziszewskich<\/p>\n<p>9:00 \u015ap. Genowefa Kuczy\u0144ska (7 greg)<br \/>\n9:00 \u015ap. Zmar\u0142ych z rodziny Pastuszka: Janina (2 rocz. \u015bm), Jan (24 rocz. \u015bm), Tadeusz (17 rocz. \u015bm), Zbigniew (17 rocz. \u015bm)<\/p>\n<p>10:30 \u015ap. Stanis\u0142aw, Jadwiga, Zdzis\u0142aw Mierzejewscy, Zbigniew Kraszewski<\/p>\n<p><span style=\"color: #008000;\">12:00 Za parafian<\/span><\/p>\n<p>15:00 \u015ap. J\u00f3zef Burchardt (5 rocz. \u015bm), zmar\u0142ych z rodzin: Burchardt i \u017bakiewicz<\/p>\n<p>18:00 \u015ap. Wac\u0142aw I\u0142gowski (52 rocz. \u015bm), J\u00f3zefa I\u0142gowska (42 rocz. \u015bm), Jadwiga I\u0142gowska (13 rocz. \u015bm)<\/p>\n<p>&nbsp;<\/p>\n<p>&nbsp;<\/p>\n","protected":false},"excerpt":{"rendered":"<p>&nbsp; 28 stycznia PONIEDZIA\u0141EK Wspomnienie \u015bw. Tomasza z Akwinu, prezbitera i doktora Ko\u015bcio\u0142a Mk 3, 22-30 8:00 \u015ap. Danuta Radziszewska (28 greg) 18:00 \u015ap. Genowefa Kuczy\u0144ska (1 greg) &nbsp; 29 stycznia WTOREK Mk 3, 31-35 8:00 \u015ap. Danuta Radziszewska (29 greg) 18:00 \u015ap. Genowefa Kuczy\u0144ska (2 greg) &nbsp; 30 stycznia \u015aRODA Mk 4, 1-20 8:00 [&hellip;]<\/p>\n","protected":false},"author":1,"featured_media":2526,"comment_status":"closed","ping_status":"closed","sticky":false,"template":"","format":"standard","meta":{"ngg_post_thumbnail":0,"footnotes":""},"categories":[11,8,4],"tags":[],"class_list":["post-3296","post","type-post","status-publish","format-standard","has-post-thumbnail","hentry","category-aktualnosci","category-blog","category-intencje"],"_links":{"self":[{"href":"https:\/\/rafalk-elblag.pl\/index.php?rest_route=\/wp\/v2\/posts\/3296","targetHints":{"allow":["GET"]}}],"collection":[{"href":"https:\/\/rafalk-elblag.pl\/index.php?rest_route=\/wp\/v2\/posts"}],"about":[{"href":"https:\/\/rafalk-elblag.pl\/index.php?rest_route=\/wp\/v2\/types\/post"}],"author":[{"embeddable":true,"href":"https:\/\/rafalk-elblag.pl\/index.php?rest_route=\/wp\/v2\/users\/1"}],"replies":[{"embeddable":true,"href":"https:\/\/rafalk-elblag.pl\/index.php?rest_route=%2Fwp%2Fv2%2Fcomments&post=3296"}],"version-history":[{"count":1,"href":"https:\/\/rafalk-elblag.pl\/index.php?rest_route=\/wp\/v2\/posts\/3296\/revisions"}],"predecessor-version":[{"id":3297,"href":"https:\/\/rafalk-elblag.pl\/index.php?rest_route=\/wp\/v2\/posts\/3296\/revisions\/3297"}],"wp:featuredmedia":[{"embeddable":true,"href":"https:\/\/rafalk-elblag.pl\/index.php?rest_route=\/wp\/v2\/media\/2526"}],"wp:attachment":[{"href":"https:\/\/rafalk-elblag.pl\/index.php?rest_route=%2Fwp%2Fv2%2Fmedia&parent=3296"}],"wp:term":[{"taxonomy":"category","embeddable":true,"href":"https:\/\/rafalk-elblag.pl\/index.php?rest_route=%2Fwp%2Fv2%2Fcategories&post=3296"},{"taxonomy":"post_tag","embeddable":true,"href":"https:\/\/rafalk-elblag.pl\/index.php?rest_route=%2Fwp%2Fv2%2Ftags&post=3296"}],"curies":[{"name":"wp","href":"https:\/\/api.w.org\/{rel}","templated":true}]}}