{"id":3294,"date":"2019-02-08T11:04:38","date_gmt":"2019-02-08T11:04:38","guid":{"rendered":"http:\/\/rafalk-elblag.pl\/?p=3294"},"modified":"2019-02-08T11:04:38","modified_gmt":"2019-02-08T11:04:38","slug":"ogloszenia-parafialne-iii-niedziela-zwykla-27-01-2019","status":"publish","type":"post","link":"https:\/\/rafalk-elblag.pl\/?p=3294","title":{"rendered":"OG\u0141OSZENIA PARAFIALNE \u2013 III NIEDZIELA ZWYK\u0141A 27.01.2019"},"content":{"rendered":"<p><a href=\"http:\/\/rafalk-elblag.pl\/wp-content\/uploads\/2016\/12\/pulpit.jpg\"><img loading=\"lazy\" decoding=\"async\" class=\"alignnone size-large wp-image-2530\" src=\"http:\/\/rafalk-elblag.pl\/wp-content\/uploads\/2016\/12\/pulpit-1024x682.jpg\" alt=\"\" width=\"900\" height=\"599\" srcset=\"https:\/\/rafalk-elblag.pl\/wp-content\/uploads\/2016\/12\/pulpit-1024x682.jpg 1024w, https:\/\/rafalk-elblag.pl\/wp-content\/uploads\/2016\/12\/pulpit-300x200.jpg 300w, https:\/\/rafalk-elblag.pl\/wp-content\/uploads\/2016\/12\/pulpit-768x512.jpg 768w, https:\/\/rafalk-elblag.pl\/wp-content\/uploads\/2016\/12\/pulpit.jpg 1698w\" sizes=\"auto, (max-width: 900px) 100vw, 900px\" \/><\/a><\/p>\n<p>&nbsp;<\/p>\n<p>1. Wolontariusze parafialnego Caritas zbieraj\u0105 ofiary do puszek dla os\u00f3b najbardziej potrzebuj\u0105cych naszej pomocy. Punkt Caritas Parafialnego czynny jest w czwartki od 16:00 do 17:00 przy ul. Myliusa 1A.<\/p>\n<p>&nbsp;<br \/>\n2. W sobot\u0119 2 lutego przypada \u015awi\u0119to Ofiarowania Pa\u0144skiego. W ca\u0142ym Ko\u015bciele obchodzimy \u015awiatowy Dzie\u0144 \u017bycia Konsekrowanego. W tym dniu czcimy Chrystusa Pana &#8211; \u015awiat\u0142o\u015b\u0107 \u015awiata (symbolizuj\u0105 to \u015bwiece) i Jego Matk\u0119 pod nazw\u0105 Matki Bo\u017cej Gromnicznej. Po\u015bwi\u0119cenie \u015bwiec podczas ka\u017cdej Mszy \u015bw. o godz. 8:00, 11:00 i o godz. 18:00. Zebrane ofiary w tym dniu przeznaczone s\u0105 na utrzymanie zakon\u00f3w klauzurowych w naszym mie\u015bcie: Karmelitanki i Klaryski.<\/p>\n<p>&nbsp;<br \/>\n3. W tym tygodniu przypada pierwszy, pi\u0105tek i sobota miesi\u0105ca:<\/p>\n<p>\uf0b7 w pierwszy pi\u0105tek spowied\u017a dla dzieci, m\u0142odzie\u017cy i doros\u0142ych od godz. 17:30 i Msza \u015awi\u0119ta Wotywn\u0105 o NSPJ o godz.18:00.<\/p>\n<p>\uf0b7 PRZYPOMINAMY \u017ce dzieci klas IV spowiadaj\u0105 si\u0119 w tygodniu wed\u0142ug ustalonego porz\u0105dku: poniedzia\u0142ek od godz. 17:30 klasa IV A, wtorek od godz. 17:30 klasa IV B \u015broda od godz. 17:30 klasa IV C, czwartek od godz. 17:30 klasa IV D i w pi\u0105tek od godz. 17:30. Msza \u015bw. dla wszystkich 1 lutego o godz. 18:00;<\/p>\n<p>\uf0b7 w pierwsz\u0105 sobot\u0119 przed Msz\u0105 \u015aw. o godz. 17:00 zapraszamy na nabo\u017ce\u0144stwo wynagradzaj\u0105ce Niepokalanemu Sercu Maryi za zniewagi grzesznik\u00f3w. Tego dnia zmiana tajemnic dla \u017bywego R\u00f3\u017ca\u0144ca.<\/p>\n<p>&nbsp;<\/p>\n<p>4. Z racji pierwszego pi\u0105tku ksi\u0105dz Proboszcz uda si\u0119 do chorych 1 lutego od godz. 9:30, natomiast ksi\u0119\u017ca wikariusze odwiedz\u0105 chorych w drugi pi\u0105tek miesi\u0105ca ks. Marcin w pi\u0105tek (8 lutego) od godz. 8:00, a ks. \u0141ukasz w pi\u0105tek (8 lutego) od<br \/>\ngodz. 11:00.<\/p>\n<p>&nbsp;<br \/>\n5. Informujemy o mo\u017cliwo\u015bci rezerwacji i zamawiania Mszy \u015bw. na ca\u0142y bie\u017c\u0105cy rok. Niech Eucharystia stanie si\u0119 dzi\u0119kczynieniem za prze\u017cyte lata, rocznice sakramentu ma\u0142\u017ce\u0144stwa, imienin itp. Msza \u015bw. jest najpi\u0119kniejszym darem, w kt\u00f3rym mo\u017cemy tu na ziemi uczestniczy\u0107.<\/p>\n<p>&nbsp;<\/p>\n<p>6. Wczoraj zako\u0144czyli\u015bmy wizyt\u0119 duszpastersk\u0105 w naszej parafii. Dzi\u0119kujemy za przyj\u0119cie nas do waszych dom\u00f3w. Jeste\u015bmy wdzi\u0119czni za okazane nam dobro i wszelkie przejawy \u017cyczliwo\u015bci. Wszystkim sk\u0142adamy z serca p\u0142yn\u0105ce B\u00f3g<br \/>\nZap\u0142a\u0107.<\/p>\n<p>&nbsp;<br \/>\n7. Za tydzie\u0144 ofiary sk\u0142adane na tac\u0119 przeznaczona b\u0119d\u0105 na uregulowanie rachunku za ogrzewanie ko\u015bcio\u0142a.<\/p>\n<p>&nbsp;<\/p>\n<p>8. Seminarium Duchowne w Elbl\u0105gu zaprasza m\u0142odych m\u0119\u017cczyzn od III klasy Gimnazjum do udzia\u0142u w rekolekcjach, kt\u00f3re odb\u0119d\u0105 si\u0119 w dniach od 02 lutego do 06 lutego br. Szczeg\u00f3\u0142owe informacje na www.wsdelblag.pl<\/p>\n<p>&nbsp;<\/p>\n<p>9. Na czas ferii zimowych &#8211; wszystkim dzieciom, m\u0142odzie\u017cy i nauczycielom \u017cyczymy na ten czas b\u0142ogos\u0142awie\u0144stwa Bo\u017cego, bezpiecznego i pe\u0142nego rado\u015bci wypoczynku.<\/p>\n<p>&nbsp;<\/p>\n<p>10. Przed ko\u015bcio\u0142em mo\u017cna naby\u0107 pras\u0119 katolick\u0105: \u201eGo\u015b\u0107 Niedzielny\u201d w cenie 5 z\u0142.<\/p>\n<p>&nbsp;<\/p>\n<p>11. Kancelaria Parafialna w trakcie trwania ferii zimowych czynna tylko w sobot\u0119 od godz. 10:30 do 12:00. Zapraszamy.<\/p>\n<p>&nbsp;<\/p>\n<p>&nbsp;<\/p>\n<p>&nbsp;<\/p>\n","protected":false},"excerpt":{"rendered":"<p>&nbsp; 1. Wolontariusze parafialnego Caritas zbieraj\u0105 ofiary do puszek dla os\u00f3b najbardziej potrzebuj\u0105cych naszej pomocy. Punkt Caritas Parafialnego czynny jest w czwartki od 16:00 do 17:00 przy ul. Myliusa 1A. &nbsp; 2. W sobot\u0119 2 lutego przypada \u015awi\u0119to Ofiarowania Pa\u0144skiego. W ca\u0142ym Ko\u015bciele obchodzimy \u015awiatowy Dzie\u0144 \u017bycia Konsekrowanego. W tym dniu czcimy Chrystusa Pana &#8211; [&hellip;]<\/p>\n","protected":false},"author":1,"featured_media":2530,"comment_status":"closed","ping_status":"closed","sticky":false,"template":"","format":"standard","meta":{"ngg_post_thumbnail":0,"footnotes":""},"categories":[11,8,3],"tags":[],"class_list":["post-3294","post","type-post","status-publish","format-standard","has-post-thumbnail","hentry","category-aktualnosci","category-blog","category-ogloszenia"],"_links":{"self":[{"href":"https:\/\/rafalk-elblag.pl\/index.php?rest_route=\/wp\/v2\/posts\/3294","targetHints":{"allow":["GET"]}}],"collection":[{"href":"https:\/\/rafalk-elblag.pl\/index.php?rest_route=\/wp\/v2\/posts"}],"about":[{"href":"https:\/\/rafalk-elblag.pl\/index.php?rest_route=\/wp\/v2\/types\/post"}],"author":[{"embeddable":true,"href":"https:\/\/rafalk-elblag.pl\/index.php?rest_route=\/wp\/v2\/users\/1"}],"replies":[{"embeddable":true,"href":"https:\/\/rafalk-elblag.pl\/index.php?rest_route=%2Fwp%2Fv2%2Fcomments&post=3294"}],"version-history":[{"count":1,"href":"https:\/\/rafalk-elblag.pl\/index.php?rest_route=\/wp\/v2\/posts\/3294\/revisions"}],"predecessor-version":[{"id":3295,"href":"https:\/\/rafalk-elblag.pl\/index.php?rest_route=\/wp\/v2\/posts\/3294\/revisions\/3295"}],"wp:featuredmedia":[{"embeddable":true,"href":"https:\/\/rafalk-elblag.pl\/index.php?rest_route=\/wp\/v2\/media\/2530"}],"wp:attachment":[{"href":"https:\/\/rafalk-elblag.pl\/index.php?rest_route=%2Fwp%2Fv2%2Fmedia&parent=3294"}],"wp:term":[{"taxonomy":"category","embeddable":true,"href":"https:\/\/rafalk-elblag.pl\/index.php?rest_route=%2Fwp%2Fv2%2Fcategories&post=3294"},{"taxonomy":"post_tag","embeddable":true,"href":"https:\/\/rafalk-elblag.pl\/index.php?rest_route=%2Fwp%2Fv2%2Ftags&post=3294"}],"curies":[{"name":"wp","href":"https:\/\/api.w.org\/{rel}","templated":true}]}}