{"id":3288,"date":"2019-01-18T12:32:47","date_gmt":"2019-01-18T12:32:47","guid":{"rendered":"http:\/\/rafalk-elblag.pl\/?p=3288"},"modified":"2019-01-18T12:32:47","modified_gmt":"2019-01-18T12:32:47","slug":"intencje-mszalne-ii-tydzien-zwykly-21-27-01-2019","status":"publish","type":"post","link":"https:\/\/rafalk-elblag.pl\/?p=3288","title":{"rendered":"INTENCJE MSZALNE &#8211; II TYDZIE\u0143 ZWYK\u0141Y (21-27.01.2019)"},"content":{"rendered":"<p><a href=\"http:\/\/rafalk-elblag.pl\/wp-content\/uploads\/2016\/12\/shutterstock_49643152-1000.jpg\"><img loading=\"lazy\" decoding=\"async\" class=\"alignnone size-full wp-image-2526\" src=\"http:\/\/rafalk-elblag.pl\/wp-content\/uploads\/2016\/12\/shutterstock_49643152-1000.jpg\" alt=\"\" width=\"1000\" height=\"665\" srcset=\"https:\/\/rafalk-elblag.pl\/wp-content\/uploads\/2016\/12\/shutterstock_49643152-1000.jpg 1000w, https:\/\/rafalk-elblag.pl\/wp-content\/uploads\/2016\/12\/shutterstock_49643152-1000-300x200.jpg 300w, https:\/\/rafalk-elblag.pl\/wp-content\/uploads\/2016\/12\/shutterstock_49643152-1000-768x511.jpg 768w\" sizes=\"auto, (max-width: 1000px) 100vw, 1000px\" \/><\/a><\/p>\n<p>&nbsp;<\/p>\n<p><strong><span style=\"color: #ff0000;\">21 stycznia PONIEDZIA\u0141EK<\/span><\/strong><br \/>\n<strong><span style=\"color: #ff0000;\">Wspomnienie \u015bw. Agnieszki, dziewicy i m\u0119czennicy&nbsp; &nbsp; &nbsp; &nbsp; &nbsp; &nbsp; &nbsp; &nbsp; &nbsp; &nbsp; &nbsp; &nbsp; &nbsp; &nbsp; &nbsp; &nbsp; &nbsp; &nbsp; &nbsp;Mk 2, 18-22<\/span><\/strong><\/p>\n<p>8:00 \u015ap. Danuta Radziszewska (21 greg)<br \/>\n8:00 Za rodziny z kol\u0119dy<br \/>\n8:00 Intencja wolna<\/p>\n<p>18:00 \u015ap.Stefan Makowski (1 rocz. \u015bm), Julia i Kazimierz Makowscy<\/p>\n<p>&nbsp;<\/p>\n<p><strong><span style=\"color: #99cc00;\">22 stycznia WTOREK&nbsp; &nbsp; &nbsp; &nbsp; &nbsp; &nbsp; &nbsp; &nbsp; &nbsp; &nbsp; &nbsp; &nbsp; &nbsp; &nbsp; &nbsp; &nbsp; &nbsp; &nbsp; &nbsp; &nbsp; &nbsp; &nbsp; &nbsp; &nbsp; &nbsp; &nbsp; &nbsp; &nbsp; &nbsp; &nbsp; &nbsp; &nbsp; &nbsp; &nbsp; &nbsp; &nbsp; &nbsp; &nbsp; &nbsp; &nbsp; &nbsp; &nbsp; &nbsp; &nbsp; &nbsp; &nbsp; Mk 2, 23-28<\/span><\/strong><\/p>\n<p>8:00 \u015ap. Danuta Radziszewska (22 greg)<br \/>\n8:00 Za rodziny z kol\u0119dy<br \/>\n8:00 Intencja wolna<\/p>\n<p>18:00 \u015ap. Anna Napieraj (30 dz.p.p.)<\/p>\n<p>&nbsp;<\/p>\n<p><strong><span style=\"color: #99cc00;\">23 stycznia \u015aRODA&nbsp; &nbsp; &nbsp; &nbsp; &nbsp; &nbsp; &nbsp; &nbsp; &nbsp; &nbsp; &nbsp; &nbsp; &nbsp; &nbsp; &nbsp; &nbsp; &nbsp; &nbsp; &nbsp; &nbsp; &nbsp; &nbsp; &nbsp; &nbsp; &nbsp; &nbsp; &nbsp; &nbsp; &nbsp; &nbsp; &nbsp; &nbsp; &nbsp; &nbsp; &nbsp; &nbsp; &nbsp; &nbsp; &nbsp; &nbsp; &nbsp; &nbsp; &nbsp; &nbsp; &nbsp; &nbsp; &nbsp; &nbsp; &nbsp;Mk 3, 1-6<\/span><\/strong><\/p>\n<p>8:00 \u015ap. Danuta Radziszewska (23 greg)<br \/>\n8:00 Za rodziny z kol\u0119dy<br \/>\n8.00 Intencja wolna<\/p>\n<p>17:30 Nabo\u017ce\u0144stwo ku czci Matki Bo\u017cej Nieustaj\u0105cej Pomocy<br \/>\n18:00 W intencji czcicieli Matki Bo\u017cej Nieustaj\u0105cej Pomocy<\/p>\n<p>&nbsp;<\/p>\n<p><strong><span style=\"color: #ff6600;\">24 stycznia CZWARTEK<\/span><\/strong><br \/>\n<strong><span style=\"color: #ff6600;\">Wspomnienie \u015bw. Franciszka Salezego, biskupa i doktora Ko\u015bcio\u0142a&nbsp; &nbsp; &nbsp; &nbsp; &nbsp; &nbsp;Mk 3, 7-12<\/span><\/strong><\/p>\n<p>8:00 \u015ap. Danuta Radziszewska (24 greg)<br \/>\n8:00 Za rodziny z kol\u0119dy<br \/>\n8:00 Intencja wolna<\/p>\n<p>18:00 \u015ap. Janina &#8211; Barbara Kremska (7 rocz. \u015bm)<\/p>\n<p>&nbsp;<\/p>\n<p><strong><span style=\"color: #ff6600;\">25 stycznia PI\u0104TEK<\/span><\/strong><br \/>\n<strong><span style=\"color: #ff6600;\">\u015awi\u0119to Nawr\u00f3cenia \u015bw. Paw\u0142a Aposto\u0142a&nbsp; &nbsp; &nbsp; &nbsp; &nbsp; &nbsp; &nbsp; &nbsp; &nbsp; &nbsp; &nbsp; &nbsp; &nbsp; &nbsp; &nbsp; &nbsp; &nbsp; &nbsp; &nbsp; &nbsp; &nbsp; &nbsp; &nbsp; &nbsp; &nbsp; &nbsp; &nbsp; &nbsp; &nbsp; &nbsp;Mk 16, 15-18<\/span><\/strong><\/p>\n<p>8:00 \u015ap. Danuta Radziszewska (25 greg)<br \/>\n8:00 Za rodziny z kol\u0119dy<br \/>\n8:00 Intencja wolna<\/p>\n<p>18:00 \u015ap. Kazimiera Waszak z okazji urodzin, W\u0142adys\u0142awWaszak i zm. z rodziny<\/p>\n<p>&nbsp;<\/p>\n<p><span style=\"color: #ff6600;\"><strong>26 stycznia SOBOTA<\/strong><\/span><br \/>\n<span style=\"color: #ff6600;\"><strong>Wspomnienie \u015bw. biskup\u00f3w Tymoteusza i Tytusa&nbsp; &nbsp; &nbsp; &nbsp; &nbsp; &nbsp; &nbsp; &nbsp; &nbsp; &nbsp; &nbsp; &nbsp; &nbsp; &nbsp; &nbsp; &nbsp; &nbsp; &nbsp; &nbsp; &nbsp; &nbsp; &nbsp;Mk 3, 20-21<\/strong><\/span><\/p>\n<p>8:00 \u015ap. Danuta Radziszewska (26 greg)<br \/>\n8:00 Za rodziny z kol\u0119dy<br \/>\n8:00 Intencja wolna<\/p>\n<p>17.00 \u015alub: Ewelina Kierdol &#8211; Dawid Kozio\u0142<\/p>\n<p>18:00 \u015ap. Mieczys\u0142aw (22 rocz. \u015bm) i Kazimiera D\u0105bkowscy i zm. z rodziny<\/p>\n<p>&nbsp;<\/p>\n<p><span style=\"color: #008000;\"><strong>27 stycznia TRZECIA NIEDZIELA ZWYK\u0141A&nbsp; &nbsp; &nbsp; &nbsp; &nbsp; &nbsp; &nbsp; &nbsp; &nbsp; &nbsp; &nbsp; &nbsp; &nbsp; &nbsp; &nbsp; &nbsp; &nbsp; &nbsp; &nbsp; &nbsp; &nbsp; &nbsp; &nbsp; &nbsp; &nbsp; &nbsp; &nbsp;\u0141k 1, 1-4; 4, 14-21<\/strong><\/span><\/p>\n<p>7:00 \u015ap. Danuta Radziszewska (27 greg)<\/p>\n<p>9:00 \u015ap. Jan Bralewski (18 rocz. \u015bm)<br \/>\n9:00 Dzi\u0119kczynna z okazji 17 urodzin Adrianny z pro\u015bb\u0105 o Bo\u017ce b\u0142ogos\u0142awie\u0144stwo, wszelkie \u0142aski i opiek\u0119 Matki Bo\u017cej na ka\u017cdy dzie\u0144<\/p>\n<p>10:30 \u015ap. Norbert, Jadwiga, Kazimierz<\/p>\n<p><strong>12:00 Za parafian<\/strong><\/p>\n<p>15:00 \u015ap. Franciszek Zwolicki (2 rocz.\u015bm)<\/p>\n<p>18:00 \u015ap. Wanda, Feliks, Jerzy Kwiatkowscy, Halina Gab\u0142o\u0144ska, Jolanta Kaczmarska<\/p>\n<p>&nbsp;<\/p>\n<p>&nbsp;<\/p>\n","protected":false},"excerpt":{"rendered":"<p>&nbsp; 21 stycznia PONIEDZIA\u0141EK Wspomnienie \u015bw. Agnieszki, dziewicy i m\u0119czennicy&nbsp; &nbsp; &nbsp; &nbsp; &nbsp; &nbsp; &nbsp; &nbsp; &nbsp; &nbsp; &nbsp; &nbsp; &nbsp; &nbsp; &nbsp; &nbsp; &nbsp; &nbsp; &nbsp;Mk 2, 18-22 8:00 \u015ap. Danuta Radziszewska (21 greg) 8:00 Za rodziny z kol\u0119dy 8:00 Intencja wolna 18:00 \u015ap.Stefan Makowski (1 rocz. \u015bm), Julia i Kazimierz Makowscy &nbsp; [&hellip;]<\/p>\n","protected":false},"author":1,"featured_media":2526,"comment_status":"closed","ping_status":"closed","sticky":false,"template":"","format":"standard","meta":{"ngg_post_thumbnail":0,"footnotes":""},"categories":[11,8,4],"tags":[],"class_list":["post-3288","post","type-post","status-publish","format-standard","has-post-thumbnail","hentry","category-aktualnosci","category-blog","category-intencje"],"_links":{"self":[{"href":"https:\/\/rafalk-elblag.pl\/index.php?rest_route=\/wp\/v2\/posts\/3288","targetHints":{"allow":["GET"]}}],"collection":[{"href":"https:\/\/rafalk-elblag.pl\/index.php?rest_route=\/wp\/v2\/posts"}],"about":[{"href":"https:\/\/rafalk-elblag.pl\/index.php?rest_route=\/wp\/v2\/types\/post"}],"author":[{"embeddable":true,"href":"https:\/\/rafalk-elblag.pl\/index.php?rest_route=\/wp\/v2\/users\/1"}],"replies":[{"embeddable":true,"href":"https:\/\/rafalk-elblag.pl\/index.php?rest_route=%2Fwp%2Fv2%2Fcomments&post=3288"}],"version-history":[{"count":1,"href":"https:\/\/rafalk-elblag.pl\/index.php?rest_route=\/wp\/v2\/posts\/3288\/revisions"}],"predecessor-version":[{"id":3289,"href":"https:\/\/rafalk-elblag.pl\/index.php?rest_route=\/wp\/v2\/posts\/3288\/revisions\/3289"}],"wp:featuredmedia":[{"embeddable":true,"href":"https:\/\/rafalk-elblag.pl\/index.php?rest_route=\/wp\/v2\/media\/2526"}],"wp:attachment":[{"href":"https:\/\/rafalk-elblag.pl\/index.php?rest_route=%2Fwp%2Fv2%2Fmedia&parent=3288"}],"wp:term":[{"taxonomy":"category","embeddable":true,"href":"https:\/\/rafalk-elblag.pl\/index.php?rest_route=%2Fwp%2Fv2%2Fcategories&post=3288"},{"taxonomy":"post_tag","embeddable":true,"href":"https:\/\/rafalk-elblag.pl\/index.php?rest_route=%2Fwp%2Fv2%2Ftags&post=3288"}],"curies":[{"name":"wp","href":"https:\/\/api.w.org\/{rel}","templated":true}]}}