{"id":3286,"date":"2019-01-18T12:26:13","date_gmt":"2019-01-18T12:26:13","guid":{"rendered":"http:\/\/rafalk-elblag.pl\/?p=3286"},"modified":"2019-01-18T12:36:29","modified_gmt":"2019-01-18T12:36:29","slug":"ogloszenia-parafialne-ii-niedziela-zwykla-20-01-2019","status":"publish","type":"post","link":"https:\/\/rafalk-elblag.pl\/?p=3286","title":{"rendered":"OG\u0141OSZENIA PARAFIALNE &#8211; II NIEDZIELA ZWYK\u0141A 20.01.2019"},"content":{"rendered":"<p><a href=\"http:\/\/rafalk-elblag.pl\/wp-content\/uploads\/2016\/12\/pulpit.jpg\"><img loading=\"lazy\" decoding=\"async\" class=\"alignnone size-large wp-image-2530\" src=\"http:\/\/rafalk-elblag.pl\/wp-content\/uploads\/2016\/12\/pulpit-1024x682.jpg\" alt=\"\" width=\"900\" height=\"599\" srcset=\"https:\/\/rafalk-elblag.pl\/wp-content\/uploads\/2016\/12\/pulpit-1024x682.jpg 1024w, https:\/\/rafalk-elblag.pl\/wp-content\/uploads\/2016\/12\/pulpit-300x200.jpg 300w, https:\/\/rafalk-elblag.pl\/wp-content\/uploads\/2016\/12\/pulpit-768x512.jpg 768w, https:\/\/rafalk-elblag.pl\/wp-content\/uploads\/2016\/12\/pulpit.jpg 1698w\" sizes=\"auto, (max-width: 900px) 100vw, 900px\" \/><\/a><\/p>\n<p>&nbsp;<\/p>\n<p>&nbsp;<\/p>\n<p>1. Trwa wizyta duszpasterska w naszej parafii. W tym tygodniu ko\u0144czymy kol\u0119d\u0119, dlatego prosimy o zg\u0142aszanie do zakrystii rodzin kt\u00f3re z r\u00f3\u017cnych przyczyn w wyznaczonym terminie nie przyj\u0119\u0142y kap\u0142ana a pragn\u0105 spotka\u0107 si\u0119 na wsp\u00f3lnej modlitwie i po\u015bwieci\u0107 mieszkanie. Do tych rodzin udamy si\u0119 w sobot\u0119 (26.01.) od godz. 15:00. W trakcie kol\u0119dy codziennie na Mszy \u015bw. o godz. 8:00 modlimy si\u0119 za rodziny, do kt\u00f3rych udamy si\u0119 z Wizyt\u0105 Duszpastersk\u0105. Tym bardziej zach\u0119camy osoby dysponuj\u0105ce&nbsp; czasem do wsp\u00f3lnej modlitwy.<\/p>\n<p>&nbsp;<\/p>\n<p>2. Mo\u017cliwo\u015b\u0107 skorzystania z Sakramentu Spowiedzi \u015aw. w trakcie kol\u0119dy jest znacznie ograniczona. Dlatego zach\u0119camy d spowiedzi przed Msz\u0105 \u015bw. od godz.17:30.<\/p>\n<p>&nbsp;<\/p>\n<p>3. UWAGA!!! Woda po\u015bwi\u0119cona znajduje si\u0119 w specjalnym naczyniu pod ch\u00f3rem. Prosimy tylko o zabranie odpowiedniego pojemnika, by nabra\u0107 sobie wody.<\/p>\n<p>&nbsp;<\/p>\n<p>4. Zapraszamy dzisiaj po Mszy \u015bw. o godz. 18:00 na spotkanie op\u0142atkowe wsp\u00f3lnot parafialnych: Odnowa w Duchu \u015awi\u0119tym, Wsp\u00f3lnota Krwi Chrystusa, Kr\u0119g Biblijny, Apostolat Margaretka, Apostolat Bo\u017cego Mi\u0142osierdzia, Wolontariuszy Caritas i \u017bywego R\u00f3\u017ca\u0144ca. Przyjd\u017a czekamy na Ciebie.<\/p>\n<p>&nbsp;<\/p>\n<p>5. Trwa w ko\u015bciele Tydzie\u0144 Modlitw o Jedno\u015b\u0107 Chrze\u015bcijan 2019r.&nbsp;&nbsp;&#8211; \u201eD\u0105\u017c do sprawiedliwo\u015bci\u201d (Pwt. 16,18-20). Zach\u0119camy wszystkich do wsp\u00f3lnej modlitwy.<\/p>\n<p>&nbsp;<\/p>\n<p>6. Pami\u0119tajmy o Dniu Babci i Dziadka: 21-22 stycznia. W tych dniach zapraszamy do wsp\u00f3lnej modlitwy na Mszy \u015bwi\u0119tej o&nbsp; godz. 8:00 lub godz. 18:00. \u017byczymy Im Bo\u017cego b\u0142ogos\u0142awie\u0144stwa, zdrowia, rado\u015bci na co dzie\u0144 i pociechy z wnuk\u00f3w.<\/p>\n<p>&nbsp;<\/p>\n<p>7. Informujemy o mo\u017cliwo\u015bci rezerwacji i zamawiania Mszy \u015bw. na ca\u0142y bie\u017c\u0105cy rok. Niech Eucharystia stanie si\u0119 dzi\u0119kczynieniem za prze\u017cyte lata, rocznice sakramentu ma\u0142\u017ce\u0144stwa, imienin itp. Msza \u015bw. jest najpi\u0119kniejszym darem, w kt\u00f3rym mo\u017cemy tu na ziemi uczestniczy\u0107.<\/p>\n<p>&nbsp;<\/p>\n<p>8. Wy\u017csze Seminarium Duchowne w Elbl\u0105gu zaprasza m\u0142odych m\u0119\u017cczyzn od III klasy Gimnazjum do udzia\u0142u w rekolekcjach, kt\u00f3re odb\u0119d\u0105 si\u0119 w dniach od 02 lutego do 06 lutego br. Szczeg\u00f3\u0142owe informacje na www.wsdelblag.pl<\/p>\n<p>&nbsp;<\/p>\n<p>9. Na czas ferii zimowych &#8211; wszystkim dzieciom, m\u0142odzie\u017cy i nauczycielom \u017cyczymy na ten czas b\u0142ogos\u0142awie\u0144stwa Bo\u017cego, bezpiecznego i pe\u0142nego rado\u015bci wypoczynku.<\/p>\n<p>&nbsp;<\/p>\n<p>10. Przed ko\u015bcio\u0142em mo\u017cna naby\u0107 pras\u0119 katolick\u0105: \u201eGo\u015b\u0107 Niedzielny\u201d w cenie 5 z\u0142.<\/p>\n<p>&nbsp;<\/p>\n<p>11. Wsp\u00f3lnota Odnowy w Duchu \u015awi\u0119tym \u201eKana Galilejska\u201d w niedziel\u0119 27 stycznia br. na Mszy \u015bw. o godz. 12:00 b\u0119dzie dzi\u0119kowa\u0142a za 21 lat istnienia wsp\u00f3lnoty. Zapraszamy do wsp\u00f3lnej modlitwy wszystkich kt\u00f3rzy pragn\u0105 dzi\u0119kowa\u0107 za ten czas i dokonane dzie\u0142a Bo\u017ce.<\/p>\n<p>&nbsp;<\/p>\n<p>12. Kancelaria Parafialna w trakcie trwania kol\u0119dy czynna tylko w sobot\u0119 od godz. 10:30 do 12:00. Zapraszamy.<\/p>\n<p>&nbsp;<\/p>\n<p>13. Pan powo\u0142a\u0142 do wieczno\u015bci: \u015bp. Huberta Sartanowicza lat 92 z ul. Brzechwy. Wieczny odpoczynek racz mu da\u0107 Panie.<\/p>\n<p>&nbsp;<\/p>\n<p>&nbsp;<\/p>\n","protected":false},"excerpt":{"rendered":"<p>&nbsp; &nbsp; 1. Trwa wizyta duszpasterska w naszej parafii. W tym tygodniu ko\u0144czymy kol\u0119d\u0119, dlatego prosimy o zg\u0142aszanie do zakrystii rodzin kt\u00f3re z r\u00f3\u017cnych przyczyn w wyznaczonym terminie nie przyj\u0119\u0142y kap\u0142ana a pragn\u0105 spotka\u0107 si\u0119 na wsp\u00f3lnej modlitwie i po\u015bwieci\u0107 mieszkanie. Do tych rodzin udamy si\u0119 w sobot\u0119 (26.01.) od godz. 15:00. W trakcie kol\u0119dy [&hellip;]<\/p>\n","protected":false},"author":1,"featured_media":2530,"comment_status":"closed","ping_status":"closed","sticky":false,"template":"","format":"standard","meta":{"ngg_post_thumbnail":0,"footnotes":""},"categories":[11,8,3],"tags":[],"class_list":["post-3286","post","type-post","status-publish","format-standard","has-post-thumbnail","hentry","category-aktualnosci","category-blog","category-ogloszenia"],"_links":{"self":[{"href":"https:\/\/rafalk-elblag.pl\/index.php?rest_route=\/wp\/v2\/posts\/3286","targetHints":{"allow":["GET"]}}],"collection":[{"href":"https:\/\/rafalk-elblag.pl\/index.php?rest_route=\/wp\/v2\/posts"}],"about":[{"href":"https:\/\/rafalk-elblag.pl\/index.php?rest_route=\/wp\/v2\/types\/post"}],"author":[{"embeddable":true,"href":"https:\/\/rafalk-elblag.pl\/index.php?rest_route=\/wp\/v2\/users\/1"}],"replies":[{"embeddable":true,"href":"https:\/\/rafalk-elblag.pl\/index.php?rest_route=%2Fwp%2Fv2%2Fcomments&post=3286"}],"version-history":[{"count":4,"href":"https:\/\/rafalk-elblag.pl\/index.php?rest_route=\/wp\/v2\/posts\/3286\/revisions"}],"predecessor-version":[{"id":3292,"href":"https:\/\/rafalk-elblag.pl\/index.php?rest_route=\/wp\/v2\/posts\/3286\/revisions\/3292"}],"wp:featuredmedia":[{"embeddable":true,"href":"https:\/\/rafalk-elblag.pl\/index.php?rest_route=\/wp\/v2\/media\/2530"}],"wp:attachment":[{"href":"https:\/\/rafalk-elblag.pl\/index.php?rest_route=%2Fwp%2Fv2%2Fmedia&parent=3286"}],"wp:term":[{"taxonomy":"category","embeddable":true,"href":"https:\/\/rafalk-elblag.pl\/index.php?rest_route=%2Fwp%2Fv2%2Fcategories&post=3286"},{"taxonomy":"post_tag","embeddable":true,"href":"https:\/\/rafalk-elblag.pl\/index.php?rest_route=%2Fwp%2Fv2%2Ftags&post=3286"}],"curies":[{"name":"wp","href":"https:\/\/api.w.org\/{rel}","templated":true}]}}