{"id":3283,"date":"2019-01-14T09:59:05","date_gmt":"2019-01-14T09:59:05","guid":{"rendered":"http:\/\/rafalk-elblag.pl\/?p=3283"},"modified":"2019-01-14T09:59:05","modified_gmt":"2019-01-14T09:59:05","slug":"intencje-mszalne-na-i-tydzien-zwykly-14-20-01-2019","status":"publish","type":"post","link":"https:\/\/rafalk-elblag.pl\/?p=3283","title":{"rendered":"INTENCJE MSZALNE NA I TYDZIE\u0143 ZWYK\u0141Y (14 &#8211; 20. 01. 2019)"},"content":{"rendered":"<p><a href=\"http:\/\/rafalk-elblag.pl\/wp-content\/uploads\/2016\/12\/shutterstock_49643152-1000.jpg\"><img loading=\"lazy\" decoding=\"async\" class=\"alignnone size-full wp-image-2526\" src=\"http:\/\/rafalk-elblag.pl\/wp-content\/uploads\/2016\/12\/shutterstock_49643152-1000.jpg\" alt=\"\" width=\"1000\" height=\"665\" srcset=\"https:\/\/rafalk-elblag.pl\/wp-content\/uploads\/2016\/12\/shutterstock_49643152-1000.jpg 1000w, https:\/\/rafalk-elblag.pl\/wp-content\/uploads\/2016\/12\/shutterstock_49643152-1000-300x200.jpg 300w, https:\/\/rafalk-elblag.pl\/wp-content\/uploads\/2016\/12\/shutterstock_49643152-1000-768x511.jpg 768w\" sizes=\"auto, (max-width: 1000px) 100vw, 1000px\" \/><\/a><\/p>\n<p>&nbsp;<\/p>\n<p><span style=\"color: #808000;\"><strong>14 stycznia PONIEDZIA\u0141EK&nbsp; &nbsp; &nbsp; &nbsp; &nbsp; &nbsp; &nbsp; &nbsp; &nbsp; &nbsp; &nbsp; &nbsp; &nbsp; &nbsp; &nbsp; &nbsp; &nbsp; &nbsp; &nbsp; &nbsp; &nbsp; &nbsp; &nbsp; &nbsp; &nbsp; &nbsp; &nbsp;Mk 1, 14-20<\/strong><\/span><\/p>\n<p>8:00 \u015ap. Danuta Radziszewska (14 greg)<br \/>\n8:00 Za rodziny z kol\u0119dy<br \/>\n8:00 \u015ap. Stanis\u0142aw Palkowski, Antoni Mendalka<\/p>\n<p>18:00 Dzi\u0119kczynna za 3 lata pracy z pro\u015bb\u0105 o Bo\u017ce b\u0142ogos\u0142awi\u0144stwo, potrzebne \u0142aski dla ca\u0142ej rodziny Kimso<\/p>\n<p>&nbsp;<\/p>\n<p><strong><span style=\"color: #800000;\">15 stycznia WTOREK&nbsp; &nbsp; &nbsp; &nbsp; &nbsp; &nbsp; &nbsp; &nbsp; &nbsp; &nbsp; &nbsp; &nbsp; &nbsp; &nbsp; &nbsp; &nbsp; &nbsp; &nbsp; &nbsp; &nbsp; &nbsp; &nbsp; &nbsp; &nbsp; &nbsp; &nbsp; &nbsp; &nbsp; &nbsp; &nbsp; &nbsp; &nbsp; &nbsp;Mk 1, 21-28<\/span><\/strong><\/p>\n<p>8:00 \u015ap. Danuta Radziszewska 15 greg)<br \/>\n8:00 Za rodziny z kol\u0119dy<br \/>\n8:00 O zdrowie i potrzebne \u0142aski dla Anieli<\/p>\n<p>18:00 \u015ap. Bogdan Jedowski (30 dz.p.p.)<\/p>\n<p>&nbsp;<\/p>\n<p><strong><span style=\"color: #808000;\">16 stycznia \u015aRODA&nbsp; &nbsp; &nbsp; &nbsp; &nbsp; &nbsp; &nbsp; &nbsp; &nbsp; &nbsp; &nbsp; &nbsp; &nbsp; &nbsp; &nbsp; &nbsp; &nbsp; &nbsp; &nbsp; &nbsp; &nbsp; &nbsp; &nbsp; &nbsp; &nbsp; &nbsp; &nbsp; &nbsp; &nbsp; &nbsp; &nbsp; &nbsp; &nbsp; &nbsp; &nbsp;Mk 1, 29-39<\/span><\/strong><\/p>\n<p>8:00 \u015ap. Danuta Radziszewska (16 greg)<br \/>\n8:00 Za rodziny z kol\u0119dy<\/p>\n<p>17:30 Nabo\u017ce\u0144stwo ku czci Matki Bo\u017cej Nieustaj\u0105cej Pomocy<br \/>\n18:00 W intencji Rodziny Karmelita\u0144skiej i Bractwa Szkaplerznego<\/p>\n<p>&nbsp;<\/p>\n<p><strong><span style=\"color: #800000;\">17 stycznia CZWARTEK<\/span><\/strong><br \/>\n<strong><span style=\"color: #800000;\">Wspomnienie \u015bw. Antoniego, opata&nbsp; &nbsp; &nbsp; &nbsp; &nbsp; &nbsp; &nbsp; &nbsp; &nbsp; &nbsp; &nbsp; &nbsp; &nbsp; &nbsp; &nbsp; &nbsp; &nbsp; &nbsp; &nbsp; &nbsp; Mk 1, 40-45<\/span><\/strong><\/p>\n<p>8:00 \u015ap. Danuta Radziszewska (17 greg)<br \/>\n8:00 Za rodziny z kol\u0119dy<br \/>\n8:00 \u015ap. Karol Wi\u015bniewski (10 rocz. \u015bm)<\/p>\n<p>18:00 \u015ap. Stanis\u0142aw i Stanis\u0142awa G\u0142owaccy, Franciszka i Antoni Menca\u0142a<\/p>\n<p>&nbsp;<\/p>\n<p><strong><span style=\"color: #808000;\">18 stycznia PI\u0104TEK&nbsp; &nbsp; &nbsp; &nbsp; &nbsp; &nbsp; &nbsp; &nbsp; &nbsp; &nbsp; &nbsp; &nbsp; &nbsp; &nbsp; &nbsp; &nbsp; &nbsp; &nbsp; &nbsp; &nbsp; &nbsp; &nbsp; &nbsp; &nbsp; &nbsp; &nbsp; &nbsp; &nbsp; &nbsp; &nbsp; &nbsp; &nbsp; &nbsp; &nbsp;Mk 2, 1-12<\/span><\/strong><\/p>\n<p>8:00 \u015ap. Danuta Radziszewska (18 greg)<br \/>\n8:00 Za rodziny z kol\u0119dy<br \/>\n8:00 Intencja wolna<\/p>\n<p>18:00 \u015ap. S\u0142awomir Soko\u0142owski (1 rocz. \u015bm)<\/p>\n<p>&nbsp;<\/p>\n<p><span style=\"color: #800000;\"><strong>19 stycznia SOBOTA<\/strong><\/span><br \/>\n<span style=\"color: #800000;\"><strong>Wspomnienie \u015bw. J\u00f3zefa Sebastiana Pelczara, biskupa&nbsp; &nbsp; Mk 2, 13-17<\/strong><\/span><\/p>\n<p>8:00 \u015ap. Danuta Radziszewska (19 greg)<br \/>\n8:00 Za rodziny z kol\u0119dy<br \/>\n8:00 W intencji ks. Adama Insadowskiego o Bo\u017ce b\u0142ogos\u0142awie\u0144stwo, potrzebne \u0142aski dla niego w pos\u0142udze kap\u0142a\u0144skiej<\/p>\n<p>18:00 Dzi\u0119kczynna z okazji 60 urodzin Barbary z pro\u015bb\u0105 o Bo\u017ce b\u0142ogos\u0142awie\u0144stwo, wszelkie \u0142aski i opiek\u0119 Matki Bo\u017cej dla Jubilatki<\/p>\n<p>&nbsp;<\/p>\n<p><strong><span style=\"color: #008000;\">20 stycznia DRUGA NIEDZIELA ZWYK\u0141A&nbsp; &nbsp; &nbsp; &nbsp; &nbsp; &nbsp; &nbsp; &nbsp; &nbsp; &nbsp; &nbsp; &nbsp; &nbsp; &nbsp; J 2, 1-11<\/span><\/strong><\/p>\n<p>7:00 \u015ap. Danuta Radziszewska (20 greg)<\/p>\n<p>9:00 Dzi\u0119kczynna z okazji 40 urodzin Krzysztofa Brzozowskiego, o Bo\u017ce b\u0142ogos\u0142awie\u0144stwo, opiek\u0119 Matki Bo\u017cej i wszelki \u0142aski<\/p>\n<p>9:00 Dzi\u0119kczynna z okazji 45 urodzin i imienin Agnieszki Malinowskiej, z pro\u015bb\u0105 o Bo\u017ce b\u0142ogos\u0142awie\u0144stwo, opiek\u0119 Matki Bo\u017cej i wszelkie \u0142aski<\/p>\n<p>10:30 \u015ap. dziadk\u00f3w: Hry\u0144, Buczy\u0144skich, Kurowskich i Szyk<\/p>\n<p><strong>12:00 Za parafian<\/strong><\/p>\n<p>15:00 Dzi\u0119kczynna w dniu imienin Sebastiana (m), z pro\u015bb\u0105 o \u0142ask\u0119 nawr\u00f3cenia<\/p>\n<p>18:00 \u015ap. Franciszek Niewi\u0144ski (6 rocz. \u015bm), El\u017cbieta, Piotr, Mariusz<\/p>\n<p>&nbsp;<\/p>\n<p>&nbsp;<\/p>\n<p>&nbsp;<\/p>\n","protected":false},"excerpt":{"rendered":"<p>&nbsp; 14 stycznia PONIEDZIA\u0141EK&nbsp; &nbsp; &nbsp; &nbsp; &nbsp; &nbsp; &nbsp; &nbsp; &nbsp; &nbsp; &nbsp; &nbsp; &nbsp; &nbsp; &nbsp; &nbsp; &nbsp; &nbsp; &nbsp; &nbsp; &nbsp; &nbsp; &nbsp; &nbsp; &nbsp; &nbsp; &nbsp;Mk 1, 14-20 8:00 \u015ap. Danuta Radziszewska (14 greg) 8:00 Za rodziny z kol\u0119dy 8:00 \u015ap. Stanis\u0142aw Palkowski, Antoni Mendalka 18:00 Dzi\u0119kczynna za 3 lata pracy [&hellip;]<\/p>\n","protected":false},"author":1,"featured_media":2526,"comment_status":"closed","ping_status":"closed","sticky":false,"template":"","format":"standard","meta":{"ngg_post_thumbnail":0,"footnotes":""},"categories":[11,8,4],"tags":[],"class_list":["post-3283","post","type-post","status-publish","format-standard","has-post-thumbnail","hentry","category-aktualnosci","category-blog","category-intencje"],"_links":{"self":[{"href":"https:\/\/rafalk-elblag.pl\/index.php?rest_route=\/wp\/v2\/posts\/3283","targetHints":{"allow":["GET"]}}],"collection":[{"href":"https:\/\/rafalk-elblag.pl\/index.php?rest_route=\/wp\/v2\/posts"}],"about":[{"href":"https:\/\/rafalk-elblag.pl\/index.php?rest_route=\/wp\/v2\/types\/post"}],"author":[{"embeddable":true,"href":"https:\/\/rafalk-elblag.pl\/index.php?rest_route=\/wp\/v2\/users\/1"}],"replies":[{"embeddable":true,"href":"https:\/\/rafalk-elblag.pl\/index.php?rest_route=%2Fwp%2Fv2%2Fcomments&post=3283"}],"version-history":[{"count":1,"href":"https:\/\/rafalk-elblag.pl\/index.php?rest_route=\/wp\/v2\/posts\/3283\/revisions"}],"predecessor-version":[{"id":3284,"href":"https:\/\/rafalk-elblag.pl\/index.php?rest_route=\/wp\/v2\/posts\/3283\/revisions\/3284"}],"wp:featuredmedia":[{"embeddable":true,"href":"https:\/\/rafalk-elblag.pl\/index.php?rest_route=\/wp\/v2\/media\/2526"}],"wp:attachment":[{"href":"https:\/\/rafalk-elblag.pl\/index.php?rest_route=%2Fwp%2Fv2%2Fmedia&parent=3283"}],"wp:term":[{"taxonomy":"category","embeddable":true,"href":"https:\/\/rafalk-elblag.pl\/index.php?rest_route=%2Fwp%2Fv2%2Fcategories&post=3283"},{"taxonomy":"post_tag","embeddable":true,"href":"https:\/\/rafalk-elblag.pl\/index.php?rest_route=%2Fwp%2Fv2%2Ftags&post=3283"}],"curies":[{"name":"wp","href":"https:\/\/api.w.org\/{rel}","templated":true}]}}