{"id":3281,"date":"2019-01-14T09:49:47","date_gmt":"2019-01-14T09:49:47","guid":{"rendered":"http:\/\/rafalk-elblag.pl\/?p=3281"},"modified":"2019-01-14T09:49:47","modified_gmt":"2019-01-14T09:49:47","slug":"ogloszenia-parafialne-13-01-2019r-niedziela-chrztu-panskiego","status":"publish","type":"post","link":"https:\/\/rafalk-elblag.pl\/?p=3281","title":{"rendered":"OG\u0141OSZENIA PARAFIALNE 13.01.2019r NIEDZIELA CHRZTU PA\u0143SKIEGO"},"content":{"rendered":"<p><a href=\"http:\/\/rafalk-elblag.pl\/wp-content\/uploads\/2016\/12\/pulpit.jpg\"><img loading=\"lazy\" decoding=\"async\" class=\"alignnone size-large wp-image-2530\" src=\"http:\/\/rafalk-elblag.pl\/wp-content\/uploads\/2016\/12\/pulpit-1024x682.jpg\" alt=\"\" width=\"900\" height=\"599\" srcset=\"https:\/\/rafalk-elblag.pl\/wp-content\/uploads\/2016\/12\/pulpit-1024x682.jpg 1024w, https:\/\/rafalk-elblag.pl\/wp-content\/uploads\/2016\/12\/pulpit-300x200.jpg 300w, https:\/\/rafalk-elblag.pl\/wp-content\/uploads\/2016\/12\/pulpit-768x512.jpg 768w, https:\/\/rafalk-elblag.pl\/wp-content\/uploads\/2016\/12\/pulpit.jpg 1698w\" sizes=\"auto, (max-width: 900px) 100vw, 900px\" \/><\/a><\/p>\n<p>&nbsp;<\/p>\n<p>1. Niedziela Chrztu Pa\u0144skiego ko\u0144czy okres Bo\u017cego Narodzenia, a rozpoczyna si\u0119 Okres Zwyk\u0142y. Trwaj\u0105c w tradycji Ko\u015bcio\u0142a jeszcze do 2 lutego \u015bpiewamy kol\u0119dy.<\/p>\n<p>&nbsp;<\/p>\n<p>2. Trwa Wizyta duszpasterska w parafii (program znajdziemy w biuletynie). Dzi\u0119kujemy za sk\u0142adane przy tej okazji ofiary na kolejne \u0142awki do naszego Ko\u015bcio\u0142a. W trakcie kol\u0119dy codziennie o godz. 8:00 modlimy si\u0119 za rodziny, do kt\u00f3rych udamy si\u0119 z Wizyt\u0105 Duszpastersk\u0105. Tym bardziej zach\u0119camy osoby dysponuj\u0105ce czasem do wsp\u00f3lnej modlitwy.<\/p>\n<p>&nbsp;<\/p>\n<p>3. W tradycji przyj\u0119te jest, \u017ce podczas kol\u0119dy ministranci i lektorzy otrzymuj\u0105 dobrowolne ofiary jako wyraz wdzi\u0119czno\u015bci za pos\u0142ug\u0119 przy O\u0142tarzu Pa\u0144skim. Zebrane ofiary przeznaczone b\u0119d\u0105 na ich wsp\u00f3lny wyjazd. Za okazane dobro dzi\u0119kujemy!<\/p>\n<p>&nbsp;<\/p>\n<p>4. UWAGA!!! Woda po\u015bwi\u0119cona znajduje w specjalnym naczyniu pod ch\u00f3rem. Prosimy tylko o zabranie odpowiedniego<br \/>\npojemnika by nabra\u0107 sobie wod\u0119.<\/p>\n<p>&nbsp;<\/p>\n<p>5. Ka\u017cdy 16 dzie\u0144 miesi\u0105ca to dzie\u0144 spotkania si\u0119 Bractwa Szkaplerznego i Rodziny Szkaplerznej. Zapraszamy 16 stycznia<br \/>\n(\u015broda) wszystkich nale\u017c\u0105cych i pragn\u0105cych w\u0142\u0105czy\u0107 si\u0119 do tej wsp\u00f3lnoty na Msz\u0119 \u015bw. z katechez\u0105 o godz. 18:00.<\/p>\n<p>&nbsp;<\/p>\n<p>6. Od 18 stycznia rozpoczyna si\u0119 w ko\u015bciele TYDZIE\u0143 MODLITW O JEDNO\u015a\u0106 CHRZE\u015aCIJAN. Zach\u0119camy wszystkich<br \/>\ndo wsp\u00f3lnej modlitwy.<\/p>\n<p>&nbsp;<\/p>\n<p>7. Za tydzie\u0144 20 stycznia (niedziela) po wsp\u00f3lnej Mszy \u015bw. o godz. 18:00 odb\u0119dzie si\u0119 spotkanie op\u0142atkowe dla wsp\u00f3lnot<br \/>\nparafialnych: Odnowa w Duchu \u015awi\u0119tym, Wsp\u00f3lnota Krwi Chrystusa, Kr\u0119g Biblijny, Apostolat Margaretka, Apostolat Bo\u017cego Mi\u0142osierdzia, Wolontariuszy Caritas i \u017bywego R\u00f3\u017ca\u0144ca na kt\u00f3re zapraszamy. Przyjd\u017a, czekamy na Ciebie.<\/p>\n<p>&nbsp;<\/p>\n<p>8. Mo\u017cliwo\u015b\u0107 skorzystania z Sakramentu Spowiedzi \u015bw. w trakcie kol\u0119dy jest znacznie ograniczona. Dlatego zach\u0119camy do spowiedzi przed Msz\u0105 \u015bw. od godz.17:30.<\/p>\n<p>&nbsp;<\/p>\n<p>9. PIELGRZYMKA W ROKU 2019 !!! Parafia organizuje samolotow\u0105 pielgrzymk\u0119 do Grecji w dniach 21 \u2013 28 wrze\u015bnia 2019 roku. Zobaczymy takie miejsca jak: Ateny, Korynt, Epidaurus, Ossios Lukas, Saloniki, Veria, Dolina Tembi, Termopile oraz Przyl\u0105dek Sounio z pi\u0119knym widokiem na Morze Egejskie . Koszt 3390 z\u0142. plus 150 euro. Zapisy u ks. Proboszcza do ko\u0144ca<br \/>\nstycznia 2019 r. Wpisowe 1000 z\u0142. Pomy\u015bl i zaplanuj ju\u017c dzi\u015b Tw\u00f3j wyjazd do tak wa\u017cnych i cudownych miejsc.<\/p>\n<p>&nbsp;<\/p>\n<p>10. Zach\u0119camy do zamawiania Mszy \u015aw. dzi\u0119kczynnych (rodzinnych) za miniony rok z pro\u015bb\u0105<br \/>\no dalsz\u0105 opiek\u0119 i Bo\u017ce b\u0142ogos\u0142awie\u0144stwo w Nowym Roku.<\/p>\n<p>&nbsp;<\/p>\n<p>11. Przed ko\u015bcio\u0142em mo\u017cna naby\u0107 pras\u0119 katolick\u0105: \u201eGo\u015b\u0107 Niedzielny\u201d w cenie 5 z\u0142.<\/p>\n<p>&nbsp;<\/p>\n<p>12. Kancelaria Parafialna w trakcie trwania kol\u0119dy czynna tylko w sobot\u0119 od godz. 10.30 do 12.00. Zapraszamy.<\/p>\n<p>&nbsp;<\/p>\n<p>13. Pan powo\u0142a\u0142 do wieczno\u015bci: \u015bp. Boles\u0142awa Malinowskiego lat 53 z ul. Brzechwy. Wieczny odpoczynek racz mu da\u0107 Panie.<\/p>\n<p>&nbsp;<\/p>\n<p>&nbsp;<\/p>\n<p>&nbsp;<\/p>\n","protected":false},"excerpt":{"rendered":"<p>&nbsp; 1. Niedziela Chrztu Pa\u0144skiego ko\u0144czy okres Bo\u017cego Narodzenia, a rozpoczyna si\u0119 Okres Zwyk\u0142y. Trwaj\u0105c w tradycji Ko\u015bcio\u0142a jeszcze do 2 lutego \u015bpiewamy kol\u0119dy. &nbsp; 2. Trwa Wizyta duszpasterska w parafii (program znajdziemy w biuletynie). Dzi\u0119kujemy za sk\u0142adane przy tej okazji ofiary na kolejne \u0142awki do naszego Ko\u015bcio\u0142a. W trakcie kol\u0119dy codziennie o godz. 8:00 [&hellip;]<\/p>\n","protected":false},"author":1,"featured_media":2530,"comment_status":"closed","ping_status":"closed","sticky":false,"template":"","format":"standard","meta":{"ngg_post_thumbnail":0,"footnotes":""},"categories":[11,8,3],"tags":[],"class_list":["post-3281","post","type-post","status-publish","format-standard","has-post-thumbnail","hentry","category-aktualnosci","category-blog","category-ogloszenia"],"_links":{"self":[{"href":"https:\/\/rafalk-elblag.pl\/index.php?rest_route=\/wp\/v2\/posts\/3281","targetHints":{"allow":["GET"]}}],"collection":[{"href":"https:\/\/rafalk-elblag.pl\/index.php?rest_route=\/wp\/v2\/posts"}],"about":[{"href":"https:\/\/rafalk-elblag.pl\/index.php?rest_route=\/wp\/v2\/types\/post"}],"author":[{"embeddable":true,"href":"https:\/\/rafalk-elblag.pl\/index.php?rest_route=\/wp\/v2\/users\/1"}],"replies":[{"embeddable":true,"href":"https:\/\/rafalk-elblag.pl\/index.php?rest_route=%2Fwp%2Fv2%2Fcomments&post=3281"}],"version-history":[{"count":1,"href":"https:\/\/rafalk-elblag.pl\/index.php?rest_route=\/wp\/v2\/posts\/3281\/revisions"}],"predecessor-version":[{"id":3282,"href":"https:\/\/rafalk-elblag.pl\/index.php?rest_route=\/wp\/v2\/posts\/3281\/revisions\/3282"}],"wp:featuredmedia":[{"embeddable":true,"href":"https:\/\/rafalk-elblag.pl\/index.php?rest_route=\/wp\/v2\/media\/2530"}],"wp:attachment":[{"href":"https:\/\/rafalk-elblag.pl\/index.php?rest_route=%2Fwp%2Fv2%2Fmedia&parent=3281"}],"wp:term":[{"taxonomy":"category","embeddable":true,"href":"https:\/\/rafalk-elblag.pl\/index.php?rest_route=%2Fwp%2Fv2%2Fcategories&post=3281"},{"taxonomy":"post_tag","embeddable":true,"href":"https:\/\/rafalk-elblag.pl\/index.php?rest_route=%2Fwp%2Fv2%2Ftags&post=3281"}],"curies":[{"name":"wp","href":"https:\/\/api.w.org\/{rel}","templated":true}]}}