{"id":3273,"date":"2019-01-07T08:19:33","date_gmt":"2019-01-07T08:19:33","guid":{"rendered":"http:\/\/rafalk-elblag.pl\/?p=3273"},"modified":"2019-01-07T08:20:42","modified_gmt":"2019-01-07T08:20:42","slug":"intencje-mszalne-7-13-01-2019","status":"publish","type":"post","link":"https:\/\/rafalk-elblag.pl\/?p=3273","title":{"rendered":"INTENCJE MSZALNE (7 &#8211; 13.01.2019)"},"content":{"rendered":"<p><a href=\"http:\/\/rafalk-elblag.pl\/wp-content\/uploads\/2016\/12\/shutterstock_49643152-1000.jpg\"><img loading=\"lazy\" decoding=\"async\" class=\"alignnone size-full wp-image-2526\" src=\"http:\/\/rafalk-elblag.pl\/wp-content\/uploads\/2016\/12\/shutterstock_49643152-1000.jpg\" alt=\"\" width=\"1000\" height=\"665\" srcset=\"https:\/\/rafalk-elblag.pl\/wp-content\/uploads\/2016\/12\/shutterstock_49643152-1000.jpg 1000w, https:\/\/rafalk-elblag.pl\/wp-content\/uploads\/2016\/12\/shutterstock_49643152-1000-300x200.jpg 300w, https:\/\/rafalk-elblag.pl\/wp-content\/uploads\/2016\/12\/shutterstock_49643152-1000-768x511.jpg 768w\" sizes=\"auto, (max-width: 1000px) 100vw, 1000px\" \/><\/a><\/p>\n<p>&nbsp;<\/p>\n<p><span style=\"color: #ff6600;\"><strong>7 stycznia PONIEDZIA\u0141EK&nbsp; &nbsp; &nbsp; &nbsp; &nbsp; &nbsp; &nbsp; &nbsp; &nbsp; &nbsp; &nbsp; &nbsp; J 1, 1-18<\/strong><\/span><br \/>\n8:00 \u015ap. Danuta Radziszewska (7 greg)<br \/>\n8:00 Za rodziny z kol\u0119dy<br \/>\n8:00 O Bo\u017ce b\u0142ogos\u0142awie\u0144stwo i potrzebne \u0142aski dla Anny oczekuj\u0105cej potomstwa i opiek\u0119 Matki Bo\u017cej<\/p>\n<p>&nbsp;<\/p>\n<p>18:00 \u015ap. Pawe\u0142 Ejsymont (30 dz.p.p)<\/p>\n<p>&nbsp;<\/p>\n<p><span style=\"color: #ff6600;\"><strong>8 stycznia WTOREK&nbsp; &nbsp; &nbsp; &nbsp; &nbsp; &nbsp; &nbsp; &nbsp; &nbsp; &nbsp; &nbsp; &nbsp; &nbsp; &nbsp; &nbsp; &nbsp; &nbsp; &nbsp; &nbsp; Mt 18, 12-14<\/strong><\/span><br \/>\n8:00 \u015ap. Danuta Radziszewska (8 greg)<br \/>\n8:00 Za rodziny z kol\u0119dy<br \/>\n8:00 Intencja wolna<\/p>\n<p>&nbsp;<\/p>\n<p>18:00 \u015ap. Henryk Wutkowski (6 miesi\u0105c po \u015bmierci)<\/p>\n<p>&nbsp;<\/p>\n<p><span style=\"color: #ff6600;\"><strong>9 stycznia \u015aRODA&nbsp; &nbsp; &nbsp; &nbsp; &nbsp; &nbsp; &nbsp; &nbsp; &nbsp; &nbsp; &nbsp; &nbsp; &nbsp; &nbsp; &nbsp; &nbsp; &nbsp; &nbsp; &nbsp; &nbsp; &nbsp; Mt 11, 28-30<\/strong><\/span><br \/>\n8:00 \u015ap. Danuta Radziszewska (9 greg)<br \/>\n8:00 Za rodziny z kol\u0119dy<br \/>\n8:00 Intencja wolna<\/p>\n<p>&nbsp;<\/p>\n<p>17:30 Nabo\u017ce\u0144stwo ku czci Matki Bo\u017cej Nieustaj\u0105cej Pomocy<br \/>\n18:00 \u015ap. Stefania Petrykowska (1 rocz. \u015bm), Maksymilian<\/p>\n<p>&nbsp;<\/p>\n<p><span style=\"color: #ff6600;\"><strong>10 stycznia CZWARTEK&nbsp; &nbsp; &nbsp; &nbsp; &nbsp; &nbsp; &nbsp; &nbsp; &nbsp; &nbsp; &nbsp; &nbsp; &nbsp; &nbsp; &nbsp; &nbsp; Mt 11, 11-15<\/strong><\/span><br \/>\n8:00 \u015ap. Danuta Radziszewska (10 greg)<br \/>\n8:00 Za rodziny z kol\u0119dy<br \/>\n8:00 O Bo\u017ce b\u0142ogos\u0142awie\u0144stwo, otwarto\u015b\u0107 i si\u0142\u0119 we wprowadzeniu w \u017cycie wszelkich \u0142ask dla Nikodema i jego rodziny, Agnieszki i ca\u0142ej rodziny zakonnej oraz Magdaleny i Macieja<\/p>\n<p>&nbsp;<\/p>\n<p>18:00 \u015ap. Czes\u0142awa (25 rocz. \u015bm) i J\u00f3zef (30 rocz. \u015bm) Gibas<\/p>\n<p>&nbsp;<\/p>\n<p><span style=\"color: #ff6600;\"><strong>11 stycznia PI\u0104TEK&nbsp; &nbsp; &nbsp; &nbsp; &nbsp; &nbsp; &nbsp; &nbsp; &nbsp; &nbsp; &nbsp; &nbsp; &nbsp; &nbsp; &nbsp; &nbsp; &nbsp; &nbsp; &nbsp; &nbsp;Mt 11, 16-19<\/strong><\/span><br \/>\n8:00 \u015ap. Danuta Radziszewska (11 greg)<br \/>\n8:00 Za rodziny z kol\u0119dy<br \/>\n8:00 Dzi\u0119kczynna za 60 lat Ireny Brz\u00f3zka z pro\u015bb\u0105 o zdrowie, Bo\u017ce b\u0142ogos\u0142awie\u0144stwo i opiek\u0119 Matki Bo\u017cej<\/p>\n<p>&nbsp;<\/p>\n<p>18:00 \u015ap. Krzysztof Zgliczy\u0144ski (3 miesi\u0105c po \u015bmierci)<\/p>\n<p>&nbsp;<\/p>\n<p><span style=\"color: #ff6600;\"><strong>12 stycznia SOBOTA&nbsp; &nbsp; &nbsp; &nbsp; &nbsp; &nbsp; &nbsp; &nbsp; &nbsp; &nbsp; &nbsp; &nbsp; &nbsp; &nbsp; &nbsp; &nbsp; &nbsp; &nbsp; &nbsp; &nbsp;Mt 17, 10-13<\/strong><\/span><\/p>\n<p>8:00 \u015ap. Danuta Radziszewska (12 greg)<br \/>\n8:00 Za rodziny z kol\u0119dy<br \/>\n8:00 O Bo\u017ce b\u0142ogos\u0142awi\u0144stwo, dary Ducha \u015bw. i opiek\u0119 Matki Bo\u017cej dla ks. Arkadiusza Grabowskiego z okazji imienin &#8211; intencja od margaretki<\/p>\n<p>&nbsp;<\/p>\n<p>18:00 \u015ap. Jerzy Rutkowski (26 rocz. \u015bm), Adam Rutkowski i zmar\u0142ych z rodzin: Byzdr\u00f3w i Rutkowskich<\/p>\n<p>&nbsp;<\/p>\n<p><span style=\"color: #993300;\"><strong>13 stycznia NIEDZIELA CHRZTU PA\u0143SKIEGO&nbsp; &nbsp; &nbsp; &nbsp; &nbsp; &nbsp; &nbsp; &nbsp; &nbsp; &nbsp; &nbsp; &nbsp; &nbsp;\u0141k 3, 10-18<\/strong><\/span><\/p>\n<p>7:00 \u015ap. Danuta Radziszewska (13 greg)<\/p>\n<p>9:00 \u015ap. Jadwiga i Teofil oraz zmarli rodzice z obojga stron<br \/>\n9:00 \u015ap. Ks. Tomasz Browarek (1 rocz. \u015bm)<\/p>\n<p>10:30 \u015ap. Iwona Kobrzeniecka<\/p>\n<p>12:00 Za parafian (chrzty)<\/p>\n<p>15:00 Dzi\u0119kczynna z okazji urodzin Boles\u0142awa (m) z pro\u015bb\u0105 o Bo\u017ce b\u0142ogos\u0142awie\u0144stwo, \u0142ask\u0119 uzdrowienia i opiek\u0119 Matki Bo\u017cej na ka\u017cdy dzie\u0144<\/p>\n<p>18:00&nbsp;Dzi\u0119kczynna z okazji 18 urodzin Przemys\u0142awa Or\u0142owskiego z pro\u015bb\u0105 o Bo\u017ce b\u0142ogos\u0142awie\u0144stwo i dary Ducha \u015awi\u0119tego potrzebne w doros\u0142ym \u017cyciu<\/p>\n<p>&nbsp;<\/p>\n<p>&nbsp;<\/p>\n<p>&nbsp;<\/p>\n","protected":false},"excerpt":{"rendered":"<p>&nbsp; 7 stycznia PONIEDZIA\u0141EK&nbsp; &nbsp; &nbsp; &nbsp; &nbsp; &nbsp; &nbsp; &nbsp; &nbsp; &nbsp; &nbsp; &nbsp; J 1, 1-18 8:00 \u015ap. Danuta Radziszewska (7 greg) 8:00 Za rodziny z kol\u0119dy 8:00 O Bo\u017ce b\u0142ogos\u0142awie\u0144stwo i potrzebne \u0142aski dla Anny oczekuj\u0105cej potomstwa i opiek\u0119 Matki Bo\u017cej &nbsp; 18:00 \u015ap. Pawe\u0142 Ejsymont (30 dz.p.p) &nbsp; 8 stycznia WTOREK&nbsp; [&hellip;]<\/p>\n","protected":false},"author":1,"featured_media":2526,"comment_status":"closed","ping_status":"closed","sticky":false,"template":"","format":"standard","meta":{"ngg_post_thumbnail":0,"footnotes":""},"categories":[11,8,4],"tags":[],"class_list":["post-3273","post","type-post","status-publish","format-standard","has-post-thumbnail","hentry","category-aktualnosci","category-blog","category-intencje"],"_links":{"self":[{"href":"https:\/\/rafalk-elblag.pl\/index.php?rest_route=\/wp\/v2\/posts\/3273","targetHints":{"allow":["GET"]}}],"collection":[{"href":"https:\/\/rafalk-elblag.pl\/index.php?rest_route=\/wp\/v2\/posts"}],"about":[{"href":"https:\/\/rafalk-elblag.pl\/index.php?rest_route=\/wp\/v2\/types\/post"}],"author":[{"embeddable":true,"href":"https:\/\/rafalk-elblag.pl\/index.php?rest_route=\/wp\/v2\/users\/1"}],"replies":[{"embeddable":true,"href":"https:\/\/rafalk-elblag.pl\/index.php?rest_route=%2Fwp%2Fv2%2Fcomments&post=3273"}],"version-history":[{"count":3,"href":"https:\/\/rafalk-elblag.pl\/index.php?rest_route=\/wp\/v2\/posts\/3273\/revisions"}],"predecessor-version":[{"id":3276,"href":"https:\/\/rafalk-elblag.pl\/index.php?rest_route=\/wp\/v2\/posts\/3273\/revisions\/3276"}],"wp:featuredmedia":[{"embeddable":true,"href":"https:\/\/rafalk-elblag.pl\/index.php?rest_route=\/wp\/v2\/media\/2526"}],"wp:attachment":[{"href":"https:\/\/rafalk-elblag.pl\/index.php?rest_route=%2Fwp%2Fv2%2Fmedia&parent=3273"}],"wp:term":[{"taxonomy":"category","embeddable":true,"href":"https:\/\/rafalk-elblag.pl\/index.php?rest_route=%2Fwp%2Fv2%2Fcategories&post=3273"},{"taxonomy":"post_tag","embeddable":true,"href":"https:\/\/rafalk-elblag.pl\/index.php?rest_route=%2Fwp%2Fv2%2Ftags&post=3273"}],"curies":[{"name":"wp","href":"https:\/\/api.w.org\/{rel}","templated":true}]}}